{"id":2011,"date":"2019-04-01T07:25:41","date_gmt":"2019-04-01T07:25:41","guid":{"rendered":"http:\/\/hestiafundacion.org\/?p=2011"},"modified":"2019-04-17T07:51:25","modified_gmt":"2019-04-17T07:51:25","slug":"oberta-la-convocatoria-dels-premis-hestia-2019","status":"publish","type":"post","link":"http:\/\/hestiafundacion.org\/ca\/oberta-la-convocatoria-dels-premis-hestia-2019\/","title":{"rendered":"Oberta la convocat\u00f2ria dels Premis Hestia 2019 a l&#8217;Excel\u00b7l\u00e8ncia en Recerca Sociosanit\u00e0ria i en Salut Mental"},"content":{"rendered":"<p>Per segon any consecutiu, la <strong>C\u00e0tedra Hestia en Atenci\u00f3 Integrada Social i Sanit\u00e0ria\u00a0<\/strong>convoca els\u00a0<strong>Premis Hestia 2019<\/strong>. L&#8217;objectiu de la convocat\u00f2ria \u00e9s recon\u00e8ixer les millors <strong>iniciatives en el camp de la recerca en l&#8217;\u00e0mbit sociosanitari o de la salut mental\u00a0<\/strong>durant el per\u00edode 2017-2018, l&#8217;objectiu de les quals hagi estat <strong>millorar l&#8217;atenci\u00f3 als pacients cr\u00f2nics complexos amb alta vulnerabilitat social.<\/strong><\/p>\n<p>Els guardons estableixen <strong>tres categories<\/strong>, a les quals es pot optar de forma individual o formant part d&#8217;un equip:<\/p>\n<p>La primera d&#8217;elles \u00e9s la de <strong>Millor projecte realitzat o treball publicat\u00a0<\/strong>i est\u00e0 dotada amb 1.500 euros i un acc\u00e8ssit de 500 euros, podent-se presentar projectes ja finalitzats, i valorar\u00e1ndose positivament aquells que constin amb resultats i \/ o publicacions aix\u00ed com articles cient\u00edfics publicats o tesis doctorals defensades sobre el tema.<\/p>\n<p>La segona categoria \u00e9s la de <strong>Millor comunicaci\u00f3 presentada en un congr\u00e9s\u00a0<\/strong>i poden optar comunicacions en angl\u00e8s, castell\u00e0 o catal\u00e0 que s&#8217;hagin presentat en congressos nacionals o internacionals, tant en format de p\u00f2ster com de presentaci\u00f3 oral. Est\u00e0 dotada amb 600 euros.<\/p>\n<p>Finalment, es premiar\u00e0 el <strong>Millor treball de fi de grau o m\u00e0ster\u00a0<\/strong>amb 400 euros, podent conc\u00f3rrer treballs presentats en els cursos 2016-2017 o 2017-2018 per estudiants de grau o de m\u00e0ster de qualsevol disciplina relacionada amb el tema de la convocat\u00f2ria.<\/p>\n<p>Pots consultar les bases en aquest <a href=\"http:\/\/www.hestiaalliance.org\/wp-content\/uploads\/2019\/03\/Bases-Premios-Hestia-2019-ES-2.pdf\">enlla\u00e7<\/a> i enviar la teva proposta per <strong>optar a aquests guardons fins al 30 d&#8217;abril\u00a0<\/strong>a trav\u00e9s d&#8217;aquest <a href=\"https:\/\/docs.google.com\/forms\/d\/e\/1FAIpQLSeQ1PmESYE7ldMjgOfDCa4Gdw4VN3ZewgjpZ_8YIaaGhtm3fQ\/viewform\">formulari<\/a>. I si vols m\u00e9s informaci\u00f3, envia un correu electr\u00f2nic a hestia@uic.es.<\/p>\n<p><strong>Premios Hestia 2018<\/strong><\/p>\n<p>Una aplicaci\u00f3\u00a0per assistir a pacients amb trastorn bipolar i dues iniciatives per gent gran fr\u00e0gil van guanyar els <a href=\"http:\/\/www.hestiaalliance.org\/una-app-para-asistir-a-pacientes-con-trastorno-bipolar-y-dos-iniciativas-relacionadas-el-cuidado-de-adultos-fragiles-ganan-los-premios-hestia-2018\/\">Premis Hestia 2018<\/a>, en una primera edici\u00f3 a la que van conc\u00f3rrer projectes de gaireb\u00e9 70 institucions europees.<\/p>\n","protected":false},"excerpt":{"rendered":"<p>Per segon any consecutiu, la C\u00e0tedra Hestia en Atenci\u00f3 Integrada Social i Sanit\u00e0ria\u00a0convoca els\u00a0Premis Hestia 2019. L&#8217;objectiu de la convocat\u00f2ria \u00e9s recon\u00e8ixer les millors iniciatives en el camp de la recerca en l&#8217;\u00e0mbit sociosanitari o de la salut mental\u00a0durant el per\u00edode 2017-2018, l&#8217;objectiu de les&#8230;<\/p>\n","protected":false},"author":3,"featured_media":2006,"comment_status":"open","ping_status":"open","sticky":false,"template":"","format":"standard","meta":[],"categories":[5],"tags":[],"_links":{"self":[{"href":"http:\/\/hestiafundacion.org\/ca\/wp-json\/wp\/v2\/posts\/2011\/"}],"collection":[{"href":"http:\/\/hestiafundacion.org\/ca\/wp-json\/wp\/v2\/posts\/"}],"about":[{"href":"http:\/\/hestiafundacion.org\/ca\/wp-json\/wp\/v2\/types\/post\/"}],"author":[{"embeddable":true,"href":"http:\/\/hestiafundacion.org\/ca\/wp-json\/wp\/v2\/users\/3\/"}],"replies":[{"embeddable":true,"href":"http:\/\/hestiafundacion.org\/ca\/wp-json\/wp\/v2\/comments\/?post=2011"}],"version-history":[{"count":7,"href":"http:\/\/hestiafundacion.org\/ca\/wp-json\/wp\/v2\/posts\/2011\/revisions\/"}],"predecessor-version":[{"id":2022,"href":"http:\/\/hestiafundacion.org\/ca\/wp-json\/wp\/v2\/posts\/2011\/revisions\/2022\/"}],"wp:featuredmedia":[{"embeddable":true,"href":"http:\/\/hestiafundacion.org\/ca\/wp-json\/wp\/v2\/media\/2006\/"}],"wp:attachment":[{"href":"http:\/\/hestiafundacion.org\/ca\/wp-json\/wp\/v2\/media\/?parent=2011"}],"wp:term":[{"taxonomy":"category","embeddable":true,"href":"http:\/\/hestiafundacion.org\/ca\/wp-json\/wp\/v2\/categories\/?post=2011"},{"taxonomy":"post_tag","embeddable":true,"href":"http:\/\/hestiafundacion.org\/ca\/wp-json\/wp\/v2\/tags\/?post=2011"}],"curies":[{"name":"wp","href":"https:\/\/api.w.org\/{rel}","templated":true}]}}