{"id":2046,"date":"2019-04-17T07:20:34","date_gmt":"2019-04-17T07:20:34","guid":{"rendered":"http:\/\/hestiafundacion.org\/?p=2046"},"modified":"2019-07-23T09:11:58","modified_gmt":"2019-07-23T09:11:58","slug":"manuel-cid-no-sens-ha-de-tractar-com-a-malats-mentals-sino-com-a-persones-que-tenim-una-altra-manera-de-veure-les-coses","status":"publish","type":"post","link":"http:\/\/hestiafundacion.org\/ca\/manuel-cid-no-sens-ha-de-tractar-com-a-malats-mentals-sino-com-a-persones-que-tenim-una-altra-manera-de-veure-les-coses\/","title":{"rendered":"Manuel Cid: &#8220;No se&#8217;ns ha de tractar com a malats mentals sin\u00f3 com a persones que tenim una altra manera de veure les coses&#8221;"},"content":{"rendered":"<p><a href=\"https:\/\/youtu.be\/uhEIi0infIg\">Quart episodi<\/a> de la <strong>s\u00e8rie d&#8217;entrevistes #Matealestigma<\/strong>. <strong>Manuel Cid,<\/strong> un jove de Es Castell, Menorca, \u00e9s l&#8217;encarregat d&#8217;un dels <em>c\u00f3rners<\/em> del Pavell\u00f3 Bintaufa. Arran de la col\u00b7laboraci\u00f3 de la <strong>Fundaci\u00f3 Hestia<\/strong>, patrocinador principal de l&#8217;<strong>Hestia Menorca<\/strong>, i de la Fundaci\u00f3 per a Persones amb Discapacitats de Menorca, Cid va subscriure un <strong>contracte d&#8217;inserci\u00f3 laboral.<\/strong><\/p>\n<p>Cada partit que <strong>Hestia Menorca<\/strong> juga a casa, all\u00ed est\u00e0 Manuel, amb el seu millor somriure, el que transmet les seves conviccions sobre la diversitat mental i la confian\u00e7a en que projectes com el <strong>#Matealestigma<\/strong> de la <strong>Fundaci\u00f3 Hestia<\/strong> sigui capacitat de donar visibilitat a aquesta diversitat.<\/p>\n<p>&#8220;Cada un t\u00e9 una <strong>percepci\u00f3 de la realitat diferent<\/strong>, no cal tractar-nos com si fossin, si f\u00f3ssim, malalts mentals sin\u00f3 com a persones normals que tenim una altra manera de veure les coses&#8221;, sost\u00e9 Cid.<\/p>\n<p>Com Cid, <a href=\"http:\/\/hestiafundacion.org\/ca\/martin-mendez-beneficiari-del-projecte-matealestigma-la-malaltia-va-afectar-me-a-mi-i-a-les-persones-properes-anar-al-basquet-te-un-punt-terapeutic-perque-ho-fem-tots-plegats\/\">Mart\u00edn M\u00e9ndez,<\/a> beneficiari del projecte tamb\u00e9 ha volgut donar el seu testimoni.<\/p>\n","protected":false},"excerpt":{"rendered":"<p>Quart episodi de la s\u00e8rie d&#8217;entrevistes #Matealestigma. Manuel Cid, un jove de Es Castell, Menorca, \u00e9s l&#8217;encarregat d&#8217;un dels c\u00f3rners del Pavell\u00f3 Bintaufa. Arran de la col\u00b7laboraci\u00f3 de la Fundaci\u00f3 Hestia, patrocinador principal de l&#8217;Hestia Menorca, i de la Fundaci\u00f3 per a Persones amb Discapacitats&#8230;<\/p>\n","protected":false},"author":3,"featured_media":2086,"comment_status":"open","ping_status":"open","sticky":false,"template":"","format":"standard","meta":[],"categories":[32,129,30],"tags":[],"_links":{"self":[{"href":"http:\/\/hestiafundacion.org\/ca\/wp-json\/wp\/v2\/posts\/2046\/"}],"collection":[{"href":"http:\/\/hestiafundacion.org\/ca\/wp-json\/wp\/v2\/posts\/"}],"about":[{"href":"http:\/\/hestiafundacion.org\/ca\/wp-json\/wp\/v2\/types\/post\/"}],"author":[{"embeddable":true,"href":"http:\/\/hestiafundacion.org\/ca\/wp-json\/wp\/v2\/users\/3\/"}],"replies":[{"embeddable":true,"href":"http:\/\/hestiafundacion.org\/ca\/wp-json\/wp\/v2\/comments\/?post=2046"}],"version-history":[{"count":6,"href":"http:\/\/hestiafundacion.org\/ca\/wp-json\/wp\/v2\/posts\/2046\/revisions\/"}],"predecessor-version":[{"id":2480,"href":"http:\/\/hestiafundacion.org\/ca\/wp-json\/wp\/v2\/posts\/2046\/revisions\/2480\/"}],"wp:featuredmedia":[{"embeddable":true,"href":"http:\/\/hestiafundacion.org\/ca\/wp-json\/wp\/v2\/media\/2086\/"}],"wp:attachment":[{"href":"http:\/\/hestiafundacion.org\/ca\/wp-json\/wp\/v2\/media\/?parent=2046"}],"wp:term":[{"taxonomy":"category","embeddable":true,"href":"http:\/\/hestiafundacion.org\/ca\/wp-json\/wp\/v2\/categories\/?post=2046"},{"taxonomy":"post_tag","embeddable":true,"href":"http:\/\/hestiafundacion.org\/ca\/wp-json\/wp\/v2\/tags\/?post=2046"}],"curies":[{"name":"wp","href":"https:\/\/api.w.org\/{rel}","templated":true}]}}