{"id":2049,"date":"2019-04-03T08:34:24","date_gmt":"2019-04-03T08:34:24","guid":{"rendered":"http:\/\/hestiafundacion.org\/?p=2049"},"modified":"2019-07-23T09:09:48","modified_gmt":"2019-07-23T09:09:48","slug":"martin-mendez-beneficiari-del-projecte-matealestigma-la-malaltia-va-afectar-me-a-mi-i-a-les-persones-properes-anar-al-basquet-te-un-punt-terapeutic-perque-ho-fem-tots-plegats","status":"publish","type":"post","link":"http:\/\/hestiafundacion.org\/ca\/martin-mendez-beneficiari-del-projecte-matealestigma-la-malaltia-va-afectar-me-a-mi-i-a-les-persones-properes-anar-al-basquet-te-un-punt-terapeutic-perque-ho-fem-tots-plegats\/","title":{"rendered":"Mart\u00edn M\u00e9ndez, beneficiari del projecte #Matealestigma: &#8220;La malaltia va afectar-me a mi i a les persones properes; anar al b\u00e0squet t\u00e9 un punt terap\u00e8utic perqu\u00e8 ho fem tots plegats&#8221;"},"content":{"rendered":"<p>Va ser el primer a interessar-se en la possibilitat d&#8217;acudir als partits de l&#8217;<strong>Hestia Menorc<\/strong>a arran del patrocini de la <strong>Fundaci\u00f3 Hestia\u00a0<\/strong>i des que va comen\u00e7ar la temporada no s&#8217;ha perdut ni un partit. <strong>Mart\u00edn M\u00e9ndez\u00a0<\/strong>\u00e9s un dels beneficiaris del projecte #Matealestigma i no dubta a recon\u00e8ixer en la <strong><a href=\"https:\/\/youtu.be\/-jp49nbyPak\">seva entrevista<\/a> <\/strong>que aquesta possibilitat d&#8217;oci ha estat &#8220;una de les millors coses que m&#8217;ha passat aquest any&#8221;.<\/p>\n<p><strong>Tercera entrevista #Matealestigma<\/strong><\/p>\n<p>La de <strong>Mart\u00edn M\u00e9ndez\u00a0<\/strong>\u00e9s la tercera de les <strong>entrevistes #Matealestigma<\/strong>, una de les accions que vertebren el <strong>projecte de sensibilitzaci\u00f3 de la Fundaci\u00f3 Hestia\u00a0<\/strong>que pret\u00e9n promocionar l&#8217;activitat f\u00edsica com a instrument de <strong>millora de la salut mental<\/strong>, afavorir la <strong>integraci\u00f3 social\u00a0<\/strong>dels col\u00b7lectius amb malaltia mental greu, i <strong>visibilitzar la malaltia mental i lluitar contra l&#8217;estigma\u00a0<\/strong>que comporta.<\/p>\n<p>La s\u00e8rie es completa fins el moment amb les entrevistes a Quim Salvans, i <a href=\"http:\/\/www.hestiaalliance.org\/87x7jncv\">Duby Okeke, <\/a>jugadors de l&#8217;<strong>Hestia Menorca<\/strong>, equip del qual la <strong>Fundaci\u00f3 Hestia\u00a0<\/strong>\u00e9s el patrocinador principal. A m\u00e9s a m\u00e9s, <a href=\"http:\/\/hestiafundacion.org\/ca\/manuel-cid-no-sens-ha-de-tractar-com-a-malats-mentals-sino-com-a-persones-que-tenim-una-altra-manera-de-veure-les-coses\/\">Manu Cid<\/a>, altre beneficiari del projecte ha volgut tamb\u00e9 donar el seu testimoni.<\/p>\n<p>La <strong>Fundaci\u00f3 Hestia<\/strong> ha promocionat el seu projecte a tots els partits de la LEB Plata de B\u00e0squet. Ha impartint confer\u00e8ncies a diferents indrets del territori nacional destacant la import\u00e0ncia de la pr\u00e0ctica esportiva en la salut emocional i recol\u00e7ant la normalitzaci\u00f3 de la malaltia mental.<\/p>\n","protected":false},"excerpt":{"rendered":"<p>Va ser el primer a interessar-se en la possibilitat d&#8217;acudir als partits de l&#8217;Hestia Menorca arran del patrocini de la Fundaci\u00f3 Hestia\u00a0i des que va comen\u00e7ar la temporada no s&#8217;ha perdut ni un partit. Mart\u00edn M\u00e9ndez\u00a0\u00e9s un dels beneficiaris del projecte #Matealestigma i no dubta&#8230;<\/p>\n","protected":false},"author":3,"featured_media":2107,"comment_status":"open","ping_status":"open","sticky":false,"template":"","format":"standard","meta":[],"categories":[32,30],"tags":[],"_links":{"self":[{"href":"http:\/\/hestiafundacion.org\/ca\/wp-json\/wp\/v2\/posts\/2049\/"}],"collection":[{"href":"http:\/\/hestiafundacion.org\/ca\/wp-json\/wp\/v2\/posts\/"}],"about":[{"href":"http:\/\/hestiafundacion.org\/ca\/wp-json\/wp\/v2\/types\/post\/"}],"author":[{"embeddable":true,"href":"http:\/\/hestiafundacion.org\/ca\/wp-json\/wp\/v2\/users\/3\/"}],"replies":[{"embeddable":true,"href":"http:\/\/hestiafundacion.org\/ca\/wp-json\/wp\/v2\/comments\/?post=2049"}],"version-history":[{"count":8,"href":"http:\/\/hestiafundacion.org\/ca\/wp-json\/wp\/v2\/posts\/2049\/revisions\/"}],"predecessor-version":[{"id":2483,"href":"http:\/\/hestiafundacion.org\/ca\/wp-json\/wp\/v2\/posts\/2049\/revisions\/2483\/"}],"wp:featuredmedia":[{"embeddable":true,"href":"http:\/\/hestiafundacion.org\/ca\/wp-json\/wp\/v2\/media\/2107\/"}],"wp:attachment":[{"href":"http:\/\/hestiafundacion.org\/ca\/wp-json\/wp\/v2\/media\/?parent=2049"}],"wp:term":[{"taxonomy":"category","embeddable":true,"href":"http:\/\/hestiafundacion.org\/ca\/wp-json\/wp\/v2\/categories\/?post=2049"},{"taxonomy":"post_tag","embeddable":true,"href":"http:\/\/hestiafundacion.org\/ca\/wp-json\/wp\/v2\/tags\/?post=2049"}],"curies":[{"name":"wp","href":"https:\/\/api.w.org\/{rel}","templated":true}]}}