{"id":2057,"date":"2019-03-15T08:17:40","date_gmt":"2019-03-15T08:17:40","guid":{"rendered":"http:\/\/hestiafundacion.org\/?p=2057"},"modified":"2019-07-23T09:04:50","modified_gmt":"2019-07-23T09:04:50","slug":"duby-okeke-no-importa-si-ets-deportista-professional-quants-diners-tens-o-el-que-saps-tenim-els-mateixos-problemes-de-salut-mental-que-qui-no-practica-un-esport-i-hem-de-tractar-los","status":"publish","type":"post","link":"http:\/\/hestiafundacion.org\/ca\/duby-okeke-no-importa-si-ets-deportista-professional-quants-diners-tens-o-el-que-saps-tenim-els-mateixos-problemes-de-salut-mental-que-qui-no-practica-un-esport-i-hem-de-tractar-los\/","title":{"rendered":"Duby Okeke: \u201cNo importa si ets deportista professional, quants diners tens o el que saps; tenim els mateixos problemes de salut mental que qui no practica un esport i hem de tractar-los&#8221;"},"content":{"rendered":"<p>Vols saber qu\u00e8 pensa Duby Okeke sobre la relaci\u00f3 entre activitat f\u00edsica i salut mental o l&#8217;impacte dels trastorns mentals en el m\u00f3n de l&#8217;esport?<strong>\u00a0 Okeke<\/strong>, pivot nigeri\u00e0 de l&#8217;<strong>Hestia Menorca<\/strong>, \u00e9s el protagonista de la <strong><a href=\"https:\/\/youtu.be\/kXflnadoV24\">segona entrevista<\/a> <\/strong>#Matealestigma amb les quals la <strong>Fundaci\u00f3 Hestia\u00a0<\/strong>pret\u00e9n donar difusi\u00f3 al seu <strong>projecte de sensibilitzaci\u00f3 sobre la salut mental<\/strong>.<\/p>\n<p><strong>#Matealestigma<\/strong><\/p>\n<p>El projecte #MatealEstigma de la <strong>Fundaci\u00f3 Hestia\u00a0<\/strong>pret\u00e9n promocionar l&#8217;activitat f\u00edsica com a instrument de millora de la salut mental, afavorir la integraci\u00f3 social dels col\u00b7lectius amb malaltia mental greu, i visibilitzar la malaltia mental i lluitar contra l&#8217;estigma que comporta.<\/p>\n<p>Les entrevistes #Matealestigma s\u00f3n una de les accions que vertebren aquest projecte de sensibilitzaci\u00f3. La s\u00e8rie es va iniciar amb la de <a href=\"http:\/\/www.hestiaalliance.org\/quim-salvans-igual-que-con-una-lesion-un-problema-mental-se-debe-tratar-con-la-maxima-normalidad-posible\/\">Quim Salvans,<\/a>tamb\u00e9 jugador d&#8217;<strong>Hestia Menorca<\/strong>, equip del qual la <strong>Fundaci\u00f3 Hestia\u00a0<\/strong>\u00e9s el patrocinador principal, una de les altres de les accions de l&#8217;esmentat projecte.<\/p>\n<p>En el marc del mateix, s&#8217;est\u00e0 promocionant l&#8217;<strong>assist\u00e8ncia a partits de LEB Plata\u00a0<\/strong>de persones amb malaltia o trastorn mental i la seva incorporaci\u00f3 com a voluntaris, la realitzaci\u00f3 de <strong>xerrades sobre activitat f\u00edsica i salut mental\u00a0<\/strong>a c\u00e0rrec d&#8217;Oriol Incarbone, psic\u00f2leg esportiu de la <strong>Fundaci\u00f3 Hestia<\/strong>, o la difusi\u00f3 de continguts relacionats en mitjans i xarxes socials.<\/p>\n","protected":false},"excerpt":{"rendered":"<p>Vols saber qu\u00e8 pensa Duby Okeke sobre la relaci\u00f3 entre activitat f\u00edsica i salut mental o l&#8217;impacte dels trastorns mentals en el m\u00f3n de l&#8217;esport?\u00a0 Okeke, pivot nigeri\u00e0 de l&#8217;Hestia Menorca, \u00e9s el protagonista de la segona entrevista #Matealestigma amb les quals la Fundaci\u00f3 Hestia\u00a0pret\u00e9n&#8230;<\/p>\n","protected":false},"author":3,"featured_media":2100,"comment_status":"open","ping_status":"open","sticky":false,"template":"","format":"standard","meta":[],"categories":[32,30],"tags":[],"_links":{"self":[{"href":"http:\/\/hestiafundacion.org\/ca\/wp-json\/wp\/v2\/posts\/2057\/"}],"collection":[{"href":"http:\/\/hestiafundacion.org\/ca\/wp-json\/wp\/v2\/posts\/"}],"about":[{"href":"http:\/\/hestiafundacion.org\/ca\/wp-json\/wp\/v2\/types\/post\/"}],"author":[{"embeddable":true,"href":"http:\/\/hestiafundacion.org\/ca\/wp-json\/wp\/v2\/users\/3\/"}],"replies":[{"embeddable":true,"href":"http:\/\/hestiafundacion.org\/ca\/wp-json\/wp\/v2\/comments\/?post=2057"}],"version-history":[{"count":5,"href":"http:\/\/hestiafundacion.org\/ca\/wp-json\/wp\/v2\/posts\/2057\/revisions\/"}],"predecessor-version":[{"id":2479,"href":"http:\/\/hestiafundacion.org\/ca\/wp-json\/wp\/v2\/posts\/2057\/revisions\/2479\/"}],"wp:featuredmedia":[{"embeddable":true,"href":"http:\/\/hestiafundacion.org\/ca\/wp-json\/wp\/v2\/media\/2100\/"}],"wp:attachment":[{"href":"http:\/\/hestiafundacion.org\/ca\/wp-json\/wp\/v2\/media\/?parent=2057"}],"wp:term":[{"taxonomy":"category","embeddable":true,"href":"http:\/\/hestiafundacion.org\/ca\/wp-json\/wp\/v2\/categories\/?post=2057"},{"taxonomy":"post_tag","embeddable":true,"href":"http:\/\/hestiafundacion.org\/ca\/wp-json\/wp\/v2\/tags\/?post=2057"}],"curies":[{"name":"wp","href":"https:\/\/api.w.org\/{rel}","templated":true}]}}