{"id":2064,"date":"2019-03-22T07:55:19","date_gmt":"2019-03-22T07:55:19","guid":{"rendered":"http:\/\/hestiafundacion.org\/?p=2064"},"modified":"2019-04-23T13:09:19","modified_gmt":"2019-04-23T13:09:19","slug":"mig-centenar-de-persones-participen-a-vitoria-en-les-xerrades-matealestigma","status":"publish","type":"post","link":"http:\/\/hestiafundacion.org\/ca\/mig-centenar-de-persones-participen-a-vitoria-en-les-xerrades-matealestigma\/","title":{"rendered":"Mig centenar de persones participen a Vitoria en les xerrades #Matealestigma"},"content":{"rendered":"<p>Mig centenar de persones entre usuaris d&#8217;<strong>ASAFES\u00a0<\/strong>(Associaci\u00f3 Alavesa de Familiars i Persones amb Malaltia Mental) i alumnes de l&#8217;IES\u00a0<strong>Ekialdea de Vit\u00f2ria\u00a0<\/strong>han participat el dijous 21 de mar\u00e7 en les xerrades &#8220;Matealestigma: En joc per la salut mental&#8221;, que ha ofert Oriol Incarbone, psic\u00f2leg esportiu de la\u00a0<strong>Fundaci\u00f3 Hestia.<\/strong><\/p>\n<p>Les xerrades s&#8217;emmarquen en el projecte #Matealestigma de la <strong>Fundaci\u00f3 Hestia,\u00a0<\/strong>que pret\u00e9n promocionar l&#8217;activitat f\u00edsica com a instrument de millora de la salut mental, afavorir la integraci\u00f3 social dels col\u00b7lectius amb malaltia mental greu, i visibilitzar la malaltia mental i lluitar contra el estigma que comporta.<\/p>\n<p>Al final de les mateixes, tant els responsables d&#8217;ASAFES i del centre educatiu vitori\u00e0, com Oriol Incarbone, expert de la <strong>Fundaci\u00f3 Hestia<\/strong>, es mostraven molt satisfets de com s&#8217;havien desenvolupat les sessions. A m\u00e9s, Incarbone ha destacat el nivell de coneixement dels alumnes de Ekialdea, els qui havien treballat continguts relacionats amb la salut mental.<\/p>\n<p>&#8220;Els participants tenien <strong>nocions sobre els trastorns mentals<\/strong> i com incideixen en les persones i ha estat m\u00e9s senzill introduir com l&#8217;activitat f\u00edsica pot modificar en positiu aquesta incid\u00e8ncia, i aix\u00f2 ens ha perm\u00e8s centrar-nos en el <em>Kahoot<\/em>&#8220;, explica el psic\u00f2leg, en refer\u00e8ncia a l&#8217;eina <em>on line\u00a0<\/em>que sol utilitzar per avaluar els coneixements dels m\u00e9s joves.<\/p>\n<p>La <strong>Fundaci\u00f3 Hestia<\/strong>, mitjan\u00e7ant l&#8217;<strong>Hestia Menorca<\/strong>, equip del qual \u00e9s patrocinador principal, intentar\u00e0 ampliar les accions de sensibilitzaci\u00f3 aprofitant la disputa del partit de LEB Plata que enfrontar\u00e0 el proper 23 de mar\u00e7, al conjunt menorqu\u00ed amb el Eleyko Baskonia.<\/p>\n<p><strong>Sobre ASAFES<\/strong><\/p>\n<p>L&#8217;Associaci\u00f3 Alavesa de Familiars i Persones amb Malaltia Mental \u00e9s una entitat sense \u00e0nim de lucre, declarada d&#8217;utilitat p\u00fablica el 1998. Va ser fundada el 1976 arran de la iniciativa de familiars de persones amb malaltia mental i professionals de la salut mental.<\/p>\n<p>Entre els seus fins estan promoure iniciatives encaminades a la integraci\u00f3 en la diversitat del col\u00b7lectiu i sensibilitzar la societat en favor de la integraci\u00f3 social de les persones amb malaltia mental. La seva const\u00e0ncia a l&#8217;hora de fomentar l&#8217;esport i de treballar en contra de l&#8217;estigma va animar ASAFES a col\u00b7laborar en la iniciativa de la Fundaci\u00f3 Hestia a Vit\u00f2ria.<\/p>\n","protected":false},"excerpt":{"rendered":"<p>Mig centenar de persones entre usuaris d&#8217;ASAFES\u00a0(Associaci\u00f3 Alavesa de Familiars i Persones amb Malaltia Mental) i alumnes de l&#8217;IES\u00a0Ekialdea de Vit\u00f2ria\u00a0han participat el dijous 21 de mar\u00e7 en les xerrades &#8220;Matealestigma: En joc per la salut mental&#8221;, que ha ofert Oriol Incarbone, psic\u00f2leg esportiu de&#8230;<\/p>\n","protected":false},"author":3,"featured_media":2062,"comment_status":"open","ping_status":"open","sticky":false,"template":"","format":"standard","meta":[],"categories":[32,30],"tags":[],"_links":{"self":[{"href":"http:\/\/hestiafundacion.org\/ca\/wp-json\/wp\/v2\/posts\/2064\/"}],"collection":[{"href":"http:\/\/hestiafundacion.org\/ca\/wp-json\/wp\/v2\/posts\/"}],"about":[{"href":"http:\/\/hestiafundacion.org\/ca\/wp-json\/wp\/v2\/types\/post\/"}],"author":[{"embeddable":true,"href":"http:\/\/hestiafundacion.org\/ca\/wp-json\/wp\/v2\/users\/3\/"}],"replies":[{"embeddable":true,"href":"http:\/\/hestiafundacion.org\/ca\/wp-json\/wp\/v2\/comments\/?post=2064"}],"version-history":[{"count":1,"href":"http:\/\/hestiafundacion.org\/ca\/wp-json\/wp\/v2\/posts\/2064\/revisions\/"}],"predecessor-version":[{"id":2065,"href":"http:\/\/hestiafundacion.org\/ca\/wp-json\/wp\/v2\/posts\/2064\/revisions\/2065\/"}],"wp:featuredmedia":[{"embeddable":true,"href":"http:\/\/hestiafundacion.org\/ca\/wp-json\/wp\/v2\/media\/2062\/"}],"wp:attachment":[{"href":"http:\/\/hestiafundacion.org\/ca\/wp-json\/wp\/v2\/media\/?parent=2064"}],"wp:term":[{"taxonomy":"category","embeddable":true,"href":"http:\/\/hestiafundacion.org\/ca\/wp-json\/wp\/v2\/categories\/?post=2064"},{"taxonomy":"post_tag","embeddable":true,"href":"http:\/\/hestiafundacion.org\/ca\/wp-json\/wp\/v2\/tags\/?post=2064"}],"curies":[{"name":"wp","href":"https:\/\/api.w.org\/{rel}","templated":true}]}}