{"id":2123,"date":"2019-02-05T09:43:25","date_gmt":"2019-02-05T09:43:25","guid":{"rendered":"http:\/\/hestiafundacion.org\/?p=2123"},"modified":"2019-07-23T08:59:24","modified_gmt":"2019-07-23T08:59:24","slug":"la-fundacio-hestia-prepara-una-serie-dentrevistes-per-difondre-el-seu-projecte-matealestigma","status":"publish","type":"post","link":"http:\/\/hestiafundacion.org\/ca\/la-fundacio-hestia-prepara-una-serie-dentrevistes-per-difondre-el-seu-projecte-matealestigma\/","title":{"rendered":"La Fundaci\u00f3 Hestia prepara una s\u00e8rie d&#8217;entrevistes per difondre l&#8217;impacte de l&#8217;activitat f\u00edsica en la salut mental"},"content":{"rendered":"<p>La <strong>Fundaci\u00f3 Hestia<\/strong> en col\u00b7laboraci\u00f3 amb l&#8217;<strong>Hestia Menorca<\/strong>, equip de b\u00e0squet de la LEB Plata del qual \u00e9s patrocinador principal, prepara una <strong>s\u00e8rie d&#8217;entrevistes<\/strong> per sensibilitzar sobre l&#8217;impacte que la pr\u00e0ctica d&#8217;<strong>activitat f\u00edsica<\/strong> pot tenir en la <strong>salut mental<\/strong> i donar visibilitat a la malaltia mental i el seu estigma.<\/p>\n<p>Aquesta acci\u00f3, juntament amb l&#8217;esmentat patrocini esportiu o les <strong>xerrades divulgatives<\/strong> que est\u00e0 oferint el psic\u00f2leg esportiu, Oriol Incarbone, \u00e9s una de les que vertebren el <strong>projecte #Matealestigma<\/strong> i est\u00e0 previst que hi participin<a href=\"http:\/\/hestiafundacion.org\/ca\/quim-salvans-igual-que-amb-una-lesio-un-problema-mental-sha-de-tractar-amb-la-major-normalitat-possible\/\"> jugadors<\/a> de l&#8217;<strong>Hestia Menorca<\/strong> i <a href=\"http:\/\/hestiafundacion.org\/ca\/martin-mendez-beneficiari-del-projecte-matealestigma-la-malaltia-va-afectar-me-a-mi-i-a-les-persones-properes-anar-al-basquet-te-un-punt-terapeutic-perque-ho-fem-tots-plegats\/\">beneficiaris<\/a> d&#8217;aquest projecte de sensibilitzaci\u00f3.<\/p>\n<p><strong># Matealestigma<\/strong><\/p>\n<p>#Matealestigma \u00e9s un projecte de la <strong>Fundaci\u00f3 Hestia<\/strong> que pret\u00e9n promocionar l&#8217;activitat f\u00edsica com a instrument de millora de la salut mental, afavorir la integraci\u00f3 social dels col\u00b7lectius amb malaltia mental greu, i visibilitzar la malaltia mental i lluitar contra l&#8217;estigma que comporta.<\/p>\n","protected":false},"excerpt":{"rendered":"<p>La Fundaci\u00f3 Hestia en col\u00b7laboraci\u00f3 amb l&#8217;Hestia Menorca, equip de b\u00e0squet de la LEB Plata del qual \u00e9s patrocinador principal, prepara una s\u00e8rie d&#8217;entrevistes per sensibilitzar sobre l&#8217;impacte que la pr\u00e0ctica d&#8217;activitat f\u00edsica pot tenir en la salut mental i donar visibilitat a la malaltia&#8230;<\/p>\n","protected":false},"author":3,"featured_media":2121,"comment_status":"open","ping_status":"open","sticky":false,"template":"","format":"standard","meta":[],"categories":[32,30],"tags":[],"_links":{"self":[{"href":"http:\/\/hestiafundacion.org\/ca\/wp-json\/wp\/v2\/posts\/2123\/"}],"collection":[{"href":"http:\/\/hestiafundacion.org\/ca\/wp-json\/wp\/v2\/posts\/"}],"about":[{"href":"http:\/\/hestiafundacion.org\/ca\/wp-json\/wp\/v2\/types\/post\/"}],"author":[{"embeddable":true,"href":"http:\/\/hestiafundacion.org\/ca\/wp-json\/wp\/v2\/users\/3\/"}],"replies":[{"embeddable":true,"href":"http:\/\/hestiafundacion.org\/ca\/wp-json\/wp\/v2\/comments\/?post=2123"}],"version-history":[{"count":5,"href":"http:\/\/hestiafundacion.org\/ca\/wp-json\/wp\/v2\/posts\/2123\/revisions\/"}],"predecessor-version":[{"id":2475,"href":"http:\/\/hestiafundacion.org\/ca\/wp-json\/wp\/v2\/posts\/2123\/revisions\/2475\/"}],"wp:featuredmedia":[{"embeddable":true,"href":"http:\/\/hestiafundacion.org\/ca\/wp-json\/wp\/v2\/media\/2121\/"}],"wp:attachment":[{"href":"http:\/\/hestiafundacion.org\/ca\/wp-json\/wp\/v2\/media\/?parent=2123"}],"wp:term":[{"taxonomy":"category","embeddable":true,"href":"http:\/\/hestiafundacion.org\/ca\/wp-json\/wp\/v2\/categories\/?post=2123"},{"taxonomy":"post_tag","embeddable":true,"href":"http:\/\/hestiafundacion.org\/ca\/wp-json\/wp\/v2\/tags\/?post=2123"}],"curies":[{"name":"wp","href":"https:\/\/api.w.org\/{rel}","templated":true}]}}