{"id":2154,"date":"2018-11-24T11:36:01","date_gmt":"2018-11-24T11:36:01","guid":{"rendered":"http:\/\/hestiafundacion.org\/?p=2154"},"modified":"2019-04-23T13:11:14","modified_gmt":"2019-04-23T13:11:14","slug":"fundacio-hestia-i-alex-txikon-la-cordada-perfecta-pel-club-de-negocios-dhestia-menorca","status":"publish","type":"post","link":"http:\/\/hestiafundacion.org\/ca\/fundacio-hestia-i-alex-txikon-la-cordada-perfecta-pel-club-de-negocios-dhestia-menorca\/","title":{"rendered":"Fundaci\u00f3 Hestia i Alex Txikon, la cordada perfecta pel Club de Negocios d&#8217;Hestia Menorca"},"content":{"rendered":"<p>Esfor\u00e7. Comprom\u00eds. Assumir reptes. Voler estar on s\u2019est\u00e0. Fer molt b\u00e9 les coses. Aprendre dels errors. Divertir-se. La <strong>Fundaci\u00f3 Hestia<\/strong> i <strong>Alex Txikon<\/strong> van integrar la cordada perfecta per la segona trobada del Club de Negocis d\u2019Hestia Menorca, celebrada el dijous 22 de novembre a <strong>Ma\u00f3<\/strong>, i que va completar l\u2019aforament de la sala de confer\u00e8ncies de Ca n\u2019Oliver.<\/p>\n<p>Txikon, <strong>un dels millors himalaistes i alpinistes del m\u00f3n<\/strong>, va impactar els assistents en narrar l\u2019experi\u00e8ncia acumulada en m\u00e9s de 30 anys d\u2019amor a la muntanya, tradu\u00efts en 30 expedicions que l\u2019han portat a trepitjar <strong>12 de les 14 cims m\u00e9s altes del m\u00f3n<\/strong>. Entre elles, el Nanga Parbat (8.125 m.), Acompanyat de Simone Moro, Ali Sapdara i Tamara Lunger (que es va retirar a pocs metres del cim), en <strong>la primera ascensi\u00f3 hivernal culminada<\/strong>, 28 anys despr\u00e9s del primer intent.<\/p>\n<div id=\"attachment_1988\" class=\"wp-caption aligncenter\"><img loading=\"lazy\" class=\"alignright wp-image-1988 size-medium\" src=\"http:\/\/www.hestiaalliance.org\/wp-content\/uploads\/2018\/11\/PHOTO-2018-11-22-23-22-46-300x225.jpg\" sizes=\"(max-width: 300px) 100vw, 300px\" srcset=\"http:\/\/www.hestiaalliance.org\/wp-content\/uploads\/2018\/11\/PHOTO-2018-11-22-23-22-46-300x225.jpg 300w, http:\/\/www.hestiaalliance.org\/wp-content\/uploads\/2018\/11\/PHOTO-2018-11-22-23-22-46-768x576.jpg 768w, http:\/\/www.hestiaalliance.org\/wp-content\/uploads\/2018\/11\/PHOTO-2018-11-22-23-22-46-1024x768.jpg 1024w, http:\/\/www.hestiaalliance.org\/wp-content\/uploads\/2018\/11\/PHOTO-2018-11-22-23-22-46.jpg 1600w\" alt=\"\" width=\"300\" height=\"225\" \/><\/p>\n<p class=\"wp-caption-text\">Durant la trobada, va presentar-se la Fundaci\u00f3 Hestia i #matealestigma, el projecte de patrocini esportiu i social de l\u2019Hestia Menorca. FOTO.- CBM<\/p>\n<\/div>\n<p>La xerrada de l\u2019alpinista, titulada \u201cAconseguint all\u00f2 impossible\u201d, va venir precedida per la benvinguda d\u2019Oriol Segura, president del <strong>Club B\u00e0squet Menorca<\/strong>, i la presentaci\u00f3 de la <strong>Fundaci\u00f3 Hestia<\/strong>, patrocinador principal de l\u2019equip menorqu\u00ed a LEB Plata, i del projecte de sensibilitzaci\u00f3 que aquest patrocini comporta. Resumit en l\u2019etiqueta <strong>#matealestigma<\/strong>, aquest projecte incideix en la <strong>relaci\u00f3 entre activitat f\u00edsica i salut mental,<\/strong>\u00a0la <strong>integraci\u00f3<\/strong> de les persones amb malaltia mental greu i la<strong> lluita contra l\u2019estigma<\/strong>.<\/p>\n<p>La g\u00e8nesi d\u2019aquest patrocini de la <strong>Fundaci\u00f3 Hestia<\/strong>, esquitxada d\u2019elements comuns a la traject\u00f2ria <a href=\"http:\/\/alextxikon.com\/\">Alex Txikon<\/a>, va captar l\u2019inter\u00e8s dels assistents i del propi alpinista basc. Txikon, qui havia destacat que, m\u00e9s enll\u00e0 de les dures condicions que enfronta en les seves expedicions, valora tot el que ha viscut \u201cen llocs meravellosos i envoltat de gent extraordin\u00e0ria\u201d, va revelar a la degustaci\u00f3 que tanc\u00e0 l\u2019acte que el seu equip integra una <strong>persona amb trastorn de l\u2019espectre autista.<\/strong><\/p>\n<div class=\"single-postmetadata-divider-top\"><\/div>\n","protected":false},"excerpt":{"rendered":"<p>Esfor\u00e7. Comprom\u00eds. Assumir reptes. Voler estar on s\u2019est\u00e0. Fer molt b\u00e9 les coses. Aprendre dels errors. Divertir-se. La Fundaci\u00f3 Hestia i Alex Txikon van integrar la cordada perfecta per la segona trobada del Club de Negocis d\u2019Hestia Menorca, celebrada el dijous 22 de novembre a&#8230;<\/p>\n","protected":false},"author":3,"featured_media":2150,"comment_status":"open","ping_status":"open","sticky":false,"template":"","format":"standard","meta":[],"categories":[32,30],"tags":[],"_links":{"self":[{"href":"http:\/\/hestiafundacion.org\/ca\/wp-json\/wp\/v2\/posts\/2154\/"}],"collection":[{"href":"http:\/\/hestiafundacion.org\/ca\/wp-json\/wp\/v2\/posts\/"}],"about":[{"href":"http:\/\/hestiafundacion.org\/ca\/wp-json\/wp\/v2\/types\/post\/"}],"author":[{"embeddable":true,"href":"http:\/\/hestiafundacion.org\/ca\/wp-json\/wp\/v2\/users\/3\/"}],"replies":[{"embeddable":true,"href":"http:\/\/hestiafundacion.org\/ca\/wp-json\/wp\/v2\/comments\/?post=2154"}],"version-history":[{"count":1,"href":"http:\/\/hestiafundacion.org\/ca\/wp-json\/wp\/v2\/posts\/2154\/revisions\/"}],"predecessor-version":[{"id":2155,"href":"http:\/\/hestiafundacion.org\/ca\/wp-json\/wp\/v2\/posts\/2154\/revisions\/2155\/"}],"wp:featuredmedia":[{"embeddable":true,"href":"http:\/\/hestiafundacion.org\/ca\/wp-json\/wp\/v2\/media\/2150\/"}],"wp:attachment":[{"href":"http:\/\/hestiafundacion.org\/ca\/wp-json\/wp\/v2\/media\/?parent=2154"}],"wp:term":[{"taxonomy":"category","embeddable":true,"href":"http:\/\/hestiafundacion.org\/ca\/wp-json\/wp\/v2\/categories\/?post=2154"},{"taxonomy":"post_tag","embeddable":true,"href":"http:\/\/hestiafundacion.org\/ca\/wp-json\/wp\/v2\/tags\/?post=2154"}],"curies":[{"name":"wp","href":"https:\/\/api.w.org\/{rel}","templated":true}]}}