{"id":2160,"date":"2018-11-27T11:47:47","date_gmt":"2018-11-27T11:47:47","guid":{"rendered":"http:\/\/hestiafundacion.org\/?p=2160"},"modified":"2019-04-23T13:10:56","modified_gmt":"2019-04-23T13:10:56","slug":"segona-convocatoria-de-les-beques-de-recerca-hestia","status":"publish","type":"post","link":"http:\/\/hestiafundacion.org\/ca\/segona-convocatoria-de-les-beques-de-recerca-hestia\/","title":{"rendered":"Segona convocat\u00f2ria de les Beques de Recerca Hestia"},"content":{"rendered":"<p>La <strong>C\u00e0tedra Hestia<\/strong> ha obert la segona convocat\u00f2ria de les seves beques de recerca per tal de recon\u00e8ixer els projectes relacionats amb la <strong>prestaci\u00f3 de serveis sociosanitaris i de salut mental, i la cura de pacients cr\u00f2nics complexos amb importants necessitats socials<\/strong>.<\/p>\n<p>La iniciativa\u00a0s\u2019adre\u00e7a a <strong>professionals<\/strong>, que formant part d\u2019un equip multidisciplinari, desitgin desenvolupar compet\u00e8ncies d\u2019investigaci\u00f3 i implementar projectes per <strong>generar evid\u00e8ncia cient\u00edfica<\/strong> en aquest \u00e0mbit.<\/p>\n<p>Tal com detallen les bases, es concediran <strong>quatre beques de 6.000 euros<\/strong>, prioritzant les idees innovadores, la multidisciplinarietat de l\u2019equip investigador i la participaci\u00f3 de m\u00e9s d\u2019un centre. Aix\u00ed mateix, s\u2019oferir\u00e0 als professionals becats <strong>suport estad\u00edstic i metodol\u00f2gic<\/strong> per al desenvolupament dels seus projectes.<\/p>\n<p>Els interessats poden presentar les seves<strong> sol\u00b7licituds fins el 8 de mar\u00e7 de 2019<\/strong>, per la qual cosa han d\u2019omplir el corresponent <a href=\"https:\/\/docs.google.com\/forms\/d\/e\/1FAIpQLSf56EUFkR1M80H_MtEw_z5yHEnOl3f_7HbZkJTEOrnKhTvyGw\/viewform\"><strong>formulari.<\/strong><\/a><\/p>\n<p><strong>Primera convocat\u00f2ria<\/strong><\/p>\n<p>Aquesta nova edici\u00f3 de les Beques de Recerca Hestia pret\u00e9n repetir l\u2019\u00e8xit de la primera que va llan\u00e7ar la c\u00e0tedra universit\u00e0ria que promouen la <strong>Fundaci\u00f3 Hestia<\/strong> i la Universitat Internacional de Catalunya. En la seva <a href=\"http:\/\/www.hestiaalliance.org\/dotze-projectes-sobre-millora-a-la-atencio-de-persones-amb-malalties-croniques-complexes-o-malalties-mentals-reben-les-beques-de-recerca-hestia\/\">primera convocat\u00f2ria<\/a>, 38 van ser els projectes presentats i dotze els que van obtenir beca.<\/p>\n","protected":false},"excerpt":{"rendered":"<p>La C\u00e0tedra Hestia ha obert la segona convocat\u00f2ria de les seves beques de recerca per tal de recon\u00e8ixer els projectes relacionats amb la prestaci\u00f3 de serveis sociosanitaris i de salut mental, i la cura de pacients cr\u00f2nics complexos amb importants necessitats socials. La iniciativa\u00a0s\u2019adre\u00e7a a&#8230;<\/p>\n","protected":false},"author":3,"featured_media":636,"comment_status":"open","ping_status":"open","sticky":false,"template":"","format":"standard","meta":[],"categories":[39],"tags":[40,41],"_links":{"self":[{"href":"http:\/\/hestiafundacion.org\/ca\/wp-json\/wp\/v2\/posts\/2160\/"}],"collection":[{"href":"http:\/\/hestiafundacion.org\/ca\/wp-json\/wp\/v2\/posts\/"}],"about":[{"href":"http:\/\/hestiafundacion.org\/ca\/wp-json\/wp\/v2\/types\/post\/"}],"author":[{"embeddable":true,"href":"http:\/\/hestiafundacion.org\/ca\/wp-json\/wp\/v2\/users\/3\/"}],"replies":[{"embeddable":true,"href":"http:\/\/hestiafundacion.org\/ca\/wp-json\/wp\/v2\/comments\/?post=2160"}],"version-history":[{"count":1,"href":"http:\/\/hestiafundacion.org\/ca\/wp-json\/wp\/v2\/posts\/2160\/revisions\/"}],"predecessor-version":[{"id":2161,"href":"http:\/\/hestiafundacion.org\/ca\/wp-json\/wp\/v2\/posts\/2160\/revisions\/2161\/"}],"wp:featuredmedia":[{"embeddable":true,"href":"http:\/\/hestiafundacion.org\/ca\/wp-json\/wp\/v2\/media\/636\/"}],"wp:attachment":[{"href":"http:\/\/hestiafundacion.org\/ca\/wp-json\/wp\/v2\/media\/?parent=2160"}],"wp:term":[{"taxonomy":"category","embeddable":true,"href":"http:\/\/hestiafundacion.org\/ca\/wp-json\/wp\/v2\/categories\/?post=2160"},{"taxonomy":"post_tag","embeddable":true,"href":"http:\/\/hestiafundacion.org\/ca\/wp-json\/wp\/v2\/tags\/?post=2160"}],"curies":[{"name":"wp","href":"https:\/\/api.w.org\/{rel}","templated":true}]}}