{"id":2164,"date":"2019-04-23T13:36:27","date_gmt":"2019-04-23T13:36:27","guid":{"rendered":"http:\/\/hestiafundacion.org\/?p=2164"},"modified":"2019-04-23T13:36:27","modified_gmt":"2019-04-23T13:36:27","slug":"els-tutelats-de-la-fundacio-hestia-participen-en-un-taller-inspirat-en-sant-jordi","status":"publish","type":"post","link":"http:\/\/hestiafundacion.org\/ca\/els-tutelats-de-la-fundacio-hestia-participen-en-un-taller-inspirat-en-sant-jordi\/","title":{"rendered":"Els tutelats de la Fundaci\u00f3 Hestia participen en un taller inspirat en Sant Jordi"},"content":{"rendered":"<p><span lang=\"CA\">Els <strong>tutelats<\/strong> de la <strong>Fundaci\u00f3 Hestia<\/strong> han participat en els tallers de manualitats que s&#8217;han programat aquest mes d\u2019abril i han servit de preparaci\u00f3 de la <strong>festivitat de Sant Jordi<\/strong>. En aquest context, s\u2019ha treballat amb els elements clau de la llegenda del cavaller: <strong>el drac i la rosa.<\/strong> <\/span><\/p>\n<p><span lang=\"CA\">Els tutelats han elaborat unes<strong> arracades<\/strong> amb una petita rosa vermella i uns <strong>punts de llibre.<\/strong> Aquests elements\u00a0<\/span><span lang=\"CA\">ha estat exposats al vest\u00edbul principal de <strong>Hestia Duran i Reynals<\/strong>, on han compartit punt de venda amb altres usuaris de l\u2019Hospital de Dia i de la Unitat de Salut Mental del centre que <strong>Hestia Alliance<\/strong> t\u00e9 a l&#8217;Hospitalet de Llobregat.<\/span><\/p>\n<p><span lang=\"CA\"> La iniciativa, que pret\u00e9n promocionar els <strong>punts de trobada i la socialitzaci\u00f3<\/strong> de les persones que estan sota la cura de la Fundaci\u00f3, ha tingut molt bona acollida. Cal recordar que \u00e9s el segon any en que aquest projecte compartit veu la llum amb <strong>\u00e8xit.<\/strong> La recaptaci\u00f3 obtinguda es far\u00e0 servir per organitzar una <strong>activitat cultural i\/o de lleure<\/strong> conjunta amb les persones que han participant en el taller.<\/span><\/p>\n","protected":false},"excerpt":{"rendered":"<p>Els tutelats de la Fundaci\u00f3 Hestia han participat en els tallers de manualitats que s&#8217;han programat aquest mes d\u2019abril i han servit de preparaci\u00f3 de la festivitat de Sant Jordi. En aquest context, s\u2019ha treballat amb els elements clau de la llegenda del cavaller: el&#8230;<\/p>\n","protected":false},"author":3,"featured_media":2168,"comment_status":"open","ping_status":"open","sticky":false,"template":"","format":"standard","meta":[],"categories":[49,48],"tags":[53,52,51,50],"_links":{"self":[{"href":"http:\/\/hestiafundacion.org\/ca\/wp-json\/wp\/v2\/posts\/2164\/"}],"collection":[{"href":"http:\/\/hestiafundacion.org\/ca\/wp-json\/wp\/v2\/posts\/"}],"about":[{"href":"http:\/\/hestiafundacion.org\/ca\/wp-json\/wp\/v2\/types\/post\/"}],"author":[{"embeddable":true,"href":"http:\/\/hestiafundacion.org\/ca\/wp-json\/wp\/v2\/users\/3\/"}],"replies":[{"embeddable":true,"href":"http:\/\/hestiafundacion.org\/ca\/wp-json\/wp\/v2\/comments\/?post=2164"}],"version-history":[{"count":2,"href":"http:\/\/hestiafundacion.org\/ca\/wp-json\/wp\/v2\/posts\/2164\/revisions\/"}],"predecessor-version":[{"id":2171,"href":"http:\/\/hestiafundacion.org\/ca\/wp-json\/wp\/v2\/posts\/2164\/revisions\/2171\/"}],"wp:featuredmedia":[{"embeddable":true,"href":"http:\/\/hestiafundacion.org\/ca\/wp-json\/wp\/v2\/media\/2168\/"}],"wp:attachment":[{"href":"http:\/\/hestiafundacion.org\/ca\/wp-json\/wp\/v2\/media\/?parent=2164"}],"wp:term":[{"taxonomy":"category","embeddable":true,"href":"http:\/\/hestiafundacion.org\/ca\/wp-json\/wp\/v2\/categories\/?post=2164"},{"taxonomy":"post_tag","embeddable":true,"href":"http:\/\/hestiafundacion.org\/ca\/wp-json\/wp\/v2\/tags\/?post=2164"}],"curies":[{"name":"wp","href":"https:\/\/api.w.org\/{rel}","templated":true}]}}