{"id":2198,"date":"2019-04-24T18:32:38","date_gmt":"2019-04-24T18:32:38","guid":{"rendered":"http:\/\/hestiafundacion.org\/?p=2198"},"modified":"2019-04-30T17:10:57","modified_gmt":"2019-04-30T17:10:57","slug":"lescola-de-patrons-enceta-la-seva-segona-edicio-orientada-a-la-professionalitzacio-i-laplicacio-dels-principis-de-bon-govern-corporatiu-al-sector-fundacional-2","status":"publish","type":"post","link":"http:\/\/hestiafundacion.org\/ca\/lescola-de-patrons-enceta-la-seva-segona-edicio-orientada-a-la-professionalitzacio-i-laplicacio-dels-principis-de-bon-govern-corporatiu-al-sector-fundacional-2\/","title":{"rendered":"L&#8217;Escola de Patrons enceta la seva segona edici\u00f3 orientada a la professionalitzaci\u00f3 i l&#8217;aplicaci\u00f3 dels principis de bon govern corporatiu al sector fundacional"},"content":{"rendered":"<p>La seu de CEU IAM Business School a <strong>Madrid<\/strong> ha acollit el dimecres 24 d&#8217;abril, la inauguraci\u00f3 de la segona edici\u00f3 de l&#8217;<strong>Escola de Patrons<\/strong>, organitzada conjuntament per la Fundaci\u00f3 San Pablo CEU, la Fundaci\u00f3 KPMG i l&#8217;Associaci\u00f3 Espanyola de Fundacions. El marc conceptual i legal del sector fundacional ha centrat el <strong>primer m\u00f2dul<\/strong> d&#8217;aquesta activitat formativa que finalitzar\u00e0 el proper 18 de juny.<\/p>\n<p>Segons detalla l\u2019organitzaci\u00f3, l&#8217;Escola de Patrons \u00e9s un pas m\u00e9s en la <strong>professionalitzaci\u00f3<\/strong> del sector fundacional i en el <strong>comprom\u00eds amb la transpar\u00e8ncia i el bon govern<\/strong> de les fundacions, i ve a completar les accions formatives i els diferents suports (indicadors de transpar\u00e8ncia, codi de patrons o Abc Fundacions) que s&#8217;han vingut desenvolupant en els \u00faltims anys amb aquests mateixos objectius.<\/p>\n<p>Dirigida a membres d&#8217;un Patronat o directors o gestors de fundacions, voluntaris, experts, fil\u00e0ntrops o grups familiars que vulguen incorporar-se a un m\u00e9s endavant, l&#8217;Escola de Patrons, aporta una <strong>visi\u00f3 pr\u00e0ctica<\/strong> de l&#8217;aplicaci\u00f3 dels principis de bon govern corporatiu en el sector fundacional, accentuada per l&#8217;an\u00e0lisi de sup\u00f2sits pr\u00e0ctics relacionats amb l&#8217;aplicaci\u00f3 dels recursos, la captaci\u00f3 de fons o la comunicaci\u00f3 entre d&#8217;altres.<\/p>\n","protected":false},"excerpt":{"rendered":"<p>La seu de CEU IAM Business School a Madrid ha acollit el dimecres 24 d&#8217;abril, la inauguraci\u00f3 de la segona edici\u00f3 de l&#8217;Escola de Patrons, organitzada conjuntament per la Fundaci\u00f3 San Pablo CEU, la Fundaci\u00f3 KPMG i l&#8217;Associaci\u00f3 Espanyola de Fundacions. El marc conceptual i&#8230;<\/p>\n","protected":false},"author":3,"featured_media":2218,"comment_status":"open","ping_status":"open","sticky":false,"template":"","format":"standard","meta":[],"categories":[56],"tags":[68,57,58],"_links":{"self":[{"href":"http:\/\/hestiafundacion.org\/ca\/wp-json\/wp\/v2\/posts\/2198\/"}],"collection":[{"href":"http:\/\/hestiafundacion.org\/ca\/wp-json\/wp\/v2\/posts\/"}],"about":[{"href":"http:\/\/hestiafundacion.org\/ca\/wp-json\/wp\/v2\/types\/post\/"}],"author":[{"embeddable":true,"href":"http:\/\/hestiafundacion.org\/ca\/wp-json\/wp\/v2\/users\/3\/"}],"replies":[{"embeddable":true,"href":"http:\/\/hestiafundacion.org\/ca\/wp-json\/wp\/v2\/comments\/?post=2198"}],"version-history":[{"count":1,"href":"http:\/\/hestiafundacion.org\/ca\/wp-json\/wp\/v2\/posts\/2198\/revisions\/"}],"predecessor-version":[{"id":2200,"href":"http:\/\/hestiafundacion.org\/ca\/wp-json\/wp\/v2\/posts\/2198\/revisions\/2200\/"}],"wp:featuredmedia":[{"embeddable":true,"href":"http:\/\/hestiafundacion.org\/ca\/wp-json\/wp\/v2\/media\/2218\/"}],"wp:attachment":[{"href":"http:\/\/hestiafundacion.org\/ca\/wp-json\/wp\/v2\/media\/?parent=2198"}],"wp:term":[{"taxonomy":"category","embeddable":true,"href":"http:\/\/hestiafundacion.org\/ca\/wp-json\/wp\/v2\/categories\/?post=2198"},{"taxonomy":"post_tag","embeddable":true,"href":"http:\/\/hestiafundacion.org\/ca\/wp-json\/wp\/v2\/tags\/?post=2198"}],"curies":[{"name":"wp","href":"https:\/\/api.w.org\/{rel}","templated":true}]}}