{"id":2209,"date":"2019-04-27T08:02:25","date_gmt":"2019-04-27T08:02:25","guid":{"rendered":"http:\/\/hestiafundacion.org\/?p=2209"},"modified":"2019-04-30T08:09:29","modified_gmt":"2019-04-30T08:09:29","slug":"implicar-se-i-donar-protagonisme-a-la-gent-gran-claus-en-la-prevencio-del-maltractament-en-laccio-tutelar","status":"publish","type":"post","link":"http:\/\/hestiafundacion.org\/ca\/implicar-se-i-donar-protagonisme-a-la-gent-gran-claus-en-la-prevencio-del-maltractament-en-laccio-tutelar\/","title":{"rendered":"Implicar-se i donar protagonisme a la gent gran, claus en la prevenci\u00f3 del maltractament en l&#8217;acci\u00f3 tutelar"},"content":{"rendered":"<p>Abandonar el &#8220;nihilisme terap\u00e8utic&#8221; i assumir que les persones grans s\u00f3n, i han de ser, les protagonistes del seu propi proc\u00e9s s\u00f3n claus en l&#8217;abordatge del maltractament a la gent gran. Aix\u00ed ho va manifestar, Miriam Ruiz, treballadora social, en la seva intervenci\u00f3 en el cicle de <strong>Sessions Formatives<\/strong> de la <strong>Fundaci\u00f3 Hestia<\/strong>.<\/p>\n<p>Durante la seva exposici\u00f3, titulada &#8220;Abordatge del maltractament a la gent gran des de la perspectiva d&#8217;una entitat tutelar&#8221;, Ruiz va constatar l&#8217;<strong>augment<\/strong> del nombre de<strong> casos amb mesures cautelars urgents<\/strong> per a situacions d&#8217;emerg\u00e8ncia social.<\/p>\n<p>Aquest increment, emmarcat en la realitat actual del creixement mundial de l&#8217;envelliment de la poblaci\u00f3, ve motivat per l&#8217;ab\u00fas econ\u00f2mic, la neglig\u00e8ncia en el tracte o el maltractament emocional, fen\u00f2mens condicionats pel <strong>component pejoratiu del fet d&#8217;envellir<\/strong>.<\/p>\n<p>&#8220;La gent gran aviat assumeixen que \u00e9s una c\u00e0rrega i la resta de la poblaci\u00f3 els veu com a ciutadans passius que consumeixen serveis p\u00fablics&#8221;, va remarcar Miriam Ruiz davant els professionals de la <strong>Fundaci\u00f3 Hestia<\/strong>, reunits en les instal\u00b7lacions de l&#8217;entitat a <strong>Barcelona<\/strong>\u00a0el passat 25 d&#8217;abril.<\/p>\n<p>Por aquest motiu, la treballadora social va alertar sobre la import\u00e0ncia que els professionals encarregats de la cura de la gent gran abandonin les actituds paternalistes per dedicar temps a <strong>acompanyar, escoltar, informar i detectar les seves necessitats i desitjos<\/strong>.<\/p>\n<p>&#8220;Davant la por, la vergonya i la culpabilitat que poden acompanyar a alguns processos d&#8217;envelliment, cal que els professionals observem i detectem possibles situacions de maltractament per prendre les mesures oportunes. \u00c9s imprescindible abandonar el nihilisme terap\u00e8utic i assumir que <strong>les persones grans s\u00f3n , i han de ser, les protagonistes del seu propi proc\u00e9s<\/strong> &#8220;, ha concl\u00f2s.<\/p>\n","protected":false},"excerpt":{"rendered":"<p>Abandonar el &#8220;nihilisme terap\u00e8utic&#8221; i assumir que les persones grans s\u00f3n, i han de ser, les protagonistes del seu propi proc\u00e9s s\u00f3n claus en l&#8217;abordatge del maltractament a la gent gran. Aix\u00ed ho va manifestar, Miriam Ruiz, treballadora social, en la seva intervenci\u00f3 en el&#8230;<\/p>\n","protected":false},"author":3,"featured_media":2207,"comment_status":"open","ping_status":"open","sticky":false,"template":"","format":"standard","meta":[],"categories":[56],"tags":[72,71],"_links":{"self":[{"href":"http:\/\/hestiafundacion.org\/ca\/wp-json\/wp\/v2\/posts\/2209\/"}],"collection":[{"href":"http:\/\/hestiafundacion.org\/ca\/wp-json\/wp\/v2\/posts\/"}],"about":[{"href":"http:\/\/hestiafundacion.org\/ca\/wp-json\/wp\/v2\/types\/post\/"}],"author":[{"embeddable":true,"href":"http:\/\/hestiafundacion.org\/ca\/wp-json\/wp\/v2\/users\/3\/"}],"replies":[{"embeddable":true,"href":"http:\/\/hestiafundacion.org\/ca\/wp-json\/wp\/v2\/comments\/?post=2209"}],"version-history":[{"count":3,"href":"http:\/\/hestiafundacion.org\/ca\/wp-json\/wp\/v2\/posts\/2209\/revisions\/"}],"predecessor-version":[{"id":2215,"href":"http:\/\/hestiafundacion.org\/ca\/wp-json\/wp\/v2\/posts\/2209\/revisions\/2215\/"}],"wp:featuredmedia":[{"embeddable":true,"href":"http:\/\/hestiafundacion.org\/ca\/wp-json\/wp\/v2\/media\/2207\/"}],"wp:attachment":[{"href":"http:\/\/hestiafundacion.org\/ca\/wp-json\/wp\/v2\/media\/?parent=2209"}],"wp:term":[{"taxonomy":"category","embeddable":true,"href":"http:\/\/hestiafundacion.org\/ca\/wp-json\/wp\/v2\/categories\/?post=2209"},{"taxonomy":"post_tag","embeddable":true,"href":"http:\/\/hestiafundacion.org\/ca\/wp-json\/wp\/v2\/tags\/?post=2209"}],"curies":[{"name":"wp","href":"https:\/\/api.w.org\/{rel}","templated":true}]}}