{"id":2224,"date":"2019-05-01T18:48:40","date_gmt":"2019-05-01T18:48:40","guid":{"rendered":"http:\/\/hestiafundacion.org\/?p=2224"},"modified":"2019-05-01T18:59:44","modified_gmt":"2019-05-01T18:59:44","slug":"pitu-jimenez-sobre-matealestigma-no-tot-es-guanyar-o-perdre-fer-cistelles-aco-es-una-victoria-passi-el-que-passi-en-la-temporada","status":"publish","type":"post","link":"http:\/\/hestiafundacion.org\/ca\/pitu-jimenez-sobre-matealestigma-no-tot-es-guanyar-o-perdre-fer-cistelles-aco-es-una-victoria-passi-el-que-passi-en-la-temporada\/","title":{"rendered":"Pitu Jim\u00e9nez, sobre #Matealestigma: &#8220;No tot \u00e9s guanyar o perdre, fer cistelles, a\u00e7\u00f2 \u00e9s una vict\u00f2ria passi el que passi en la temporada&#8221;"},"content":{"rendered":"<p>Conscient del tab\u00fa que hi ha a l&#8217;hora de parlar de salut mental i de l&#8217;impacte de l&#8217;activitat f\u00edsica en el benestar emocional, i conven\u00e7ut que el projecte <strong>#Matealestigma <\/strong>de la<strong> Fundaci\u00f3 Hestia<\/strong> ha aconseguit posar aquestes realitats sobre la pista. Aix\u00ed es mostra <strong>Pitu Jim\u00e9nez<\/strong>, base del <strong>Hestia Menorca,\u00a0<\/strong>en una <strong><a href=\"https:\/\/youtu.be\/9fb1XKEtHYY\">entrevista<\/a><\/strong> realitzada al Pavell\u00f3 Menorca.<\/p>\n<p>Ell \u00e9s l&#8217;\u00a0\u00faltim protagonista de la <a href=\"http:\/\/hestiafundacion.org\/ca\/la-fundacio-hestia-prepara-una-serie-dentrevistes-per-difondre-el-seu-projecte-matealestigma\/\">s\u00e8rie d&#8217;entrevistes<\/a>\u00a0que la <strong>Fundaci\u00f3 Hestia<\/strong> i el club menorqu\u00ed estan realitzant per difondre aquest\u00a0<strong>projecte de sensibilitzaci\u00f3<\/strong>\u00a0orientat a promocionar l&#8217;esport com a instrument de millora de la salut mental, afavorir la integraci\u00f3 social dels col\u00b7lectius amb malaltia mental greu, i visibilitzar la malaltia mental i lluitar contra el seu estigma.<\/p>\n","protected":false},"excerpt":{"rendered":"<p>Conscient del tab\u00fa que hi ha a l&#8217;hora de parlar de salut mental i de l&#8217;impacte de l&#8217;activitat f\u00edsica en el benestar emocional, i conven\u00e7ut que el projecte #Matealestigma de la Fundaci\u00f3 Hestia ha aconseguit posar aquestes realitats sobre la pista. Aix\u00ed es mostra Pitu&#8230;<\/p>\n","protected":false},"author":3,"featured_media":2234,"comment_status":"open","ping_status":"open","sticky":false,"template":"","format":"standard","meta":[],"categories":[32,30],"tags":[73,75,74],"_links":{"self":[{"href":"http:\/\/hestiafundacion.org\/ca\/wp-json\/wp\/v2\/posts\/2224\/"}],"collection":[{"href":"http:\/\/hestiafundacion.org\/ca\/wp-json\/wp\/v2\/posts\/"}],"about":[{"href":"http:\/\/hestiafundacion.org\/ca\/wp-json\/wp\/v2\/types\/post\/"}],"author":[{"embeddable":true,"href":"http:\/\/hestiafundacion.org\/ca\/wp-json\/wp\/v2\/users\/3\/"}],"replies":[{"embeddable":true,"href":"http:\/\/hestiafundacion.org\/ca\/wp-json\/wp\/v2\/comments\/?post=2224"}],"version-history":[{"count":6,"href":"http:\/\/hestiafundacion.org\/ca\/wp-json\/wp\/v2\/posts\/2224\/revisions\/"}],"predecessor-version":[{"id":2236,"href":"http:\/\/hestiafundacion.org\/ca\/wp-json\/wp\/v2\/posts\/2224\/revisions\/2236\/"}],"wp:featuredmedia":[{"embeddable":true,"href":"http:\/\/hestiafundacion.org\/ca\/wp-json\/wp\/v2\/media\/2234\/"}],"wp:attachment":[{"href":"http:\/\/hestiafundacion.org\/ca\/wp-json\/wp\/v2\/media\/?parent=2224"}],"wp:term":[{"taxonomy":"category","embeddable":true,"href":"http:\/\/hestiafundacion.org\/ca\/wp-json\/wp\/v2\/categories\/?post=2224"},{"taxonomy":"post_tag","embeddable":true,"href":"http:\/\/hestiafundacion.org\/ca\/wp-json\/wp\/v2\/tags\/?post=2224"}],"curies":[{"name":"wp","href":"https:\/\/api.w.org\/{rel}","templated":true}]}}