{"id":2283,"date":"2019-05-21T10:02:09","date_gmt":"2019-05-21T10:02:09","guid":{"rendered":"http:\/\/hestiafundacion.org\/?p=2283"},"modified":"2019-05-24T08:03:04","modified_gmt":"2019-05-24T08:03:04","slug":"tot-a-punt-per-a-la-1a-jornada-hestia","status":"publish","type":"post","link":"http:\/\/hestiafundacion.org\/ca\/tot-a-punt-per-a-la-1a-jornada-hestia\/","title":{"rendered":"Tot a punt per a la 1\u00aa. Jornada Hestia"},"content":{"rendered":"<p>El Sal\u00f3 de Graus del Campus Barcelona de la Universitat Internacional de Catalunya acollir\u00e0 el proper dilluns 28 de maig la <strong>1\u00aa. Jornada Hestia<\/strong>, centrada en la <strong>&#8220;Atenci\u00f3 Integrada en Pacients Cr\u00f2nics Complexos: Realitat i reptes&#8221;<\/strong>.<\/p>\n<p>La cita, organitzada per la <strong>C\u00e0tedra Hestia<\/strong>, comptar\u00e0 amb la participaci\u00f3 de <strong>mig centenar de professionals<\/strong> que compartiran experi\u00e8ncies relacionades amb aspectes socials o sanitaris de la cura de pacients amb malalties cr\u00f2niques complexes, incloent la salut mental. El programa de la jornada inclou <strong>20 comunicacions<\/strong> articulades en tres blocs.<\/p>\n<p>En aquest sentit, els assistents podran con\u00e8ixer <strong>projectes<\/strong> relacionats amb l&#8217;hospitalitzaci\u00f3, caigudes i mortalitat en <strong>pacients<\/strong> amb cirrosi, la diabetis com a accelerador del deteriorament cognitiu lleu i l&#8217;Alzheimer o la millora del descans nocturn en pacients geri\u00e0trics hospitalitzats.<\/p>\n<p>Aix\u00ed mateix, la <strong>1\u00aa. Jornada Hestia<\/strong> inclou comunicacions relacionades amb el suport i empoderament del pacient, l&#8217;atenci\u00f3 a <strong>familiars<\/strong> de malalts cr\u00f2nics o morts per mort sobtada card\u00edaca o la formaci\u00f3 i telemonitoritzaci\u00f3 de<strong> cuidadors<\/strong> de pacients amb dem\u00e8ncia.<\/p>\n<p>La <strong>coordinaci\u00f3<\/strong> territorial i en el treball social sanitari com a eines d&#8217;abordatge de la cronicitat, la implantaci\u00f3 de programes d&#8217;atenci\u00f3 al pacient cr\u00f2nic o la problem\u00e0tica de les transicions entre dispositius sanitaris en pacients amb altes necessitats socials i sanit\u00e0ries s\u00f3n tamb\u00e9 aspectes que es tractaran a la jornada.<\/p>\n<p><strong>Professionals d&#8217;Hestia Alliance<\/strong><\/p>\n<p>Quatre de les comunicacions incloses en el programa corresponen a <strong>projectes desenvolupats en els dispositius hospitalaris del grup Hestia Alliance. <\/strong><\/p>\n<p>Dos professionals d&#8217;<strong>Hestia Balaguer<\/strong>, <strong>Eva Caselles<\/strong>\u00a0i Gerard Baldom\u00e0 defensaran, respectivament, sengles comunicacions sobre <strong>&#8220;Pacients amb necessitats complexes (PCC): factors associats a la p\u00e8rdua funcional&#8221; <\/strong>i\u00a0<strong>&#8220;Implementaci\u00f3 del programa de prevenci\u00f3 i atenci\u00f3 a la cronicitat amb pacients PCC i MACA: un estudi retrospectiu &#8220;<\/strong>.<\/p>\n<p>Des d&#8217;<strong>Hestia Duran i Reynals<\/strong> arriba el projecte\u00a0sobre <strong>&#8220;La recuperaci\u00f3 funcional del pacient amb fractura de f\u00e8mur associada al deteriorament cognitiu&#8221;<\/strong>\u00a0que ser\u00e0 presentat per <strong>Carlos Villamar<\/strong>, finalment, <strong>Jes\u00fas Alburquerque<\/strong>, d&#8217;<strong>Hestia Gr\u00e0cia<\/strong>, defensar\u00e0 la <strong>&#8220;Avaluaci\u00f3 de la Fragilitat en una Unitat de Convalesc\u00e8ncia i Llarga Estada Sociosanit\u00e0ria mitjan\u00e7ant l&#8217;\u00edndex Fr\u00e0gil-VIG (IF-VIG)&#8221;<\/strong>.<\/p>\n<p><strong>Dades de inter\u00e9s<\/strong><\/p>\n<p>1\u00aa. Jornada Hestia &#8220;Atenci\u00f3 Integrda en Pacients Cr\u00f2nics Complexos: Realitat i reptes&#8221;<\/p>\n<p><strong>Data:<\/strong> 28 de maig de 2019<\/p>\n<p><strong>Horari:<\/strong> De 10:15 a 16 horas<\/p>\n<p><strong>Lloc<\/strong>: Sal\u00f3 de Graus-Campus Barcelona UIC (C \/ Immaculada, 22 Barcelona)<\/p>\n<p><strong>Car\u00e0cter:<\/strong> Acte obert al p\u00fablic i gratu\u00eft. Imprescindible confirmar assist\u00e8ncia a hestia@uic.es:<\/p>\n<p><strong>Programa<\/strong>: <a href=\"http:\/\/hestiafundacion.org\/wp-content\/uploads\/2019\/05\/Programa-Jornada-Hestia-vf.pdf\">Programa Jornada Hestia vf<\/a><\/p>\n","protected":false},"excerpt":{"rendered":"<p>El Sal\u00f3 de Graus del Campus Barcelona de la Universitat Internacional de Catalunya acollir\u00e0 el proper dilluns 28 de maig la 1\u00aa. Jornada Hestia, centrada en la &#8220;Atenci\u00f3 Integrada en Pacients Cr\u00f2nics Complexos: Realitat i reptes&#8221;. La cita, organitzada per la C\u00e0tedra Hestia, comptar\u00e0 amb&#8230;<\/p>\n","protected":false},"author":3,"featured_media":2281,"comment_status":"open","ping_status":"open","sticky":false,"template":"","format":"standard","meta":[],"categories":[56],"tags":[78,23,90],"_links":{"self":[{"href":"http:\/\/hestiafundacion.org\/ca\/wp-json\/wp\/v2\/posts\/2283\/"}],"collection":[{"href":"http:\/\/hestiafundacion.org\/ca\/wp-json\/wp\/v2\/posts\/"}],"about":[{"href":"http:\/\/hestiafundacion.org\/ca\/wp-json\/wp\/v2\/types\/post\/"}],"author":[{"embeddable":true,"href":"http:\/\/hestiafundacion.org\/ca\/wp-json\/wp\/v2\/users\/3\/"}],"replies":[{"embeddable":true,"href":"http:\/\/hestiafundacion.org\/ca\/wp-json\/wp\/v2\/comments\/?post=2283"}],"version-history":[{"count":8,"href":"http:\/\/hestiafundacion.org\/ca\/wp-json\/wp\/v2\/posts\/2283\/revisions\/"}],"predecessor-version":[{"id":2315,"href":"http:\/\/hestiafundacion.org\/ca\/wp-json\/wp\/v2\/posts\/2283\/revisions\/2315\/"}],"wp:featuredmedia":[{"embeddable":true,"href":"http:\/\/hestiafundacion.org\/ca\/wp-json\/wp\/v2\/media\/2281\/"}],"wp:attachment":[{"href":"http:\/\/hestiafundacion.org\/ca\/wp-json\/wp\/v2\/media\/?parent=2283"}],"wp:term":[{"taxonomy":"category","embeddable":true,"href":"http:\/\/hestiafundacion.org\/ca\/wp-json\/wp\/v2\/categories\/?post=2283"},{"taxonomy":"post_tag","embeddable":true,"href":"http:\/\/hestiafundacion.org\/ca\/wp-json\/wp\/v2\/tags\/?post=2283"}],"curies":[{"name":"wp","href":"https:\/\/api.w.org\/{rel}","templated":true}]}}