{"id":2340,"date":"2019-06-06T08:02:59","date_gmt":"2019-06-06T08:02:59","guid":{"rendered":"http:\/\/hestiafundacion.org\/?p=2340"},"modified":"2019-06-17T12:23:57","modified_gmt":"2019-06-17T12:23:57","slug":"la-fundacio-hestia-incideix-sobre-lactual-model-de-proteccio-i-tutela-dadults","status":"publish","type":"post","link":"http:\/\/hestiafundacion.org\/ca\/la-fundacio-hestia-incideix-sobre-lactual-model-de-proteccio-i-tutela-dadults\/","title":{"rendered":"La Fundaci\u00f3 Hestia incideix sobre l&#8217;actual model de protecci\u00f3 i tutela d&#8217;adults"},"content":{"rendered":"<p>El passat 30 de juny, <strong>Claudia Ruiz<\/strong>, educadora social de la <strong>Fundaci\u00f3 Hestia<\/strong>, va presentar la segona part de la sessi\u00f3 formativa &#8220;<strong>Protecci\u00f3 i tutela d&#8217;adults<\/strong>&#8220;, introdu\u00efda dies abans per <a href=\"http:\/\/hestiafundacion.org\/ca\/envelliment-dependencia-i-incapacitacio-centren-una-nova-sessio-formativa-de-la-fundacio-hestia\/\">Aina Massuet<\/a>. En aquesta ocasi\u00f3, la sessi\u00f3 es va centrar en les<strong> institucions de guarda i protecci\u00f3<\/strong>, descrivint amb m\u00e9s detall les figures de tutela, curatela, defensa judicial i guarda de fet.<\/p>\n<p>Durant l&#8217;exposici\u00f3 de Ruiz, els assistents van poder reflexionar sobre cadascuna d&#8217;aquestes figures de guarda i de com s&#8217;ha arribat a la regulaci\u00f3 actual del procediment de modificaci\u00f3 de la capacitat. La sessi\u00f3 va ser debatuda entre els assistents que van completar la seva formaci\u00f3 i van aportar el seu punt de vista des de la perspectiva de la <strong>pr\u00e0ctica tutelar di\u00e0ria<\/strong>.<\/p>\n<p>Aix\u00ed, va ser possible repassar que a Espanya la regulaci\u00f3 actual del procediment de modificaci\u00f3 de la capacitat i les figures tutelars va ser introdu\u00efda despr\u00e9s de la reforma del Codi Civil en 1983 i va suposar passar del model de <strong>&#8220;tutela en fam\u00edlia&#8221; <\/strong>al de <strong>&#8220;tutela d&#8217;autoritat&#8221;<\/strong>, la qual cosa va implicar despla\u00e7ar els \u00f2rgans tu\u00eftius de la persona a l&#8217;autoritat o el control del jutge.<\/p>\n<p>Origin\u00e0riament, el<strong> model de tutela de familiar<\/strong> contemplava la incapacitaci\u00f3 en les condicions de <em>bogeria<\/em>, <em>dem\u00e8ncia<\/em>, <em>sordomudesa<\/em> (acompanyada de la manca de saber llegir i escriure), <em>prodigalitat<\/em> i estar patint la <em>pena d&#8217;interdicci\u00f3 civil<\/em>.<\/p>\n<p>En l&#8217;actual <strong>model de tutela d&#8217;autoritat<\/strong> les causes de modificaci\u00f3 de la capacitat s&#8217;identifiquen amb les <em>malalties o defici\u00e8ncies persistents de car\u00e0cter f\u00edsic o ps\u00edquic, que impedeixin a la persona governar-se per si mateixa<\/em>.<\/p>\n<p>En el decurs de l&#8217;exposici\u00f3 es van presentar els <strong>diferents models d&#8217;atenci\u00f3 sobre l&#8217;exercici de la tutela<\/strong> en el territori espanyol. Des del model p\u00fablic, al p\u00fablic-privat o a l&#8217;exclusivament privat que \u00e9s el que aplica en Catalu\u00f1a.<\/p>\n<p>En l&#8217;apartat final, sobre les <strong>perspectives de futur<\/strong>, es va destacar el que constitueix un dels principals reptes de la pol\u00edtica social dels pa\u00efsos desenvolupats : l&#8217;aplicaci\u00f3 de la Llei 39\/2006 de 14 de desembre sobre la promoci\u00f3 de l&#8217;autonomia personal i atenci\u00f3 a la persona en situaci\u00f3 de depend\u00e8ncia.<\/p>\n<p>L&#8217;aplicaci\u00f3 de la Convenci\u00f3 de les Nacions Unides sobre els drets de les persones amb discapacitat implica <strong>passar d&#8217;un model d&#8217;incapacitaci\u00f3 a un altre de suport<\/strong> en el qual s&#8217;atorga prefer\u00e8ncia a les mesures preventives, \u00e9s a dir, a les que pot prendre la persona interessada en previsi\u00f3 d&#8217;una futura necessitat. \u00a0Aquesta nova figura es constitueix com un acompanyament amist\u00f3s en la presa de decisions de les persones amb discapacitat.<\/p>\n","protected":false},"excerpt":{"rendered":"<p>El passat 30 de juny, Claudia Ruiz, educadora social de la Fundaci\u00f3 Hestia, va presentar la segona part de la sessi\u00f3 formativa &#8220;Protecci\u00f3 i tutela d&#8217;adults&#8220;, introdu\u00efda dies abans per Aina Massuet. En aquesta ocasi\u00f3, la sessi\u00f3 es va centrar en les institucions de guarda&#8230;<\/p>\n","protected":false},"author":3,"featured_media":5116,"comment_status":"open","ping_status":"open","sticky":false,"template":"","format":"standard","meta":[],"categories":[49,56,48,220],"tags":[110,111,85,108,112,106],"_links":{"self":[{"href":"http:\/\/hestiafundacion.org\/ca\/wp-json\/wp\/v2\/posts\/2340\/"}],"collection":[{"href":"http:\/\/hestiafundacion.org\/ca\/wp-json\/wp\/v2\/posts\/"}],"about":[{"href":"http:\/\/hestiafundacion.org\/ca\/wp-json\/wp\/v2\/types\/post\/"}],"author":[{"embeddable":true,"href":"http:\/\/hestiafundacion.org\/ca\/wp-json\/wp\/v2\/users\/3\/"}],"replies":[{"embeddable":true,"href":"http:\/\/hestiafundacion.org\/ca\/wp-json\/wp\/v2\/comments\/?post=2340"}],"version-history":[{"count":3,"href":"http:\/\/hestiafundacion.org\/ca\/wp-json\/wp\/v2\/posts\/2340\/revisions\/"}],"predecessor-version":[{"id":2343,"href":"http:\/\/hestiafundacion.org\/ca\/wp-json\/wp\/v2\/posts\/2340\/revisions\/2343\/"}],"wp:featuredmedia":[{"embeddable":true,"href":"http:\/\/hestiafundacion.org\/ca\/wp-json\/wp\/v2\/media\/5116\/"}],"wp:attachment":[{"href":"http:\/\/hestiafundacion.org\/ca\/wp-json\/wp\/v2\/media\/?parent=2340"}],"wp:term":[{"taxonomy":"category","embeddable":true,"href":"http:\/\/hestiafundacion.org\/ca\/wp-json\/wp\/v2\/categories\/?post=2340"},{"taxonomy":"post_tag","embeddable":true,"href":"http:\/\/hestiafundacion.org\/ca\/wp-json\/wp\/v2\/tags\/?post=2340"}],"curies":[{"name":"wp","href":"https:\/\/api.w.org\/{rel}","templated":true}]}}