{"id":2351,"date":"2019-06-17T13:39:33","date_gmt":"2019-06-17T13:39:33","guid":{"rendered":"http:\/\/hestiafundacion.org\/?p=2351"},"modified":"2019-06-28T06:19:29","modified_gmt":"2019-06-28T06:19:29","slug":"la-catedra-hestia-lliura-les-beques-de-recerca-i-els-premis-de-2019","status":"publish","type":"post","link":"http:\/\/hestiafundacion.org\/ca\/la-catedra-hestia-lliura-les-beques-de-recerca-i-els-premis-de-2019\/","title":{"rendered":"La C\u00e0tedra Hestia lliura les beques de recerca i els premis de 2019"},"content":{"rendered":"<p>El <strong>Campus Sant Cugat de la Universitat Internacional de Catalunya<\/strong> va acollir el passat 12 de juny l&#8217;acte de lliurament de la segona edici\u00f3 de les <strong>Beques de Recerca Hestia<\/strong> i dels <strong>Premis Hestia 2019<\/strong>. Totes dues iniciatives estan impulsades per la <strong>C\u00e0tedra Hestia en Atenci\u00f3 Integrada Social i Sanit\u00e0ria<\/strong>, fruit de la col\u00b7laboraci\u00f3 entre la<strong> Facultat de Medicina i Ci\u00e8ncies de la Salut<\/strong> de UIC Barcelona i la <strong>Fundaci\u00f3 Hestia<\/strong>.<\/p>\n<p>Amb la voluntat de donar suport a projectes docents i de recerca liderats per professionals, equips i institucions que dediquen la seva activitat a atendre <strong>persones vulnerables amb altes necessitats d&#8217;atenci\u00f3 social i sanit\u00e0ria<\/strong>, la <strong>C\u00e0tedra Hestia<\/strong> va convocar les <strong>Beques de Recerca Hestia<\/strong> que, en la seva segona edici\u00f3, han correspost a:<\/p>\n<ul>\n<li><strong>Abelardo Montero<\/strong>, de l&#8217;Hospital Universitari de Bellvitge, per &#8220;Influ\u00e8ncia de la s\u00edndrome confusional en l&#8217;evoluci\u00f3 funcional i cognitiva de la gent gran amb fractura de maluc i intervenci\u00f3 de la transfer\u00e8ncia entre els diferentes dispositius assistencials i d&#8217;un programa multidisciplinari de prevenci\u00f3 &#8220;.<\/li>\n<li><strong>Alba Roca<\/strong>, Hospital Cl\u00ednic de Barcelona, \u200b\u200bi <strong>Estel Gelabert<\/strong> (Universitat Aut\u00f2noma de Barcelona), &#8220;Hospital de Dia Mare Nad\u00f3: Efectivitat de la Intervenci\u00f3 Intensiva Multidisciplinar per a Dones amb Trastorn Mental Perinatal &#8220;.<\/li>\n<li><strong>Javier Jerez Roig<\/strong>, UVIC, &#8220;Incontin\u00e8ncia en Resid\u00e8ncies Geri\u00e0triques de la Comarca d&#8217;Osona&#8221; (presentat per Montserrat Romero); i,<\/li>\n<li><strong>Jes\u00fas Campo<\/strong>, Hospital Universitari Puerta del Hierro Majadahonda, &#8220;Projecte Ortogeriactiva&#8221;.<\/li>\n<\/ul>\n<p>&nbsp;<\/p>\n<p>Aix\u00ed mateix, la <strong>C\u00e0tedra Hestia<\/strong> va donar a con\u00e8ixer els projectes mereixedors dels <strong>Premis Hestia 2019,<\/strong> que han recaigut en aquesta convocat\u00f2ria en:<\/p>\n<ul>\n<li><strong>Eva Caselles Pujol, <\/strong>d&#8217; Hestia Balaguer, en la categor\u00eda\u00a0<strong>Millor comunicaci\u00f3 presentada en un congr\u00e9s<\/strong>: Pacients amb necessitats complexes (PCC \/ ECA): Factors associats a la p\u00e8rdua funcional.<\/li>\n<li><strong>Cristina Ibarrola Guill\u00e9n<\/strong>, Servei Navarr\u00e8s de Salut-Osasunbidea,\u00a0<strong>Millor treball de fi de m\u00e0ster<\/strong>: Avaluaci\u00f3 de l&#8217;Estrat\u00e8gia Navarra d&#8217;Atenci\u00f3 Integrada a pacients pluripatol\u00f2gics als dos anys de la seva implantaci\u00f3.<\/li>\n<li><strong>Ana Barajas V\u00e9lez<\/strong>, Parc Sanitari Sant Joan de D\u00e9u,\u00a0<strong>Millor treball publicat<\/strong>: <em>Predictive capacity of prodomal symptoms in first-episode Psychosis of recent onset<\/em>.<\/li>\n<li><strong>Francisco Eiroa<\/strong>, Obertament (Alian\u00e7a catalana de lluita contra l&#8217;estigma i la discriminaci\u00f3 en salut mental) i <strong>Universitat de Barcelona<\/strong> (presentat per Cecilia S\u00e1nchez),\u00a0<strong>Acc\u00e9sit<\/strong> <strong>a millor treball publicat<\/strong>: La formaci\u00f3 d&#8217;activistes en salut mental aumenta el benestar dels participants amb alts nivells d&#8217;autoestigma.<\/li>\n<\/ul>\n<p>&nbsp;<\/p>\n<p><strong>C\u00e0tedra Hestia, l&#8217;impuls a la recerca en l&#8217;\u00e0mbit sociosanitari i \/o de la salut mental<\/strong><\/p>\n<p>A la <strong>segona edici\u00f3<\/strong> de les Beques de Recerca i Premis Hestia 2019 que promou la<strong> C\u00e0tedra Hestia en Atenci\u00f3 Integrada Social i Sanit\u00e0ria<\/strong> havien concorregut <a href=\"http:\/\/hestiafundacion.org\/ca\/la-catedra-hestia-prepara-el-reconeixement-dels-projectes-seleccionats-en-la-seva-segona-edicio-de-beques-i-premis\/\"><strong>77 candidatures<\/strong><\/a>. \u00a0Amb aquesta iniciativa, aix\u00ed com amb altres com ara f\u00f2rums de debat, tallers d&#8217;experts, jornades cient\u00edfiques, confer\u00e8ncies, activitats de formaci\u00f3 o publicaci\u00f3 de treballs de recerca i tesis doctorals, la <strong>C\u00e0tedra Hestia<\/strong> pret\u00e9n donar suport, recon\u00e8ixer i difondre les millors iniciatives en l&#8217; camp de la recerca en l&#8217;\u00e0mbit sociosanitari i \/ o de la salut mental.<\/p>\n","protected":false},"excerpt":{"rendered":"<p>El Campus Sant Cugat de la Universitat Internacional de Catalunya va acollir el passat 12 de juny l&#8217;acte de lliurament de la segona edici\u00f3 de les Beques de Recerca Hestia i dels Premis Hestia 2019. Totes dues iniciatives estan impulsades per la C\u00e0tedra Hestia en&#8230;<\/p>\n","protected":false},"author":3,"featured_media":2353,"comment_status":"open","ping_status":"open","sticky":false,"template":"","format":"standard","meta":[],"categories":[39,99],"tags":[78,23,113],"_links":{"self":[{"href":"http:\/\/hestiafundacion.org\/ca\/wp-json\/wp\/v2\/posts\/2351\/"}],"collection":[{"href":"http:\/\/hestiafundacion.org\/ca\/wp-json\/wp\/v2\/posts\/"}],"about":[{"href":"http:\/\/hestiafundacion.org\/ca\/wp-json\/wp\/v2\/types\/post\/"}],"author":[{"embeddable":true,"href":"http:\/\/hestiafundacion.org\/ca\/wp-json\/wp\/v2\/users\/3\/"}],"replies":[{"embeddable":true,"href":"http:\/\/hestiafundacion.org\/ca\/wp-json\/wp\/v2\/comments\/?post=2351"}],"version-history":[{"count":10,"href":"http:\/\/hestiafundacion.org\/ca\/wp-json\/wp\/v2\/posts\/2351\/revisions\/"}],"predecessor-version":[{"id":2407,"href":"http:\/\/hestiafundacion.org\/ca\/wp-json\/wp\/v2\/posts\/2351\/revisions\/2407\/"}],"wp:featuredmedia":[{"embeddable":true,"href":"http:\/\/hestiafundacion.org\/ca\/wp-json\/wp\/v2\/media\/2353\/"}],"wp:attachment":[{"href":"http:\/\/hestiafundacion.org\/ca\/wp-json\/wp\/v2\/media\/?parent=2351"}],"wp:term":[{"taxonomy":"category","embeddable":true,"href":"http:\/\/hestiafundacion.org\/ca\/wp-json\/wp\/v2\/categories\/?post=2351"},{"taxonomy":"post_tag","embeddable":true,"href":"http:\/\/hestiafundacion.org\/ca\/wp-json\/wp\/v2\/tags\/?post=2351"}],"curies":[{"name":"wp","href":"https:\/\/api.w.org\/{rel}","templated":true}]}}