{"id":2374,"date":"2019-06-21T09:21:05","date_gmt":"2019-06-21T09:21:05","guid":{"rendered":"http:\/\/hestiafundacion.org\/?p=2374"},"modified":"2019-11-07T10:48:18","modified_gmt":"2019-11-07T08:48:18","slug":"tutelats-de-la-fundacio-hestia-participen-als-preparatius-de-la-festa-major-de-gracia-2019-de-barcelona","status":"publish","type":"post","link":"http:\/\/hestiafundacion.org\/ca\/tutelats-de-la-fundacio-hestia-participen-als-preparatius-de-la-festa-major-de-gracia-2019-de-barcelona\/","title":{"rendered":"Tutelats de Fundaci\u00f3 Hestia participen en els preparatius de las Fiestas de Gr\u00e0cia"},"content":{"rendered":"<p>Un <strong>n\u00favol de papallones<\/strong> per voletejar a les <strong>Festes de Gr\u00e0cia 2019<\/strong>.\u00a0Dins del marc dels preparatius que duen a terme les comissions de treball de decoraci\u00f3 dels carrers per les festes del barri de Gr\u00e0cia de Barcelona, la <strong>Fundaci\u00f3 Hestia<\/strong> participa en la elaboraci\u00f3 d\u2019<strong>elements decoratius<\/strong> pel carrer Lluis Vives.<\/p>\n<p>Per aquest motiu, la seu de la Fundaci\u00f3 va acollir un taller en el que <strong>els tutelats van pintar al voltant de 150 papallones<\/strong> blanques i grogues i decorar-les despr\u00e9s amb color negre, seguint les indicaciones de la comissi\u00f3 de festes en la que participa aquest any aquesta fundaci\u00f3 vinculada a <a href=\"http:\/\/hestiaalliance.org\">Hestia Alliance.<\/a><\/p>\n<p>La proposta va ser molt ben acollida pels <strong>tutelats de la Fundaci\u00f3 Hestia<\/strong>, els quals \u00a0van participar activament, mostrant-se molt motivats per aquesta nova proposta. Molts d\u2019ells viuen al mateix barri de Gr\u00e0cia o s\u00f3n coneixedors de l\u2019arrelada tradici\u00f3 de la seva festa major, que es celebrar\u00e0 entre el 15 i el 21 d&#8217;agost.<\/p>\n<div id=\"attachment_2379\" style=\"width: 710px\" class=\"wp-caption alignnone\"><img aria-describedby=\"caption-attachment-2379\" loading=\"lazy\" class=\"wp-image-2379\" src=\"http:\/\/hestiafundacion.org\/wp-content\/uploads\/2019\/06\/IMG_20190521_Taller-Gracia_3-1024x576.jpg\" alt=\"\" width=\"700\" height=\"394\" srcset=\"http:\/\/hestiafundacion.org\/wp-content\/uploads\/2019\/06\/IMG_20190521_Taller-Gracia_3-1024x576.jpg 1024w, http:\/\/hestiafundacion.org\/wp-content\/uploads\/2019\/06\/IMG_20190521_Taller-Gracia_3-300x169.jpg 300w, http:\/\/hestiafundacion.org\/wp-content\/uploads\/2019\/06\/IMG_20190521_Taller-Gracia_3-768x432.jpg 768w, http:\/\/hestiafundacion.org\/wp-content\/uploads\/2019\/06\/IMG_20190521_Taller-Gracia_3-700x394.jpg 700w, http:\/\/hestiafundacion.org\/wp-content\/uploads\/2019\/06\/IMG_20190521_Taller-Gracia_3-539x303.jpg 539w\" sizes=\"(max-width: 700px) 100vw, 700px\" \/><p id=\"caption-attachment-2379\" class=\"wp-caption-text\">Tutelats durant l&#8217;activitat. FOTO.- FH<\/p><\/div>\n<p>&nbsp;<\/p>\n<p><strong>Tallers vinculats als recursos\u00a0culturals i de\u00a0<\/strong><b>lleure<\/b><\/p>\n<p>L\u2019objectiu d\u2019aquestes activitats \u00e9s enfortir el <strong>vincle entre el tutelat i la Fundaci\u00f3 Hestia<\/strong>\u00a0mitjan\u00e7ant la participaci\u00f3 de tallers adaptats a les seves possibilitats, com aquest i l&#8217;organitzat el passat mes d&#8217;abril amb motiu de <a href=\"http:\/\/hestiafundacion.org\/ca\/els-tutelats-de-la-fundacio-hestia-participen-en-un-taller-inspirat-en-sant-jordi\/\">Sant Jordi.<\/a><\/p>\n<p>Amb els tallers, a la vegada que s\u2019afavoreix la implicaci\u00f3 dels usuaris en el funcionament de l&#8217;entitat, s\u2019ofereix un <strong>espai de contacte, relaci\u00f3 i contenci\u00f3 en un marc de confian\u00e7a <\/strong>pels tutelats, en aquest cas amb l\u2019afegit de potenciar i afavorir la utilitzaci\u00f3 dels recursos de lleure i culturals que la mateixa ciutat de Barcelona ofereix.<\/p>\n<p>A m\u00e9s del taller organitzat a la <strong>Fundaci\u00f3 Hesti<\/strong>a,\u00a0 els tutelats tenen la opci\u00f3 de participar a les <strong>jornades de decoraci\u00f3<\/strong> que organitza la comissi\u00f3 de festes del barri de Gr\u00e0cia i\u00a0 que es fan tots els dissabtes del 25 de Maig al 29 de Juny al mateix carrer de Lluis Vives.<\/p>\n<p>Paral\u00b7lelament, la <strong>Fundaci\u00f3 Hestia<\/strong> t\u00e9 programada una <strong>sortida conjunta<\/strong> amb tots els tutelats que vulguin sumar-s\u2019hi el proper 19 d\u2019agost per passejar pel barri de Gr\u00e0cia i gaudir de les seves populars festes.<\/p>\n","protected":false},"excerpt":{"rendered":"<p>Un n\u00favol de papallones per voletejar a les Festes de Gr\u00e0cia 2019.\u00a0Dins del marc dels preparatius que duen a terme les comissions de treball de decoraci\u00f3 dels carrers per les festes del barri de Gr\u00e0cia de Barcelona, la Fundaci\u00f3 Hestia participa en la elaboraci\u00f3 d\u2019elements&#8230;<\/p>\n","protected":false},"author":3,"featured_media":2490,"comment_status":"open","ping_status":"open","sticky":false,"template":"","format":"standard","meta":[],"categories":[49,48],"tags":[115,116,51],"_links":{"self":[{"href":"http:\/\/hestiafundacion.org\/ca\/wp-json\/wp\/v2\/posts\/2374\/"}],"collection":[{"href":"http:\/\/hestiafundacion.org\/ca\/wp-json\/wp\/v2\/posts\/"}],"about":[{"href":"http:\/\/hestiafundacion.org\/ca\/wp-json\/wp\/v2\/types\/post\/"}],"author":[{"embeddable":true,"href":"http:\/\/hestiafundacion.org\/ca\/wp-json\/wp\/v2\/users\/3\/"}],"replies":[{"embeddable":true,"href":"http:\/\/hestiafundacion.org\/ca\/wp-json\/wp\/v2\/comments\/?post=2374"}],"version-history":[{"count":8,"href":"http:\/\/hestiafundacion.org\/ca\/wp-json\/wp\/v2\/posts\/2374\/revisions\/"}],"predecessor-version":[{"id":2400,"href":"http:\/\/hestiafundacion.org\/ca\/wp-json\/wp\/v2\/posts\/2374\/revisions\/2400\/"}],"wp:featuredmedia":[{"embeddable":true,"href":"http:\/\/hestiafundacion.org\/ca\/wp-json\/wp\/v2\/media\/2490\/"}],"wp:attachment":[{"href":"http:\/\/hestiafundacion.org\/ca\/wp-json\/wp\/v2\/media\/?parent=2374"}],"wp:term":[{"taxonomy":"category","embeddable":true,"href":"http:\/\/hestiafundacion.org\/ca\/wp-json\/wp\/v2\/categories\/?post=2374"},{"taxonomy":"post_tag","embeddable":true,"href":"http:\/\/hestiafundacion.org\/ca\/wp-json\/wp\/v2\/tags\/?post=2374"}],"curies":[{"name":"wp","href":"https:\/\/api.w.org\/{rel}","templated":true}]}}