{"id":2488,"date":"2019-08-28T14:48:18","date_gmt":"2019-08-28T12:48:18","guid":{"rendered":"http:\/\/hestiafundacion.org\/?p=2488"},"modified":"2019-11-07T10:47:04","modified_gmt":"2019-11-07T08:47:04","slug":"els-tutelats-de-la-fundacio-hestia-gaudeixen-de-les-festes-de-gracia-2019","status":"publish","type":"post","link":"http:\/\/hestiafundacion.org\/ca\/els-tutelats-de-la-fundacio-hestia-gaudeixen-de-les-festes-de-gracia-2019\/","title":{"rendered":"Els tutelats de la Fundaci\u00f3 Hestia gaudeixen de les Festes de Gr\u00e0cia 2019"},"content":{"rendered":"<p><a href=\"http:\/\/hestiafundacion.org\/ca\/tutelats-de-la-fundacio-hestia-participen-als-preparatius-de-la-festa-major-de-gracia-2019-de-barcelona\/\">Havien col\u00b7laborat en els guariments d\u2019un dels carrers del barri<\/a> i per aix\u00f2 la seva passejada amb motiu de les <strong>Festes de Gr\u00e0cia<\/strong> va tenir un al\u00b7licient especial. <strong>Tutelats de la Fundaci\u00f3 Hestia<\/strong> van sortir el passat dia 19 amb motiu de les celebracions estiuenques d\u2019aquest emblem\u00e0tic rac\u00f3 barcelon\u00ed, que s\u2019engalana cada any a mitjans d\u2019agost.<\/p>\n<p>Els tutelats van gaudir tant de l\u2019ambient festiu com de les impressionants decoracions d\u2019aquesta edici\u00f3. Van observar, contents, com el <strong>fruit del seu treball<\/strong> en uns tallers, un <strong>n\u00favol de papallones<\/strong> de paper alegrava el <strong>carrer de Lluis Vives,<\/strong>\u00a0que aquest any havia adoptat com a lema \u201cLa font de la festa\u201d per donar protagonisme al principal element diferencial d\u2019aquesta via, la seva font.<\/p>\n<p>La col\u00b7laboraci\u00f3 en tallers, com ara el d\u2019elements decoratius per a aquesta festivitat, i la realitzaci\u00f3 de sortides permet enfortir els lla\u00e7os entre els tutelats i l\u2019entitat que els tutela, i proporcionar<strong> experi\u00e8ncies de contacte, integraci\u00f3 social i lleure<\/strong> que aprofiten dels recursos culturals de la ciutat de <strong>Barcelona.<\/strong><\/p>\n<p>&nbsp;<\/p>\n<p><strong>La Festa Major de Gr\u00e0cia<\/strong><\/p>\n<p>L\u2019 origen de la Festa Major de Gr\u00e0cia es remunta a 1850, quan l\u2019aleshores villa de Gr\u00e0cia va emancipar-se de Barcelona i va comen\u00e7ar a celebrar la seva festa major el 15 d\u2019agost, coincidint amb la Verge d\u2019Agost. El <strong>guarniment de carrers i places<\/strong> per part del ve\u00efnat, i els actes festius per a grans i petits s\u00f3n els elements m\u00e9s que m\u00e9s identifiquen una festa que es perllonga durant una setmana i que rep una gran aflu\u00e8ncia de gent.<\/p>\n<p>Els temes dels guarnits s\u00f3n molt variats i es poden agrupar en tres grans apartats: cr\u00edtiques o ironies sobre aspectes d&#8217;actualitat, espais ex\u00f2tics i encantats i la recreaci\u00f3 de la hist\u00f2ria local barcelonina.\u00a0A banda del tradicional <strong>concurs<\/strong> de guarnici\u00f3 de carrers, que dona for\u00e7a premis- en aquesta edici\u00f3, el carrer en la decoraci\u00f3 del qual col\u00b7labor\u00e0 la Fundaci\u00f3, obtingu\u00e9 el 20\u00e9-, s&#8217;organitza tamb\u00e9 un concurs de decoraci\u00f3 de balcons i portals que \u00e9s de creaci\u00f3 m\u00e9s recent.<\/p>\n","protected":false},"excerpt":{"rendered":"<p>Havien col\u00b7laborat en els guariments d\u2019un dels carrers del barri i per aix\u00f2 la seva passejada amb motiu de les Festes de Gr\u00e0cia va tenir un al\u00b7licient especial. Tutelats de la Fundaci\u00f3 Hestia van sortir el passat dia 19 amb motiu de les celebracions estiuenques&#8230;<\/p>\n","protected":false},"author":3,"featured_media":2762,"comment_status":"open","ping_status":"open","sticky":false,"template":"","format":"standard","meta":[],"categories":[49],"tags":[116,132,51,50],"_links":{"self":[{"href":"http:\/\/hestiafundacion.org\/ca\/wp-json\/wp\/v2\/posts\/2488\/"}],"collection":[{"href":"http:\/\/hestiafundacion.org\/ca\/wp-json\/wp\/v2\/posts\/"}],"about":[{"href":"http:\/\/hestiafundacion.org\/ca\/wp-json\/wp\/v2\/types\/post\/"}],"author":[{"embeddable":true,"href":"http:\/\/hestiafundacion.org\/ca\/wp-json\/wp\/v2\/users\/3\/"}],"replies":[{"embeddable":true,"href":"http:\/\/hestiafundacion.org\/ca\/wp-json\/wp\/v2\/comments\/?post=2488"}],"version-history":[{"count":7,"href":"http:\/\/hestiafundacion.org\/ca\/wp-json\/wp\/v2\/posts\/2488\/revisions\/"}],"predecessor-version":[{"id":2766,"href":"http:\/\/hestiafundacion.org\/ca\/wp-json\/wp\/v2\/posts\/2488\/revisions\/2766\/"}],"wp:featuredmedia":[{"embeddable":true,"href":"http:\/\/hestiafundacion.org\/ca\/wp-json\/wp\/v2\/media\/2762\/"}],"wp:attachment":[{"href":"http:\/\/hestiafundacion.org\/ca\/wp-json\/wp\/v2\/media\/?parent=2488"}],"wp:term":[{"taxonomy":"category","embeddable":true,"href":"http:\/\/hestiafundacion.org\/ca\/wp-json\/wp\/v2\/categories\/?post=2488"},{"taxonomy":"post_tag","embeddable":true,"href":"http:\/\/hestiafundacion.org\/ca\/wp-json\/wp\/v2\/tags\/?post=2488"}],"curies":[{"name":"wp","href":"https:\/\/api.w.org\/{rel}","templated":true}]}}