{"id":2524,"date":"2019-09-20T20:10:09","date_gmt":"2019-09-20T18:10:09","guid":{"rendered":"http:\/\/hestiafundacion.org\/?p=2524"},"modified":"2019-10-02T16:07:23","modified_gmt":"2019-10-02T14:07:23","slug":"primers-compassos-del-matealestigma-2019-2020","status":"publish","type":"post","link":"http:\/\/hestiafundacion.org\/ca\/primers-compassos-del-matealestigma-2019-2020\/","title":{"rendered":"Primers compassos del #MatealEstigma 2019-2020"},"content":{"rendered":"<p>El projecte <strong>#Matealestigma 2019-2010<\/strong> de la <strong>Fundaci\u00f3 Hestia<\/strong> ja est\u00e0 en joc. Despr\u00e9s de les fotos #MatealEstigma juntament amb el B The Travel Brand i el Reial M\u00farcia B\u00e0squet amb motiu dels trofeus Itegra Illes Balears i Illa de Menorca, respectivament, la plantilla i l&#8217;equip t\u00e8cnic de l&#8217;<strong>Hestia Menorca<\/strong> van mantenir el passat dia 12 una trobada amb la <strong>Fundaci\u00f3 Hestia<\/strong>, el seu patrocinador principal, al Pavell\u00f3 Menorca.<\/p>\n<p>En un ambient molt dist\u00e8s, jugadors i t\u00e8cnics van recordar en qu\u00e8 consisteix el projecte #MatealEstigma i com poden contribuir a la seva difusi\u00f3, per tal que l&#8217;<strong>Hestia Menorca<\/strong> serveixi d&#8217;altaveu en aquesta <strong>iniciativa de sensibilitzaci\u00f3 sobre salut mental<\/strong> de la Fundaci\u00f3 Hestia, patrocinador principal de l&#8217;equip de b\u00e0squet menorqu\u00ed que milita a la <strong>LEB Plata.<\/strong><\/p>\n<p><strong>Properes accions<\/strong><\/p>\n<p>Tras aquesta trobada, el projecte #MatealEstigma ha viatjat aquesta mateixa setmana a <strong>Girona<\/strong>. Amb motiu del despla\u00e7ament de l&#8217;Hestia Menorca a la ciutat catalana, Oriol Incarbone, psic\u00f2leg esportiu de la Fundaci\u00f3 Hestia, va impartir el 18 de setembre una <strong>xerrada sobre activitat f\u00edsica i salut mental<\/strong> a la seu de Support Fundaci\u00f3 Tutelar Girona, entitat que, juntament amb la Associaci\u00f3 Fam\u00edlia i Salut Mental de Girona i Comarques i la Fundaci\u00f3 Drissa, va col\u00b7laborar en l&#8217;organitzaci\u00f3 de l&#8217;activitat.<\/p>\n<p>Aix\u00ed mateix, <strong>B\u00e0squet Girona<\/strong> participa en altra de les accions que vertebren el projecte # MatealEstigma- l&#8217;assist\u00e8ncia a partits de la LEB Plata- i <strong>ha posat entrades a disposici\u00f3 del col\u00b7lectiu de persones amb malaltia o trastorn mental<\/strong> per tal que puguin gaudir de l&#8217;encontre que l&#8217;equip catal\u00e0 disputa contra l&#8217;Hestia Menorca el 21 de setembre, primera jornada de la temporada.<\/p>\n<p>Tambi\u00e9n, al llarg de les properes setmanes , la <strong>Fundaci\u00f3 Hestia<\/strong> repartir\u00e0 entre el <strong>col\u00b7lectiu de salut mental de Menorca<\/strong> les<strong> entrades<\/strong> que li corresponen en qualitat de patrocinador principal. Aix\u00ed, per segona temporada consecutiva, usuaris de l&#8217;\u00c0rea de Salut de Menorca, la Fundaci\u00f3 de Persones amb Discapacitat de Menorca, TEA Menorca o AFEM Menorca podran acudir al Pavell\u00f3 Menorca per gaudir dels partits de LEB Plata que disputi el club menorqu\u00edn.<\/p>\n<p>Aquestes accions es vinculen al <strong>patrocini de la Fundaci\u00f3 Hestia<\/strong> de l&#8217;<strong>Hestia Menorca<\/strong>, un patrocini vinculat a un projecte esportiu i social que pret\u00e9n lluitar contra l&#8217;estigmatitzaci\u00f3 que comporten les malalties mentals i conscienciar la societat sobre els beneficis de l&#8217;activitat f\u00edsica a l&#8217;hora de prevenir-les i de millorar la integraci\u00f3 de qui les pateix. El patrocini es va iniciar el juliol de 2018 i, recentment, la <a href=\"http:\/\/hestiafundacion.org\/ca\/fundacion-hestia-aposta-una-temporada-mes-pel-basquet-menorca-per-seguir-donant-un-matealestigma-per-la-salut-mental\/\">Fundaci\u00f3 l&#8217;ha renovat<\/a>.<\/p>\n","protected":false},"excerpt":{"rendered":"<p>El projecte #Matealestigma 2019-2010 de la Fundaci\u00f3 Hestia ja est\u00e0 en joc. Despr\u00e9s de les fotos #MatealEstigma juntament amb el B The Travel Brand i el Reial M\u00farcia B\u00e0squet amb motiu dels trofeus Itegra Illes Balears i Illa de Menorca, respectivament, la plantilla i l&#8217;equip&#8230;<\/p>\n","protected":false},"author":3,"featured_media":2620,"comment_status":"open","ping_status":"open","sticky":false,"template":"","format":"standard","meta":[],"categories":[129,135,30],"tags":[],"_links":{"self":[{"href":"http:\/\/hestiafundacion.org\/ca\/wp-json\/wp\/v2\/posts\/2524\/"}],"collection":[{"href":"http:\/\/hestiafundacion.org\/ca\/wp-json\/wp\/v2\/posts\/"}],"about":[{"href":"http:\/\/hestiafundacion.org\/ca\/wp-json\/wp\/v2\/types\/post\/"}],"author":[{"embeddable":true,"href":"http:\/\/hestiafundacion.org\/ca\/wp-json\/wp\/v2\/users\/3\/"}],"replies":[{"embeddable":true,"href":"http:\/\/hestiafundacion.org\/ca\/wp-json\/wp\/v2\/comments\/?post=2524"}],"version-history":[{"count":7,"href":"http:\/\/hestiafundacion.org\/ca\/wp-json\/wp\/v2\/posts\/2524\/revisions\/"}],"predecessor-version":[{"id":2587,"href":"http:\/\/hestiafundacion.org\/ca\/wp-json\/wp\/v2\/posts\/2524\/revisions\/2587\/"}],"wp:featuredmedia":[{"embeddable":true,"href":"http:\/\/hestiafundacion.org\/ca\/wp-json\/wp\/v2\/media\/2620\/"}],"wp:attachment":[{"href":"http:\/\/hestiafundacion.org\/ca\/wp-json\/wp\/v2\/media\/?parent=2524"}],"wp:term":[{"taxonomy":"category","embeddable":true,"href":"http:\/\/hestiafundacion.org\/ca\/wp-json\/wp\/v2\/categories\/?post=2524"},{"taxonomy":"post_tag","embeddable":true,"href":"http:\/\/hestiafundacion.org\/ca\/wp-json\/wp\/v2\/tags\/?post=2524"}],"curies":[{"name":"wp","href":"https:\/\/api.w.org\/{rel}","templated":true}]}}