{"id":2942,"date":"2019-12-04T13:27:34","date_gmt":"2019-12-04T11:27:34","guid":{"rendered":"http:\/\/hestiafundacion.org\/?p=2942"},"modified":"2019-12-05T09:03:35","modified_gmt":"2019-12-05T07:03:35","slug":"demos-2019-anima-les-fundaciones-a-liderar-el-canvi-de-valors-i-la-transicio-cultural-cap-a-un-mon-mes-sostenible","status":"publish","type":"post","link":"http:\/\/hestiafundacion.org\/ca\/demos-2019-anima-les-fundaciones-a-liderar-el-canvi-de-valors-i-la-transicio-cultural-cap-a-un-mon-mes-sostenible\/","title":{"rendered":"Demos 2019 anima les fundaciones a liderar el canvi de valors i la transici\u00f3 cultural cap a un m\u00f3n m\u00e9s sostenible"},"content":{"rendered":"<p>La <strong>responsabilitat de l&#8217;tercer sector i la societat civil en el compliment dels Objectius de Desenvolupament Sostenible<\/strong> (ODS) han marcat la tercera edici\u00f3 de <strong>Demos 2019<\/strong>, el F\u00f2rum de Fundacions i Societat Civil, celebrat el 3 de desembre a Madrid a la Casa de el Llibre . M\u00e9s de 650 assistents, entre ells la doctora Susana Subir\u00e0 en representaci\u00f3 de la <strong>Fundaci\u00f3 Hestia,<\/strong> han participat en els diferents actes que, en sintonia amb el desenvolupament de la Cimera de Clima COP25 a la capital espanyola, han incidit especialment en la lluita contra el canvi clim\u00e0tic.<\/p>\n<p>En aquest sentit, Carlos Mataix, director de el <strong>Centre d&#8217;Innovaci\u00f3 en Tecnologia per al Desenvolupament Hum\u00e0 de la UPM<\/strong>, va ser l&#8217;encarregat d&#8217;obrir el cicle de pon\u00e8ncies, donant les claus per consumir de manera responsable la <strong>ODSe\u00edna<\/strong>, f\u00f3rmula ideada per aquest Centre per a presentar els ODS, el compliment reeixit del qual passa per <strong>la transformaci\u00f3 i la innovaci\u00f3,<\/strong> de les que tamb\u00e9 han de participar les fundacions, a les que s&#8217;ha animat a promoure i liderar el canvi de valors i la transici\u00f3 cultural cap a un m\u00f3n m\u00e9s sostenible.<\/p>\n<p>La jornada va continuar amb un <strong>extens programa de continguts, tallers i experi\u00e8ncies amb m\u00e9s de 80 ponents<\/strong>, que va abordar tem\u00e0tiques relacionades amb tots els ODS: igualtat de g\u00e8nere, fi de la pobresa, ciutats sostenibles, educaci\u00f3, salut i benestar, transformaci\u00f3 digital, ajuda als refugiats &#8230; Aix\u00ed mateix, es va celebrar <strong>el lliurament de Premis de l&#8217;Associaci\u00f3 Espanyola de Fundacions<\/strong>, que, en les seves diferents categories, han recaigut aquest any en Maria Entrecanales Franco i Ana Varela Entrecanales, Fundaci\u00f3n Alimerka, Fundaci\u00f3 Entreculturas i Fundaci\u00f3 Banc\u00e0ria &#8220;la Caixa&#8221;.<\/p>\n<p>Demos 2019 s&#8217;emmarcava en el <strong>#GivingTuesday<\/strong>, un moviment a nivell global que coincidia amb la celebraci\u00f3 de l&#8217;esdeveniment, el 3 de desembre, i busca incentivar i multiplicar les bones accions de les persones, i a qu\u00e8 la <a href=\"http:\/\/hestiafundacion.org\/ca\/la-fundacio-hestia-participa-al-givingtuesday-amb-una-crida-al-voluntariat\/\"><strong>Fundaci\u00f3 Hestia s&#8217;ha sumat aquest any amb una crida a l&#8217;voluntariat.<\/strong><\/a><\/p>\n","protected":false},"excerpt":{"rendered":"<p>La responsabilitat de l&#8217;tercer sector i la societat civil en el compliment dels Objectius de Desenvolupament Sostenible (ODS) han marcat la tercera edici\u00f3 de Demos 2019, el F\u00f2rum de Fundacions i Societat Civil, celebrat el 3 de desembre a Madrid a la Casa de el&#8230;<\/p>\n","protected":false},"author":3,"featured_media":2940,"comment_status":"open","ping_status":"open","sticky":false,"template":"","format":"standard","meta":[],"categories":[123,30],"tags":[169,168],"_links":{"self":[{"href":"http:\/\/hestiafundacion.org\/ca\/wp-json\/wp\/v2\/posts\/2942\/"}],"collection":[{"href":"http:\/\/hestiafundacion.org\/ca\/wp-json\/wp\/v2\/posts\/"}],"about":[{"href":"http:\/\/hestiafundacion.org\/ca\/wp-json\/wp\/v2\/types\/post\/"}],"author":[{"embeddable":true,"href":"http:\/\/hestiafundacion.org\/ca\/wp-json\/wp\/v2\/users\/3\/"}],"replies":[{"embeddable":true,"href":"http:\/\/hestiafundacion.org\/ca\/wp-json\/wp\/v2\/comments\/?post=2942"}],"version-history":[{"count":3,"href":"http:\/\/hestiafundacion.org\/ca\/wp-json\/wp\/v2\/posts\/2942\/revisions\/"}],"predecessor-version":[{"id":2948,"href":"http:\/\/hestiafundacion.org\/ca\/wp-json\/wp\/v2\/posts\/2942\/revisions\/2948\/"}],"wp:featuredmedia":[{"embeddable":true,"href":"http:\/\/hestiafundacion.org\/ca\/wp-json\/wp\/v2\/media\/2940\/"}],"wp:attachment":[{"href":"http:\/\/hestiafundacion.org\/ca\/wp-json\/wp\/v2\/media\/?parent=2942"}],"wp:term":[{"taxonomy":"category","embeddable":true,"href":"http:\/\/hestiafundacion.org\/ca\/wp-json\/wp\/v2\/categories\/?post=2942"},{"taxonomy":"post_tag","embeddable":true,"href":"http:\/\/hestiafundacion.org\/ca\/wp-json\/wp\/v2\/tags\/?post=2942"}],"curies":[{"name":"wp","href":"https:\/\/api.w.org\/{rel}","templated":true}]}}