{"id":2968,"date":"2019-12-19T20:31:52","date_gmt":"2019-12-19T18:31:52","guid":{"rendered":"http:\/\/hestiafundacion.org\/?p=2968"},"modified":"2019-12-19T20:52:32","modified_gmt":"2019-12-19T18:52:32","slug":"fundacion-hestia-celebra-els-seus-nadals-inclusius-amb-matealestigma","status":"publish","type":"post","link":"http:\/\/hestiafundacion.org\/ca\/fundacion-hestia-celebra-els-seus-nadals-inclusius-amb-matealestigma\/","title":{"rendered":"La Fundaci\u00f3 Hestia celebra els seus &#8220;Nadals inclusius amb #MatealEstigma&#8221;"},"content":{"rendered":"<p>Paraules, pinzellades i cistelles per celebrar els <strong>&#8220;Nadals inclusius amb #MatealEstigma&#8221;<\/strong> de la <strong>Fundaci\u00f3 Hestia. <\/strong>Mig centenar\u00a0d&#8217;<strong>usuaris i professionals de les unitats de salut mental de Cl\u00ednica Coroleu, Hestia Palau i Hestia Duran Reynals<\/strong> i els<strong> jugadors de b\u00e0squet<\/strong>\u00a0Xavi Hern\u00e1ndez, Alberto Corbacho i Garret Covington, per part de l&#8217;<strong>Hestia Menorca<\/strong> i Joan Creus, Xavi Guia, Grant Lozoya i Leston Gordon del <strong>Torrons Vicens CB l&#8217;Hospitalet, <\/strong>han participat en una trobada per sensibilitzar sobre la contribuci\u00f3 positiva de l&#8217;activitat f\u00edsica en el benestar emocional i la integraci\u00f3 de les persones amb malaltia mental, i lluitar contra la estigma associat a aquest col\u00b7lectiu vulnerable.<\/p>\n<p>L&#8217;activitat organitzada per la <strong>Fundaci\u00f3 Hestia<\/strong>, en col\u00b7laboraci\u00f3 amb l&#8217;<strong>Institut Catal\u00e0 d&#8217;Oncologia<\/strong>, ha tingut lloc a <strong>Hestia Duran i Reynals\u00a0<\/strong>dijous 19 de desembre. Despr\u00e9s de la\u00a0benvinguda, jugadors i usuaris han dialogat breument sobre l&#8217;impacte que la pr\u00e0ctica de l&#8217;esport ha tingut en la seva vida i com pot influir en la societat. En acabar l&#8217; intercanvi, un grup ha sortit fora per<strong> fer cistelles<\/strong> i un altre ha pintat el<strong> mural #MatealEstigma<\/strong>, disseny al\u00b7lusiu a l&#8217;estigma de la malaltia mental de l&#8217;il\u00b7lustrador menorqu\u00ed Juan Jos\u00e9 Zacar\u00edas,<strong> Zaca<\/strong>, que havia estat esbossat pr\u00e8viament per <strong>Paola Mikiej .<\/strong><\/p>\n<p>Tota la jornada s&#8217;ha desenvolupat en un <strong>ambient alegre i dist\u00e8s<\/strong>, que ha vingut a confirmar el <strong>potencial que l&#8217;activitat f\u00edsica i altres propostes d&#8217;oci<\/strong> poden tenir a l&#8217;hora d&#8217;integrar a col\u00b7lectius vulnerables i lluitar contra l&#8217;estigmatitzaci\u00f3, del qual s&#8217;havia parlat en la benvinguda en explicar el <strong>projecte #MatealEstigma,\u00a0<\/strong>que desenvolupa la Fundaci\u00f3, i el sentit d&#8217;aquesta trobada nadalenca.<\/p>\n<p>Aquest potencial, i tamb\u00e9 la satisfacci\u00f3 per participar en aquesta activitat de sensibilitzaci\u00f3, havia estat destacada en l&#8217;obertura de l&#8217;acte per <strong>Susana Subir\u00e0,<\/strong> directora de la <strong>Fundaci\u00f3 Hestia<\/strong>, a qui acompanyava <strong>Jos\u00e9 Antonio Atar\u00e9s<\/strong>, membre del Patronat; <strong>David Maci\u00e0<\/strong>, director executiu d&#8217;<strong>Hestia Alliance,<\/strong> gestora dels centres participants; <strong>Candela Calle<\/strong>, directora general d&#8217;l&#8217;<strong>ICO<\/strong>; i, <strong>Cris Plaza<\/strong>, regidor d&#8217;Educaci\u00f3, Esports i Joventut de l&#8217;<strong>Ajuntament de l&#8217;Hospitalet de Llobregat.<\/strong><\/p>\n<p>L&#8217;acte, que ha comptat, a m\u00e9s, amb el <strong>suport i la col\u00b7laboraci\u00f3 decidida de directius i professionals de Hestia Alliance i la Fundaci\u00f3 Hestia<\/strong>, s&#8217;ha tancat amb un <strong>aperitiu<\/strong>, la<strong> invitaci\u00f3 al col\u00b7lectiu de persones amb malaltia mental per assistir a partits\u00a0<\/strong>\u00a0del Torrons Vicens CB l&#8217;Hospitalet, expressada per Juan Ram\u00f3n Pat\u00f3n, president del club catal\u00e0, i la <strong>voluntat comuna de realitzar noves activitats de sensibilitzaci\u00f3.<\/strong><\/p>\n","protected":false},"excerpt":{"rendered":"<p>Paraules, pinzellades i cistelles per celebrar els &#8220;Nadals inclusius amb #MatealEstigma&#8221; de la Fundaci\u00f3 Hestia. Mig centenar\u00a0d&#8217;usuaris i professionals de les unitats de salut mental de Cl\u00ednica Coroleu, Hestia Palau i Hestia Duran Reynals i els jugadors de b\u00e0squet\u00a0Xavi Hern\u00e1ndez, Alberto Corbacho i Garret Covington,&#8230;<\/p>\n","protected":false},"author":3,"featured_media":2974,"comment_status":"open","ping_status":"open","sticky":false,"template":"","format":"standard","meta":[],"categories":[30],"tags":[],"_links":{"self":[{"href":"http:\/\/hestiafundacion.org\/ca\/wp-json\/wp\/v2\/posts\/2968\/"}],"collection":[{"href":"http:\/\/hestiafundacion.org\/ca\/wp-json\/wp\/v2\/posts\/"}],"about":[{"href":"http:\/\/hestiafundacion.org\/ca\/wp-json\/wp\/v2\/types\/post\/"}],"author":[{"embeddable":true,"href":"http:\/\/hestiafundacion.org\/ca\/wp-json\/wp\/v2\/users\/3\/"}],"replies":[{"embeddable":true,"href":"http:\/\/hestiafundacion.org\/ca\/wp-json\/wp\/v2\/comments\/?post=2968"}],"version-history":[{"count":7,"href":"http:\/\/hestiafundacion.org\/ca\/wp-json\/wp\/v2\/posts\/2968\/revisions\/"}],"predecessor-version":[{"id":2983,"href":"http:\/\/hestiafundacion.org\/ca\/wp-json\/wp\/v2\/posts\/2968\/revisions\/2983\/"}],"wp:featuredmedia":[{"embeddable":true,"href":"http:\/\/hestiafundacion.org\/ca\/wp-json\/wp\/v2\/media\/2974\/"}],"wp:attachment":[{"href":"http:\/\/hestiafundacion.org\/ca\/wp-json\/wp\/v2\/media\/?parent=2968"}],"wp:term":[{"taxonomy":"category","embeddable":true,"href":"http:\/\/hestiafundacion.org\/ca\/wp-json\/wp\/v2\/categories\/?post=2968"},{"taxonomy":"post_tag","embeddable":true,"href":"http:\/\/hestiafundacion.org\/ca\/wp-json\/wp\/v2\/tags\/?post=2968"}],"curies":[{"name":"wp","href":"https:\/\/api.w.org\/{rel}","templated":true}]}}