{"id":3001,"date":"2020-01-09T10:19:26","date_gmt":"2020-01-09T08:19:26","guid":{"rendered":"http:\/\/hestiafundacion.org\/?p=3001"},"modified":"2020-01-09T10:19:26","modified_gmt":"2020-01-09T08:19:26","slug":"javier-jerez-investigador-la-beca-de-la-catedra-hestia-ha-impulsat-la-nostra-recerca-sobre-incontinencia","status":"publish","type":"post","link":"http:\/\/hestiafundacion.org\/ca\/javier-jerez-investigador-la-beca-de-la-catedra-hestia-ha-impulsat-la-nostra-recerca-sobre-incontinencia\/","title":{"rendered":"Javier Jerez, investigador: &#8220;La beca de la C\u00e1tedra Hestia ha impulsat la nostra recerca sobre incontin\u00e8ncia&#8221;"},"content":{"rendered":"<p>L&#8217;inter\u00e8s que sempre li ha suscitat la poblaci\u00f3 de gent gran i les necessitats socials que aquesta implica ha guiat la tasca investigadora de <strong>Javier Jerez Roig<\/strong> (Eivissa, 1981). <strong>Professor de la Universitat de Vic-Universitat Central de Catalunya<\/strong>, Jerez lidera el <strong>grup de recerca Methodology, Methods, Models and Outcomes of Health and Social Sciences (M3O)<\/strong> i el seu projecte sobre <strong>Incontin\u00e8ncia en Resid\u00e8ncies Geri\u00e0triques de la Comarca d&#8217;Osona<\/strong> va ser un dels seleccionats en la segona convocat\u00f2ria de les Beques d&#8217;Investigaci\u00f3 Hestia. Aprofitem per conversar amb ell amb motiu de la convocat\u00f2ria de la<a href=\"http:\/\/hestiafundacion.org\/ca\/la-catedra-hestia-obre-la-tercera-convocatoria-de-les-seves-beques-de-recerca\/\"><strong> tercera edici\u00f3 d&#8217;aquestes beques.<\/strong><\/a><\/p>\n<p><strong>P.- Per qu\u00e8 abordar aquest projecte? <\/strong><\/p>\n<p>R.- Jo havia treballat com a fisioterapeuta uns 10 anys en aquest camp, a Espanya, ia nivell d&#8217;investigaci\u00f3 al Brasil amb motiu del M\u00e0ster en Salut P\u00fablica i el doctorat que vaig cursar all\u00e0. El projecte que vaig presentar a la convocat\u00f2ria de les Beques de Recerca Hestia era el primer que escometia com a coordinador despr\u00e9s d&#8217;acabar el doctorat i estava formant el meu primer equip de recerca. Em va arribar la informaci\u00f3 sobre la convocat\u00f2ria de la C\u00e0tedra Hestia a trav\u00e9s de la universitat i ho vam intentar, amb \u00e8xit.<\/p>\n<p><strong>P.- En qu\u00e8 consisteix el projecte?<\/strong><\/p>\n<p>R.- A trav\u00e9s d&#8217;un estudi observacional de tipus mixt, determinarem la proporci\u00f3 de persones grans intitucionalizadas que pateixen incontin\u00e8ncia, en quina mesura i de quin tipus, i treballarem per con\u00e8ixer els factors associats per aix\u00ed dissenyar futures intervencions. Tot i que ja vaig fer una cosa similar al Brasil, creiem que els resultats poden ser diferents i \u00e9s interessant investigar al respecte perqu\u00e8 la incontin\u00e8ncia \u00e9s una s\u00edndrome geri\u00e0tric important i freq\u00fcentment oblidat.<\/p>\n<p><strong>P.- Per qu\u00e8 important?<\/strong><\/p>\n<p>R.- La incontin\u00e8ncia urin\u00e0ria \u00e9s molt prevalent . En resid\u00e8ncies geri\u00e0triques del Brasil gaireb\u00e9 el 60 per cent de les persones ho patien i el seu impacte en la qualitat de vida \u00e9s gran. Qui t\u00e9 incontin\u00e8ncia pateix vergonya i a\u00efllament social, i a m\u00e9s es relaciona amb moltes altres s\u00edndromes geri\u00e0triques, m\u00e9s risc de caigudes, \u00falceres per pressi\u00f3, hospitalitzacions o mort. L&#8217;impacte en la societat tamb\u00e9 \u00e9s notable perqu\u00e8 la incontin\u00e8ncia urin\u00e0ria incrementa molt els costos d&#8217;atenci\u00f3 ja que implica temps de tractament, bolquers &#8230;<\/p>\n<p><strong>P.- Sens dubte, motius de pes per investigar.<\/strong><\/p>\n<p>R.- S\u00ed. Cal un abordatge hol\u00edstic. Precisament, el nostre projecte compta amb el suport d&#8217;experts d&#8217;una universitat d&#8217;Esc\u00f2cia (Glasgow Caledonian University) on hi ha una l\u00ednia de recerca potent sobre envelliment saludable. Entre altres temes, estem estudiant l&#8217;associaci\u00f3 entre la incontin\u00e8ncia urin\u00e0ria i el comportament sedentari, una relaci\u00f3 en qu\u00e8 volem aprofundir a trav\u00e9s del projecte becat per la C\u00e0tedra Hestia que implicar\u00e0 l&#8217;avaluaci\u00f3 de l&#8217;estat de salut de cassis 500 residents geri\u00e0trics i el seu seguiment durant dos anys i, qui sap si m\u00e9s endavant, un estudi de intervenci\u00f3n.<\/p>\n<p><strong>P.- \u00bfValora positivament la concessi\u00f3 de la beca?<\/strong><\/p>\n<p>R.- S\u00ed. A mi m&#8217;ha ajudat molt. Ha estat molt important perqu\u00e8 recentment he realitzat una estada de recerca a Glasgow i la beca ha estat un impuls per seguir avan\u00e7ant amb aquesta l\u00ednia de recerca a Catalunya. L&#8217;equip inicial de sis investigadors compta actualment amb uns 25, entre investigadors de la UVic-UCC, la majoria del grup de recerca M3O, i estudiants de grau, m\u00e0ster i doctorat de la Facultat de Ci\u00e8ncies de la Salut i el Benestar (FCSB) .<\/p>\n","protected":false},"excerpt":{"rendered":"<p>L&#8217;inter\u00e8s que sempre li ha suscitat la poblaci\u00f3 de gent gran i les necessitats socials que aquesta implica ha guiat la tasca investigadora de Javier Jerez Roig (Eivissa, 1981). Professor de la Universitat de Vic-Universitat Central de Catalunya, Jerez lidera el grup de recerca Methodology,&#8230;<\/p>\n","protected":false},"author":3,"featured_media":3004,"comment_status":"open","ping_status":"open","sticky":false,"template":"","format":"standard","meta":[],"categories":[151,39,162],"tags":[],"_links":{"self":[{"href":"http:\/\/hestiafundacion.org\/ca\/wp-json\/wp\/v2\/posts\/3001\/"}],"collection":[{"href":"http:\/\/hestiafundacion.org\/ca\/wp-json\/wp\/v2\/posts\/"}],"about":[{"href":"http:\/\/hestiafundacion.org\/ca\/wp-json\/wp\/v2\/types\/post\/"}],"author":[{"embeddable":true,"href":"http:\/\/hestiafundacion.org\/ca\/wp-json\/wp\/v2\/users\/3\/"}],"replies":[{"embeddable":true,"href":"http:\/\/hestiafundacion.org\/ca\/wp-json\/wp\/v2\/comments\/?post=3001"}],"version-history":[{"count":2,"href":"http:\/\/hestiafundacion.org\/ca\/wp-json\/wp\/v2\/posts\/3001\/revisions\/"}],"predecessor-version":[{"id":3006,"href":"http:\/\/hestiafundacion.org\/ca\/wp-json\/wp\/v2\/posts\/3001\/revisions\/3006\/"}],"wp:featuredmedia":[{"embeddable":true,"href":"http:\/\/hestiafundacion.org\/ca\/wp-json\/wp\/v2\/media\/3004\/"}],"wp:attachment":[{"href":"http:\/\/hestiafundacion.org\/ca\/wp-json\/wp\/v2\/media\/?parent=3001"}],"wp:term":[{"taxonomy":"category","embeddable":true,"href":"http:\/\/hestiafundacion.org\/ca\/wp-json\/wp\/v2\/categories\/?post=3001"},{"taxonomy":"post_tag","embeddable":true,"href":"http:\/\/hestiafundacion.org\/ca\/wp-json\/wp\/v2\/tags\/?post=3001"}],"curies":[{"name":"wp","href":"https:\/\/api.w.org\/{rel}","templated":true}]}}