{"id":3019,"date":"2019-11-25T15:08:12","date_gmt":"2019-11-25T13:08:12","guid":{"rendered":"http:\/\/hestiafundacion.org\/?p=3019"},"modified":"2020-01-15T15:12:52","modified_gmt":"2020-01-15T13:12:52","slug":"fundacio-hestia-anima-els-equips-de-leb-plata-a-pintar-el-mural-matealestigma","status":"publish","type":"post","link":"http:\/\/hestiafundacion.org\/ca\/fundacio-hestia-anima-els-equips-de-leb-plata-a-pintar-el-mural-matealestigma\/","title":{"rendered":"Fundaci\u00f3 Hestia anima els equips de LEB Plata a pintar el mural #MatealEstigma"},"content":{"rendered":"<p><strong>Fundaci\u00f3 Hestia<\/strong> anima a la resta d&#8217;equips de <strong>LEB Plata<\/strong> a pintar un mural al\u00b7lusiu a la lluita contra l&#8217;estigma de la salut mental dissenyat per l&#8217;il\u00b7lustrador menorqu\u00ed Juan Jos\u00e9 Zacar\u00edas, Zaca. Aquesta acci\u00f3 s&#8217;emmarca en el projecte de sensibilitzaci\u00f3 <strong>#MatealEstigma<\/strong>, que implica el patrocini de l&#8217;Hestia Menorca per part de la Fundaci\u00f3 i la col\u00b7laboraci\u00f3 d&#8217;ambdues entitats en el desenvolupament d&#8217;aquest projecte.<\/p>\n<p>En la temporada 2018-2019, m\u00e9s d&#8217;un miler de persones , majorit\u00e0riament persones amb malaltia mental i les seves fam\u00edlies, es va beneficiar del #MatealEstigma. A la primera volta de present temporada, a les accions ja desenvolupades l&#8217;any passat, s&#8217;ha incorporat una nova: <strong>la pintada del mural # MatealEstigma.<\/strong><\/p>\n<p>Hasta moment, la pintada s&#8217;ha dut a terme en els pavellons de l&#8217;<strong>Hestia Menorca<\/strong> i del <a href=\"http:\/\/hestiafundacion.org\/ca\/el-mural-matealestigma-ja-llueix-a-la-roda\/\"><strong>Jafep Fundaci\u00f3 Globalcaja La Roda<\/strong><\/a>, els passats 4 i 23 d&#8217;octubre, respectivament, amb la <strong>participaci\u00f3 de jugadors de tots dos equips, pacients i usuaris de diferents dispositius de salut menta<\/strong>l, i responsables de la Fundaci\u00f3 Hestia i els dos clubs de b\u00e0squet.<\/p>\n<p>Ara, a l&#8217; inici de la segona volta, Hestia Menorca i Fundaci\u00f3 Hestia volen animar la resta d&#8217;equips de LEB Plata a participar en aquesta iniciativa que, a m\u00e9s, de possibilitar una <strong>experi\u00e8ncia de coneixement i intercanvi mutu<\/strong> entre el col\u00b7lectiu de persones amb malaltia i el m\u00f3n de l&#8217;esport, posa el focus en la necessitat de trencar l&#8217;estigma associat a la malaltia mental.<\/p>\n<p>La mec\u00e0nica \u00e9s senzilla. Els clubs que desitgin participar nom\u00e9s han de comunicar-ho a <a href=\"http:\/\/hestiafundacion.org\/ca\/contacte\/\">Fundaci\u00f3 Hestia<\/a> i el seu equip s&#8217;implicar\u00e0 a fons perqu\u00e8 el desenvolupament d&#8217;aquesta acci\u00f3 incideixi el m\u00ednim possible en la din\u00e0mica del club i aglutini el m\u00e0xim d&#8217;entitats i institucions interessades en el m\u00f3n de l&#8217;esport i la salut mental.<\/p>\n","protected":false},"excerpt":{"rendered":"<p>Fundaci\u00f3 Hestia anima a la resta d&#8217;equips de LEB Plata a pintar un mural al\u00b7lusiu a la lluita contra l&#8217;estigma de la salut mental dissenyat per l&#8217;il\u00b7lustrador menorqu\u00ed Juan Jos\u00e9 Zacar\u00edas, Zaca. Aquesta acci\u00f3 s&#8217;emmarca en el projecte de sensibilitzaci\u00f3 #MatealEstigma, que implica el patrocini&#8230;<\/p>\n","protected":false},"author":3,"featured_media":3017,"comment_status":"open","ping_status":"open","sticky":false,"template":"","format":"standard","meta":[],"categories":[32,135,30],"tags":[],"_links":{"self":[{"href":"http:\/\/hestiafundacion.org\/ca\/wp-json\/wp\/v2\/posts\/3019\/"}],"collection":[{"href":"http:\/\/hestiafundacion.org\/ca\/wp-json\/wp\/v2\/posts\/"}],"about":[{"href":"http:\/\/hestiafundacion.org\/ca\/wp-json\/wp\/v2\/types\/post\/"}],"author":[{"embeddable":true,"href":"http:\/\/hestiafundacion.org\/ca\/wp-json\/wp\/v2\/users\/3\/"}],"replies":[{"embeddable":true,"href":"http:\/\/hestiafundacion.org\/ca\/wp-json\/wp\/v2\/comments\/?post=3019"}],"version-history":[{"count":2,"href":"http:\/\/hestiafundacion.org\/ca\/wp-json\/wp\/v2\/posts\/3019\/revisions\/"}],"predecessor-version":[{"id":3022,"href":"http:\/\/hestiafundacion.org\/ca\/wp-json\/wp\/v2\/posts\/3019\/revisions\/3022\/"}],"wp:featuredmedia":[{"embeddable":true,"href":"http:\/\/hestiafundacion.org\/ca\/wp-json\/wp\/v2\/media\/3017\/"}],"wp:attachment":[{"href":"http:\/\/hestiafundacion.org\/ca\/wp-json\/wp\/v2\/media\/?parent=3019"}],"wp:term":[{"taxonomy":"category","embeddable":true,"href":"http:\/\/hestiafundacion.org\/ca\/wp-json\/wp\/v2\/categories\/?post=3019"},{"taxonomy":"post_tag","embeddable":true,"href":"http:\/\/hestiafundacion.org\/ca\/wp-json\/wp\/v2\/tags\/?post=3019"}],"curies":[{"name":"wp","href":"https:\/\/api.w.org\/{rel}","templated":true}]}}