{"id":3121,"date":"2020-02-03T11:52:45","date_gmt":"2020-02-03T09:52:45","guid":{"rendered":"http:\/\/hestiafundacion.org\/?p=3121"},"modified":"2020-02-03T12:12:56","modified_gmt":"2020-02-03T10:12:56","slug":"la-fundacio-hestia-facilita-el-cumpliment-de-2-428-hores-de-treballs-en-benefici-de-la-comunitat","status":"publish","type":"post","link":"http:\/\/hestiafundacion.org\/ca\/la-fundacio-hestia-facilita-el-cumpliment-de-2-428-hores-de-treballs-en-benefici-de-la-comunitat\/","title":{"rendered":"La Fundaci\u00f3 Hestia facilita el compliment de 2.428 hores de treballs en benefici de la comunitat"},"content":{"rendered":"<p>Cinc centres d&#8217;Hestia Alliance implicats, 17 persones, 2.428 hores i satisfacci\u00f3. Aquest \u00e9s el balan\u00e7 del primer any de la <strong>Fundaci\u00f3 Hestia com a entitat col\u00b7laboradora de el Departament de Just\u00edcia de la Generalitat<\/strong> en el programa de treballs en benefici de la comunitat.<\/p>\n<p>Els TBC s\u00f3n <strong>mesures substitutives d&#8217;altres condemnes imposades per la just\u00edcia<\/strong> que es poden aplicar sempre que hi hagi el consentiment de la persona penada, qui s&#8217;ha de comprometre a fer una activitat no retribu\u00efda d&#8217;utilitat p\u00fablica i \/ o inter\u00e8s social, de la m\u00e0 d&#8217;un treballador habitual d&#8217;una instituci\u00f3 o entitat col\u00b7laboradora.<\/p>\n<p>Dins d&#8217;aquest programa, la <strong>Fundaci\u00f3 Hestia<\/strong> ha acollit el 2019 a<strong> 17 persones,<\/strong> canalitzant la realitzaci\u00f3 de les seves hores de TBC, fins a sumar un total de 2.428 hores, <strong>en cinc centres sociosanitaris i de salut mental d&#8217;Hestia Alliance<\/strong>, organitzaci\u00f3 a la qual la Fundaci\u00f3 est\u00e0 vinculada.<\/p>\n<p><strong>Tasques de suport administratiu o d&#8217;acompanyament a pacients i usuaris amb el suport t\u00e8cnic dels professionals<\/strong> s\u00f3n algunes de les que poden servir per canalizar els TBC, i solen pactar-se amb la persona penada d&#8217;acord a les seves aptituds i prefer\u00e8ncies, i a les necessitats dels centres.<\/p>\n<p>&#8220;Hestia Balaguer, Hestia Duran i Reynals, Hestia Gr\u00e0cia, Hestia Maresme i Hestia Palau, que es va incorporar als TBC al novembre, han estat els centres participants i cal destacar que han estat molt receptius i <strong>valoren molt positivament el fet de participar en un programa d&#8217;acci\u00f3 social amb aquest col\u00b7lectiu de persones<\/strong> &#8220;, subratlla la doctora <strong>Susana Subir\u00e0, directora de la Fundaci\u00f3 Hestia<\/strong>.<\/p>\n<p>Aquesta receptivitat, per part dels centres i dels professionals que es relacionen en el dia a dia amb els participants del programa, ha contribu\u00eft que el seu desplegament permeti aconseguir el <strong>doble objectiu dels TBC,<\/strong> la reparaci\u00f3 simb\u00f2lica per part de l&#8217;dany causat per la persona infractora i l&#8217;adopci\u00f3 d&#8217;un paper actiu en la reinserci\u00f3 de penats i la reducci\u00f3 dels estereotips sobre la delinq\u00fc\u00e8ncia i l&#8217;estigma dels seus protagonistes.<\/p>\n","protected":false},"excerpt":{"rendered":"<p>Cinc centres d&#8217;Hestia Alliance implicats, 17 persones, 2.428 hores i satisfacci\u00f3. Aquest \u00e9s el balan\u00e7 del primer any de la Fundaci\u00f3 Hestia com a entitat col\u00b7laboradora de el Departament de Just\u00edcia de la Generalitat en el programa de treballs en benefici de la comunitat. Els&#8230;<\/p>\n","protected":false},"author":3,"featured_media":3122,"comment_status":"open","ping_status":"open","sticky":false,"template":"","format":"standard","meta":[],"categories":[48,182],"tags":[180],"_links":{"self":[{"href":"http:\/\/hestiafundacion.org\/ca\/wp-json\/wp\/v2\/posts\/3121\/"}],"collection":[{"href":"http:\/\/hestiafundacion.org\/ca\/wp-json\/wp\/v2\/posts\/"}],"about":[{"href":"http:\/\/hestiafundacion.org\/ca\/wp-json\/wp\/v2\/types\/post\/"}],"author":[{"embeddable":true,"href":"http:\/\/hestiafundacion.org\/ca\/wp-json\/wp\/v2\/users\/3\/"}],"replies":[{"embeddable":true,"href":"http:\/\/hestiafundacion.org\/ca\/wp-json\/wp\/v2\/comments\/?post=3121"}],"version-history":[{"count":5,"href":"http:\/\/hestiafundacion.org\/ca\/wp-json\/wp\/v2\/posts\/3121\/revisions\/"}],"predecessor-version":[{"id":3129,"href":"http:\/\/hestiafundacion.org\/ca\/wp-json\/wp\/v2\/posts\/3121\/revisions\/3129\/"}],"wp:featuredmedia":[{"embeddable":true,"href":"http:\/\/hestiafundacion.org\/ca\/wp-json\/wp\/v2\/media\/3122\/"}],"wp:attachment":[{"href":"http:\/\/hestiafundacion.org\/ca\/wp-json\/wp\/v2\/media\/?parent=3121"}],"wp:term":[{"taxonomy":"category","embeddable":true,"href":"http:\/\/hestiafundacion.org\/ca\/wp-json\/wp\/v2\/categories\/?post=3121"},{"taxonomy":"post_tag","embeddable":true,"href":"http:\/\/hestiafundacion.org\/ca\/wp-json\/wp\/v2\/tags\/?post=3121"}],"curies":[{"name":"wp","href":"https:\/\/api.w.org\/{rel}","templated":true}]}}