{"id":3265,"date":"2020-04-15T18:10:31","date_gmt":"2020-04-15T16:10:31","guid":{"rendered":"http:\/\/hestiafundacion.org\/?p=3265"},"modified":"2020-05-05T19:04:54","modified_gmt":"2020-05-05T17:04:54","slug":"institucions-publiques-i-privades-es-centren-en-la-gestio-emocional-de-la-pandemia","status":"publish","type":"post","link":"http:\/\/hestiafundacion.org\/ca\/institucions-publiques-i-privades-es-centren-en-la-gestio-emocional-de-la-pandemia\/","title":{"rendered":"Institucions p\u00fabliques i privades es centren en la gesti\u00f3 emocional de la pand\u00e8mia"},"content":{"rendered":"<p><strong>Generar nous recursos per contribuir a una millor gesti\u00f3 emocional de la pand\u00e8mia de COVID-19<\/strong> centra els esfor\u00e7os de diferents institucions p\u00fabliques i privades quan es compleix gaireb\u00e9 un mes de l&#8217;aprovaci\u00f3 de l&#8217;estat d&#8217;alarma. Una de les iniciatives m\u00e9s interessants, doncs es centra en el <strong>col\u00b7lectiu de persones amb problemes de salut mental i les seves fam\u00edlies<\/strong>, \u00e9s la reorientaci\u00f3 d&#8217;<strong>Espai Situa&#8217;t<\/strong> un servei de la Federaci\u00f3 Salut Mental Catalunya per oferir a aquest col\u00b7lectiu per tel\u00e8fon i correu electr\u00f2nic orientaci\u00f3, acompanyament i assessorament.<\/p>\n<p>Les tecnologies de la informaci\u00f3 i la comunicaci\u00f3 han servit de punt de partida al Servei Catal\u00e0 de Salut que ha llan\u00e7at una <strong>&#8216;web<\/strong> <strong>app&#8217;<\/strong> &#8211;<strong>GestioEmocional.cat<\/strong>&#8211; per donar suport emocional i psicol\u00f2gic a la ciutadania. I <strong>Hestia Alliance<\/strong>, grup a qu\u00e8 est\u00e0 vinculat la Fundaci\u00f3 H\u00e8stia, ha utilitzat el seu canal de YouTube (\u00a0<a href=\"https:\/\/www.youtube.com\/channel\/UChElpsf085AE-8_TDE9N-ww\">Grup Hestia<\/a>\u00a0) per difondre continguts orientats a facilitar una millor gesti\u00f3 emocional de la situaci\u00f3 creada pel coronavirus i les mesures de contenci\u00f3.<\/p>\n<p>Altres comunitats com ara Madrid , Balears o Gal\u00edcia han optat per l&#8217;atenci\u00f3 telef\u00f2nica per prestar aquest servei. Aix\u00ed, <strong>Madrid<\/strong> compta amb un nombre tel\u00e8fon gratu\u00eft, el<strong> 900 124 365,<\/strong> per oferir suport psicol\u00f2gic tots els dies de la setmana durant les 24 hores que gestiona l&#8217;Oficina Regional de Salut Mental i Addiccions de la Comunitat, en col\u00b7laboraci\u00f3 amb el Col\u00b7legi Oficial de Psicologia de Madrid. Por la seva banda, <strong>Gal\u00edcia<\/strong> s&#8217;ha servit de l&#8217;<strong>112<\/strong> per oferir aquest servei d&#8217;atenci\u00f3 psicol\u00f2gica, disponible les 24 hores tots els dies de la setmana, que est\u00e0 a c\u00e0rrec de l&#8217;equip de professionals de Grup d&#8217;Intervenci\u00f3 Psicol\u00f2gica en Cat\u00e0strofes i Emerg\u00e8ncies del Col\u00b7legi de Psicologia.<\/p>\n<p>Amb el mateix horari, la mateixa entitat col\u00b7legial a les<strong> Illes Balears<\/strong>, en coordinaci\u00f3 amb el Govern balear i a trav\u00e9s de la Direcci\u00f3 General d&#8217;Emerg\u00e8ncies, ofereix assessorament i primers auxilis psicol\u00f2gics a trav\u00e9s del <strong>900 112 003<\/strong>. A m\u00e9s, i en aquest cas juntament amb l&#8217;Empresa Funer\u00e0ria de Palma, el COPIB ha activat al <strong>619747507<\/strong>, un altre servei gratu\u00eft i extraordinari d&#8217;assessorament i suport psicol\u00f2gic, per a <strong>persones en dol<\/strong>, actiu de dilluns a divendres, de les 9 a les 19 hores.<\/p>\n","protected":false},"excerpt":{"rendered":"<p>Generar nous recursos per contribuir a una millor gesti\u00f3 emocional de la pand\u00e8mia de COVID-19 centra els esfor\u00e7os de diferents institucions p\u00fabliques i privades quan es compleix gaireb\u00e9 un mes de l&#8217;aprovaci\u00f3 de l&#8217;estat d&#8217;alarma. Una de les iniciatives m\u00e9s interessants, doncs es centra en&#8230;<\/p>\n","protected":false},"author":3,"featured_media":3281,"comment_status":"open","ping_status":"open","sticky":false,"template":"","format":"standard","meta":[],"categories":[191,48,135],"tags":[],"_links":{"self":[{"href":"http:\/\/hestiafundacion.org\/ca\/wp-json\/wp\/v2\/posts\/3265\/"}],"collection":[{"href":"http:\/\/hestiafundacion.org\/ca\/wp-json\/wp\/v2\/posts\/"}],"about":[{"href":"http:\/\/hestiafundacion.org\/ca\/wp-json\/wp\/v2\/types\/post\/"}],"author":[{"embeddable":true,"href":"http:\/\/hestiafundacion.org\/ca\/wp-json\/wp\/v2\/users\/3\/"}],"replies":[{"embeddable":true,"href":"http:\/\/hestiafundacion.org\/ca\/wp-json\/wp\/v2\/comments\/?post=3265"}],"version-history":[{"count":1,"href":"http:\/\/hestiafundacion.org\/ca\/wp-json\/wp\/v2\/posts\/3265\/revisions\/"}],"predecessor-version":[{"id":3266,"href":"http:\/\/hestiafundacion.org\/ca\/wp-json\/wp\/v2\/posts\/3265\/revisions\/3266\/"}],"wp:featuredmedia":[{"embeddable":true,"href":"http:\/\/hestiafundacion.org\/ca\/wp-json\/wp\/v2\/media\/3281\/"}],"wp:attachment":[{"href":"http:\/\/hestiafundacion.org\/ca\/wp-json\/wp\/v2\/media\/?parent=3265"}],"wp:term":[{"taxonomy":"category","embeddable":true,"href":"http:\/\/hestiafundacion.org\/ca\/wp-json\/wp\/v2\/categories\/?post=3265"},{"taxonomy":"post_tag","embeddable":true,"href":"http:\/\/hestiafundacion.org\/ca\/wp-json\/wp\/v2\/tags\/?post=3265"}],"curies":[{"name":"wp","href":"https:\/\/api.w.org\/{rel}","templated":true}]}}