{"id":3289,"date":"2020-05-11T16:53:10","date_gmt":"2020-05-11T14:53:10","guid":{"rendered":"http:\/\/hestiafundacion.org\/?p=3289"},"modified":"2020-05-11T16:58:36","modified_gmt":"2020-05-11T14:58:36","slug":"la-fundacio-hestia-amplia-les-places-en-el-seu-menjador-social-confinat","status":"publish","type":"post","link":"http:\/\/hestiafundacion.org\/ca\/la-fundacio-hestia-amplia-les-places-en-el-seu-menjador-social-confinat\/","title":{"rendered":"La Fundaci\u00f3 Hestia amplia les places en el seu menjador social &#8220;confinat&#8221;"},"content":{"rendered":"<p><strong>Fundaci\u00f3 Hestia<\/strong> ha comunicat als Serveis Socials de <strong>Barcelona<\/strong> la seva disponibilitat per ampliar el nombre de places del seu menjador social &#8220;confinat&#8221;. L\u2019oferiment obeeix a la combinaci\u00f3 de la sensibilitat cap a l\u2019augment de persones que necessiten aquest servei i el canvi en la prestaci\u00f3 del mateix, que, des de l&#8217;aprovaci\u00f3 del decret de l\u2019estat d\u2019alarma, ha deixat de ser presencial per fer-se sota la f\u00f3rmula de #Emportat\u2019hoacasa.<\/p>\n<p>En aquest context, el menjador social, ubicat f\u00edsicament a Hestia Gr\u00e0cia, ha renunciat a la seva vocaci\u00f3 de punt de trobada, que combina amb la <strong>prestaci\u00f3 d\u2019una alimentaci\u00f3 sana i saludable per a persones i fam\u00edlies amb tombes necess\u00e0ries socials i de subsist\u00e8ncia,\u00a0<\/strong>per centrar-se en aquest segon aspecte. Amb aquesta mesura es pret\u00e9n minimitzar el risc de contagi que suposa concentrar desenes de persones en un mateix espai, encara que hi hagi un contacte m\u00ednim amb els usuaris en el moment de lliurar-los els seus men\u00fas.<\/p>\n<p>Si desitja m\u00e9s informaci\u00f3 sobre aquest servei de contacte amb la Fundaci\u00f3 Hestia a trav\u00e9s del <a href=\"http:\/\/hestiafundacion.org\/ca\/contacte\/\">formulari de la nostra p\u00e0gina web.<\/a><\/p>\n","protected":false},"excerpt":{"rendered":"<p>Fundaci\u00f3 Hestia ha comunicat als Serveis Socials de Barcelona la seva disponibilitat per ampliar el nombre de places del seu menjador social &#8220;confinat&#8221;. L\u2019oferiment obeeix a la combinaci\u00f3 de la sensibilitat cap a l\u2019augment de persones que necessiten aquest servei i el canvi en la&#8230;<\/p>\n","protected":false},"author":3,"featured_media":3297,"comment_status":"open","ping_status":"open","sticky":false,"template":"","format":"standard","meta":[],"categories":[191,195,48],"tags":[],"_links":{"self":[{"href":"http:\/\/hestiafundacion.org\/ca\/wp-json\/wp\/v2\/posts\/3289\/"}],"collection":[{"href":"http:\/\/hestiafundacion.org\/ca\/wp-json\/wp\/v2\/posts\/"}],"about":[{"href":"http:\/\/hestiafundacion.org\/ca\/wp-json\/wp\/v2\/types\/post\/"}],"author":[{"embeddable":true,"href":"http:\/\/hestiafundacion.org\/ca\/wp-json\/wp\/v2\/users\/3\/"}],"replies":[{"embeddable":true,"href":"http:\/\/hestiafundacion.org\/ca\/wp-json\/wp\/v2\/comments\/?post=3289"}],"version-history":[{"count":3,"href":"http:\/\/hestiafundacion.org\/ca\/wp-json\/wp\/v2\/posts\/3289\/revisions\/"}],"predecessor-version":[{"id":3298,"href":"http:\/\/hestiafundacion.org\/ca\/wp-json\/wp\/v2\/posts\/3289\/revisions\/3298\/"}],"wp:featuredmedia":[{"embeddable":true,"href":"http:\/\/hestiafundacion.org\/ca\/wp-json\/wp\/v2\/media\/3297\/"}],"wp:attachment":[{"href":"http:\/\/hestiafundacion.org\/ca\/wp-json\/wp\/v2\/media\/?parent=3289"}],"wp:term":[{"taxonomy":"category","embeddable":true,"href":"http:\/\/hestiafundacion.org\/ca\/wp-json\/wp\/v2\/categories\/?post=3289"},{"taxonomy":"post_tag","embeddable":true,"href":"http:\/\/hestiafundacion.org\/ca\/wp-json\/wp\/v2\/tags\/?post=3289"}],"curies":[{"name":"wp","href":"https:\/\/api.w.org\/{rel}","templated":true}]}}