{"id":3314,"date":"2020-06-04T10:37:37","date_gmt":"2020-06-04T08:37:37","guid":{"rendered":"http:\/\/hestiafundacion.org\/?p=3314"},"modified":"2020-06-15T09:23:18","modified_gmt":"2020-06-15T07:23:18","slug":"la-catedra-hestia-adjudica-les-beques-de-recerca-i-premis-hestia-2020","status":"publish","type":"post","link":"http:\/\/hestiafundacion.org\/ca\/la-catedra-hestia-adjudica-les-beques-de-recerca-i-premis-hestia-2020\/","title":{"rendered":"La C\u00e0tedra Hestia adjudica les Beques de Recerca i Premis Hestia 2020"},"content":{"rendered":"<p>La<strong> C\u00e0tedra Hestia en Atenci\u00f3 Integrada Social i Sanit\u00e0ria<\/strong> ha seleccionat els projectes mereixedors de les <strong>Beques de Recerca i els Premis Hestia<\/strong> corresponents a l&#8217;edici\u00f3 de 2020. La doble convocat\u00f2ria, orientada a <strong>incentivar les millors iniciatives en el camp de la investigaci\u00f3 en el \u00e0mbit sociosanitari i \/ o de la salut mental<\/strong>, havia rebut un centenar de projectes en els que estaven implicats m\u00e9s de 140 investigadors de 70 institucions de tot el territori espa\u00f1ol.<\/p>\n<p>Pel que fa a les <strong>Beques de Recerca Hestia<\/strong>, s&#8217;han rebut i avaluat un total de 41 projectes, 21 de l&#8217;\u00e0mbit sociosanitari i els 20 restants de salut mental, destacant el jurat &#8220;l&#8217;<strong>excel\u00b7lent nivell<\/strong> de la majoria de projectes, especialment a nivell metodol\u00f2gic, amb dissenys experimentals o quasi experimentals en gaireb\u00e9 la meitat dels mateixos, el seu <strong>car\u00e0cter multic\u00e8ntric i multidisciplinar i el pes progressiu de les dones en els projectes d&#8217;investigaci\u00f3,<\/strong>\u00a0ja que el 66 per cent dels projectes presentats estan liderats per dones i la seva participaci\u00f3 com a investigadors col\u00b7laboradors \u00e9s \u00e0mpliament majorit\u00e0ria &#8220;.<\/p>\n<p>En quan la convocat\u00f2ria dels <strong>Premis Hestia 2020<\/strong>, es van rebre i van avaluar un total de 55 propostes -32 a millor article (17 en \u00e0mbit sociosanitari i 15 en salut mental) i 23 a millor comunicaci\u00f3 (16 en \u00e0mbit sociosanitari, sis a salut mental i una en cures pal\u00b7liatives) &#8211; d&#8217;un total de 41 autors pertanyents a 31 centres de l&#8217;estat espanyol. El jurat ha remarcat &#8220;l&#8217;<strong>alt nivell<\/strong> dels treballs&#8221;, de qu\u00e8 \u00e9s exponent que 22 dels articles tinguessin un <strong>factor d&#8217;impacte superior a 2<\/strong>, mentre que 14 de les comunicacions havien estat presentades en <strong>congressos d&#8217;\u00e0mbit internacional<\/strong>. Va quedar desert el premi en la categoria de cures pal\u00b7liatives per no ajustar-se la comunicaci\u00f3 presentada a les bases de la convocatoria.<\/p>\n<p>La <strong>C\u00e0tedra Hestia<\/strong> ha informat telem\u00e0ticament de el resultat de la convocat\u00f2ria als investigadors becats i els autors guanyadors, si b\u00e9, a conseq\u00fc\u00e8ncia de la pand\u00e8mia de la COVID-19, l&#8217;acte d&#8217;adjudicaci\u00f3 de les Beques de Recerca i els Premis Hestia 2020 no es realitzar\u00e0 fins que les<strong> universitats i els centres sanitaris recuperin un cert grau de normalitat,\u00a0<\/strong>encara que es poden consultar en aquest<a href=\"http:\/\/hestiafundacion.org\/wp-content\/uploads\/2020\/06\/Listado-de-Becas-de-Investigaci\u00f3n-y-Premios-Hestia-2020.pdf\"> enlla\u00e7.<\/a><\/p>\n","protected":false},"excerpt":{"rendered":"<p>La C\u00e0tedra Hestia en Atenci\u00f3 Integrada Social i Sanit\u00e0ria ha seleccionat els projectes mereixedors de les Beques de Recerca i els Premis Hestia corresponents a l&#8217;edici\u00f3 de 2020. La doble convocat\u00f2ria, orientada a incentivar les millors iniciatives en el camp de la investigaci\u00f3 en el&#8230;<\/p>\n","protected":false},"author":3,"featured_media":3329,"comment_status":"open","ping_status":"open","sticky":false,"template":"","format":"standard","meta":[],"categories":[151,197,162],"tags":[],"_links":{"self":[{"href":"http:\/\/hestiafundacion.org\/ca\/wp-json\/wp\/v2\/posts\/3314\/"}],"collection":[{"href":"http:\/\/hestiafundacion.org\/ca\/wp-json\/wp\/v2\/posts\/"}],"about":[{"href":"http:\/\/hestiafundacion.org\/ca\/wp-json\/wp\/v2\/types\/post\/"}],"author":[{"embeddable":true,"href":"http:\/\/hestiafundacion.org\/ca\/wp-json\/wp\/v2\/users\/3\/"}],"replies":[{"embeddable":true,"href":"http:\/\/hestiafundacion.org\/ca\/wp-json\/wp\/v2\/comments\/?post=3314"}],"version-history":[{"count":3,"href":"http:\/\/hestiafundacion.org\/ca\/wp-json\/wp\/v2\/posts\/3314\/revisions\/"}],"predecessor-version":[{"id":3320,"href":"http:\/\/hestiafundacion.org\/ca\/wp-json\/wp\/v2\/posts\/3314\/revisions\/3320\/"}],"wp:featuredmedia":[{"embeddable":true,"href":"http:\/\/hestiafundacion.org\/ca\/wp-json\/wp\/v2\/media\/3329\/"}],"wp:attachment":[{"href":"http:\/\/hestiafundacion.org\/ca\/wp-json\/wp\/v2\/media\/?parent=3314"}],"wp:term":[{"taxonomy":"category","embeddable":true,"href":"http:\/\/hestiafundacion.org\/ca\/wp-json\/wp\/v2\/categories\/?post=3314"},{"taxonomy":"post_tag","embeddable":true,"href":"http:\/\/hestiafundacion.org\/ca\/wp-json\/wp\/v2\/tags\/?post=3314"}],"curies":[{"name":"wp","href":"https:\/\/api.w.org\/{rel}","templated":true}]}}