{"id":3346,"date":"2020-07-03T16:08:20","date_gmt":"2020-07-03T14:08:20","guid":{"rendered":"http:\/\/hestiafundacion.org\/?p=3346"},"modified":"2020-07-03T16:08:44","modified_gmt":"2020-07-03T14:08:44","slug":"el-confinament-ha-estat-un-bon-moment-per-posar-en-practica-coses-apreses-quan-estava-agut","status":"publish","type":"post","link":"http:\/\/hestiafundacion.org\/ca\/el-confinament-ha-estat-un-bon-moment-per-posar-en-practica-coses-apreses-quan-estava-agut\/","title":{"rendered":"&#8220;El confinament ha estat un bon moment per posar en pr\u00e0ctica coses apreses quan estava agut&#8221;"},"content":{"rendered":"<p><strong>Mart\u00edn M\u00e9ndez<\/strong> va ser la primera persona que es va interessar per una de les accions del <strong>projecte de sensibilitzaci\u00f3 #MatealEstigma<\/strong>, concretament l&#8217;assist\u00e8ncia als partits de l&#8217;<strong>Hestia Menorca<\/strong>, equip de b\u00e0squet patrocinat per la <strong>Fundaci\u00f3 Hestia<\/strong> en el marc d&#8217;aquest projecte de sensibilitzaci\u00f3. La Fundaci\u00f3 va cedir les entrades que li pertocaven en qualitat de patrocinador principal a persones amb malaltia mental i les seves fam\u00edlies, i Mart\u00edn, en saber de la not\u00edcia, va contactar amb el club menorqu\u00ed i es va convertir en assidu al pabell\u00f3n.<\/p>\n<p><a href=\"http:\/\/hestiafundacion.org\/ca\/martin-mendez-beneficiari-del-projecte-matealestigma-la-malaltia-va-afectar-me-a-mi-i-a-les-persones-properes-anar-al-basquet-te-un-punt-terapeutic-perque-ho-fem-tots-plegats\/\">Ens ho explicava l&#8217;any passat<\/a>, en una de les entrevistes #MatealEstigma, i aquesta temporada va anar als partits fins que la <strong>pand\u00e8mia del coronavirus<\/strong> va obligar a la suspensi\u00f3 de la competici\u00f3 i a un <strong>confinament<\/strong> que Mart\u00edn ha viscut de manera enriquidora gr\u00e0cies a l&#8217;entorn familiar i a les eines que l&#8217;ajuden a bregar amb la seva malaltia mental i portar una vida normal, segons ell mateix relata. Encara que \u00e9s conscient del patiment, Mart\u00edn vol creure que la pand\u00e8mia \u00e9s una oportunitat per introduir canvis a millor. Pots veure l&#8217;entrevista <a href=\"https:\/\/www.youtube.com\/channel\/UChElpsf085AE-8_TDE9N-ww\/\">al nostre canal de Youtube.<\/a><\/p>\n<p><iframe width=\"1060\" height=\"596\" src=\"https:\/\/www.youtube.com\/embed\/GkehzamxEAc?feature=oembed\" frameborder=\"0\" allow=\"accelerometer; autoplay; encrypted-media; gyroscope; picture-in-picture\" allowfullscreen><\/iframe><\/p>\n","protected":false},"excerpt":{"rendered":"<p>Mart\u00edn M\u00e9ndez va ser la primera persona que es va interessar per una de les accions del projecte de sensibilitzaci\u00f3 #MatealEstigma, concretament l&#8217;assist\u00e8ncia als partits de l&#8217;Hestia Menorca, equip de b\u00e0squet patrocinat per la Fundaci\u00f3 Hestia en el marc d&#8217;aquest projecte de sensibilitzaci\u00f3. La Fundaci\u00f3&#8230;<\/p>\n","protected":false},"author":3,"featured_media":3344,"comment_status":"open","ping_status":"open","sticky":false,"template":"","format":"standard","meta":[],"categories":[32,135,30],"tags":[],"_links":{"self":[{"href":"http:\/\/hestiafundacion.org\/ca\/wp-json\/wp\/v2\/posts\/3346\/"}],"collection":[{"href":"http:\/\/hestiafundacion.org\/ca\/wp-json\/wp\/v2\/posts\/"}],"about":[{"href":"http:\/\/hestiafundacion.org\/ca\/wp-json\/wp\/v2\/types\/post\/"}],"author":[{"embeddable":true,"href":"http:\/\/hestiafundacion.org\/ca\/wp-json\/wp\/v2\/users\/3\/"}],"replies":[{"embeddable":true,"href":"http:\/\/hestiafundacion.org\/ca\/wp-json\/wp\/v2\/comments\/?post=3346"}],"version-history":[{"count":4,"href":"http:\/\/hestiafundacion.org\/ca\/wp-json\/wp\/v2\/posts\/3346\/revisions\/"}],"predecessor-version":[{"id":3353,"href":"http:\/\/hestiafundacion.org\/ca\/wp-json\/wp\/v2\/posts\/3346\/revisions\/3353\/"}],"wp:featuredmedia":[{"embeddable":true,"href":"http:\/\/hestiafundacion.org\/ca\/wp-json\/wp\/v2\/media\/3344\/"}],"wp:attachment":[{"href":"http:\/\/hestiafundacion.org\/ca\/wp-json\/wp\/v2\/media\/?parent=3346"}],"wp:term":[{"taxonomy":"category","embeddable":true,"href":"http:\/\/hestiafundacion.org\/ca\/wp-json\/wp\/v2\/categories\/?post=3346"},{"taxonomy":"post_tag","embeddable":true,"href":"http:\/\/hestiafundacion.org\/ca\/wp-json\/wp\/v2\/tags\/?post=3346"}],"curies":[{"name":"wp","href":"https:\/\/api.w.org\/{rel}","templated":true}]}}