{"id":3380,"date":"2020-08-14T13:37:04","date_gmt":"2020-08-14T11:37:04","guid":{"rendered":"http:\/\/hestiafundacion.org\/?p=3380"},"modified":"2020-08-14T13:37:04","modified_gmt":"2020-08-14T11:37:04","slug":"contacte-social-de-la-gent-gran-i-coronavirus-dificil-equilibri","status":"publish","type":"post","link":"http:\/\/hestiafundacion.org\/ca\/contacte-social-de-la-gent-gran-i-coronavirus-dificil-equilibri\/","title":{"rendered":"Contacte social de la gent gran i coronavirus: dif\u00edcil equilibri"},"content":{"rendered":"<p>La necessitat de frenar els contagis i tallar eventuals rebrots de<strong> Covid-19<\/strong> est\u00e0 imposant noves restriccions en resid\u00e8ncies de gent gran i altres dispositius en els quals ells s\u00f3n protagonistes- centres i hospitals de dia, sociosanitaris &#8230;-. Davant d&#8217;aquesta realitat, professionals, experts, entitats col\u00b7legials i institucions han comen\u00e7at a al\u00e7ar la veu per reclamar el desitjat<strong> equilibri entre la protecci\u00f3 de la salut p\u00fablica i el benestar dels majors<\/strong>.<\/p>\n<p>En aquest sentit, la <strong>Societat Espanyola de Geriatria i Gerontologia<\/strong> ha elaborat un manifest en el qual alerta de les repercussions negatives que la restricci\u00f3 de la mobilitat i el contacte social t\u00e9 per a l&#8217;adult major i recorda que &#8220;la protecci\u00f3 de la salut p\u00fablica no nom\u00e9s \u00e9s protegir del contagi a la gent gran, sin\u00f3 tamb\u00e9 estimular la prevenci\u00f3 de la malaltia i la promoci\u00f3 de la salut a trav\u00e9s de la realitzaci\u00f3 d&#8217;activitat f\u00edsica i contacte social freq\u00fcents &#8220;.<\/p>\n<p>Per aix\u00f2, la SEGG sol\u00b7licita a les autoritats sanit\u00e0ries que busquin l&#8217;equilibri entre la protecci\u00f3 del contagi per coronavirus, els drets de la gent gran i la possibilitat de realitzar una vida el m\u00e9s normal possible, i que intentin facilitar el m\u00e0xim els contactes socials i les sortides a l&#8217;exterior, aix\u00ed com l&#8217;\u00fas de totes les vies possibles de comunicaci\u00f3 (tel\u00e8fon, videoconfer\u00e8ncia &#8230;. )\u00a0Aix\u00ed mateix, demanen que s&#8217;i<strong>ncrementi el nombre d&#8217;activitats f\u00edsiques, socials i ocupacionals dins de la mateixa resid\u00e8ncia<\/strong>, refor\u00e7ant els professionals que siguin necessaris per a aquest fin.<\/p>\n<p>Pot ampliar aquesta informaci\u00f3 llegint el <a href=\"http:\/\/hestiafundacion.org\/wp-content\/uploads\/2020\/08\/Manifiesto-SEGG-salir-de-residencias.pdf\">Manifest<\/a> o mitjan\u00e7ant la <a href=\"http:\/\/www.segg.es\">p\u00e0gina web de la SEGG.<\/a><\/p>\n","protected":false},"excerpt":{"rendered":"<p>La necessitat de frenar els contagis i tallar eventuals rebrots de Covid-19 est\u00e0 imposant noves restriccions en resid\u00e8ncies de gent gran i altres dispositius en els quals ells s\u00f3n protagonistes- centres i hospitals de dia, sociosanitaris &#8230;-. Davant d&#8217;aquesta realitat, professionals, experts, entitats col\u00b7legials i&#8230;<\/p>\n","protected":false},"author":3,"featured_media":3384,"comment_status":"open","ping_status":"open","sticky":false,"template":"","format":"standard","meta":[],"categories":[191,156],"tags":[],"_links":{"self":[{"href":"http:\/\/hestiafundacion.org\/ca\/wp-json\/wp\/v2\/posts\/3380\/"}],"collection":[{"href":"http:\/\/hestiafundacion.org\/ca\/wp-json\/wp\/v2\/posts\/"}],"about":[{"href":"http:\/\/hestiafundacion.org\/ca\/wp-json\/wp\/v2\/types\/post\/"}],"author":[{"embeddable":true,"href":"http:\/\/hestiafundacion.org\/ca\/wp-json\/wp\/v2\/users\/3\/"}],"replies":[{"embeddable":true,"href":"http:\/\/hestiafundacion.org\/ca\/wp-json\/wp\/v2\/comments\/?post=3380"}],"version-history":[{"count":1,"href":"http:\/\/hestiafundacion.org\/ca\/wp-json\/wp\/v2\/posts\/3380\/revisions\/"}],"predecessor-version":[{"id":3381,"href":"http:\/\/hestiafundacion.org\/ca\/wp-json\/wp\/v2\/posts\/3380\/revisions\/3381\/"}],"wp:featuredmedia":[{"embeddable":true,"href":"http:\/\/hestiafundacion.org\/ca\/wp-json\/wp\/v2\/media\/3384\/"}],"wp:attachment":[{"href":"http:\/\/hestiafundacion.org\/ca\/wp-json\/wp\/v2\/media\/?parent=3380"}],"wp:term":[{"taxonomy":"category","embeddable":true,"href":"http:\/\/hestiafundacion.org\/ca\/wp-json\/wp\/v2\/categories\/?post=3380"},{"taxonomy":"post_tag","embeddable":true,"href":"http:\/\/hestiafundacion.org\/ca\/wp-json\/wp\/v2\/tags\/?post=3380"}],"curies":[{"name":"wp","href":"https:\/\/api.w.org\/{rel}","templated":true}]}}