{"id":3916,"date":"2020-09-14T19:35:21","date_gmt":"2020-09-14T17:35:21","guid":{"rendered":"http:\/\/hestiafundacion.org\/?p=3916"},"modified":"2020-10-14T19:44:57","modified_gmt":"2020-10-14T17:44:57","slug":"concurs-matealestigma-coronavirus-salut-mental-i-benestar-una-prioritat-global","status":"publish","type":"post","link":"http:\/\/hestiafundacion.org\/ca\/concurs-matealestigma-coronavirus-salut-mental-i-benestar-una-prioritat-global\/","title":{"rendered":"Concurs #MatealEstigma &#8220;Coronavirus, salut mental i benestar: una prioridad global&#8221;"},"content":{"rendered":"<p><strong>Fundaci\u00f3 Hestia, Hestia Menorca i dispositius de Salut Mental<\/strong> dependents de l&#8217;\u00c0rea de Salut de Menorca, el Consell Insular de Menorca i la Fundaci\u00f3 per a Persones amb Discapacitat de Menorca organitzen el <strong>Concurs de Dibuix #MatealEstigma &#8220;Coronavirus, salut mental i benestar: una prioritat global<\/strong>&#8221; amb la vista posada en el Dia Mundial de la Salut Mental 2020.<\/p>\n<p>Animar la reflexi\u00f3 i la creativitat al voltant del<strong> coronavirus<\/strong> i la salut mental, i la import\u00e0ncia de <strong>no augmentar l&#8217;estigma de les persones amb malaltia mental<\/strong>, m\u00e9s vulnerables en situacions de crisi sanit\u00e0ria com la que vivim; <strong>\u00a0sensibilitzar la poblaci\u00f3<\/strong> donant a con\u00e8ixer els dibuixos presentats; i, seleccionar una imatge per celebrar el DMSM 2020 a Menorca \u00e9s el triple objectiu d&#8217;aquesta convocatoria.<\/p>\n<p>El concurs estableix una <strong>doble categoria<\/strong>&#8211; fins a 18 anys i de 18 endavant- i els interessats poden enviar el seu dibuix entre el 14 i el 30 de setembre a administracion@hestiafundacion.org. Pots consultar les bases de el concurs en aquest enlla\u00e7 i descarregar aqu\u00ed l&#8217;autoritzaci\u00f3 que has d&#8217;adjuntar si ets menor de edad.<\/p>\n<p>Un jurat, integrat per un representant de les entitats organitzadores, seleccionar\u00e0 un dibuix per cadascuna de les categories, podent-se usar qualsevol d&#8217;ells per il\u00b7lustrar \/ animar la celebraci\u00f3 de l&#8217;DMSM 2020 a Menorca. Els autors dels dibuixos premiats seran obsequiats amb un abonament per a la temporada 2020-2021, una samarreta i una bufanda de l&#8217;<strong>Hestia Menorca.<\/strong><\/p>\n<p>Si la situaci\u00f3 epidemiol\u00f2gica ho permet, <strong>els dibuixos<\/strong> guanyadors i la resta dels presentats, <strong>s&#8217;exposaran amb motiu d&#8217;aquesta efem\u00e8ride a l&#8217;Hospital Mateu Orfila i el Pavell\u00f3 Menorca<\/strong>, i, en tot cas, s&#8217;aniran compartint a trav\u00e9s de les p\u00e0gines web i les xarxes socials de les entitats organitzadores, cas del nostre mur virtual que pots veure en aquesta entrada.<\/p>\n<p><strong>Augmentant sin\u00e8rgies<\/strong><\/p>\n<p>&#8220;Amb aquesta convocat\u00f2ria del Concurs de Dibuix #MatealEstigma 2020 pretenem <strong>donar continu\u00eftat a la feina conjunta<\/strong> que <strong>Fundaci\u00f3 Hestia<\/strong>, <strong>Hestia Menorca<\/strong>, \u00c0rea de Salut de Menorca, Consell Insular de Menorca i Fundaci\u00f3 de Persones amb Discapacitat de Menorca, en la qual s&#8217;integren AFEM, TEA i S&#8217;Olivera, vam comen\u00e7ar l&#8217;any passat per tal de sumar esfor\u00e7os per <strong>una millor resposta a les demandes que la salut mental origina<\/strong>&#8220;, expliquen des de la <strong>Fundaci\u00f3 Hestia<\/strong>.<\/p>\n<p>Les entitats convocants no han volgut obviar la situaci\u00f3 provocada per la<strong> irrupci\u00f3 del coronavirus<\/strong> i l&#8217;a<strong>dvert\u00e8ncia de l&#8217;OMS en relaci\u00f3 a l &#8216; &#8220;increment massiu&#8221; de problemes de salut mental<\/strong> com a conseq\u00fc\u00e8ncia de l&#8217;a\u00efllament social, el confinament, la por al contagi, les conseq\u00fc\u00e8ncies econ\u00f2miques i la p\u00e8rdua d&#8217;\u00e9ssers estimats derivades de la pand\u00e8mia. &#8220;Esperem que els participants s\u00e0piguen reflectir aquesta realitat i ajudar-nos a reflexionar-hi amb els seus dibuixos&#8221;, afegeixen.<\/p>\n<p>(Il\u00b7lustraci\u00f3 entrada: Adaptaci\u00f3 de la imatge dissenyada per Zaca per a les Jornades de Salut Mental de Menorca 2019)<\/p>\n<p><strong>MUR VIRTUAL DELS DIBUIXOS PRESENTATS<\/strong><\/p>\n\n\t\t<style type=\"text\/css\">\n\t\t\t#gallery-1 {\n\t\t\t\tmargin: auto;\n\t\t\t}\n\t\t\t#gallery-1 .gallery-item {\n\t\t\t\tfloat: left;\n\t\t\t\tmargin-top: 10px;\n\t\t\t\ttext-align: center;\n\t\t\t\twidth: 33%;\n\t\t\t}\n\t\t\t#gallery-1 img {\n\t\t\t\tborder: 2px solid #cfcfcf;\n\t\t\t}\n\t\t\t#gallery-1 .gallery-caption {\n\t\t\t\tmargin-left: 0;\n\t\t\t}\n\t\t\t\/* see gallery_shortcode() in wp-includes\/media.php *\/\n\t\t<\/style>\n\t\t<div id='gallery-1' class='gallery galleryid-3916 gallery-columns-3 gallery-size-thumbnail'><dl class='gallery-item'>\n\t\t\t<dt class='gallery-icon landscape'>\n\t\t\t\t<a href='http:\/\/hestiafundacion.org\/ca\/concurs-de-dibuix-matealestigma-coronavirus-salut-mental-i-benestar-una-prioritat-global\/captura-de-pantalla-2020-09-22-a-las-13-30-30\/'><img width=\"150\" height=\"150\" src=\"http:\/\/hestiafundacion.org\/wp-content\/uploads\/2020\/09\/Captura-de-pantalla-2020-09-22-a-las-13.30.30-150x150.png\" class=\"attachment-thumbnail size-thumbnail\" alt=\"\" loading=\"lazy\" aria-describedby=\"gallery-1-3549\" srcset=\"http:\/\/hestiafundacion.org\/wp-content\/uploads\/2020\/09\/Captura-de-pantalla-2020-09-22-a-las-13.30.30-150x150.png 150w, http:\/\/hestiafundacion.org\/wp-content\/uploads\/2020\/09\/Captura-de-pantalla-2020-09-22-a-las-13.30.30-570x570.png 570w, http:\/\/hestiafundacion.org\/wp-content\/uploads\/2020\/09\/Captura-de-pantalla-2020-09-22-a-las-13.30.30-500x500.png 500w\" sizes=\"(max-width: 150px) 100vw, 150px\" \/><\/a>\n\t\t\t<\/dt>\n\t\t\t\t<dd class='wp-caption-text gallery-caption' id='gallery-1-3549'>\n\t\t\t\tBasilisa\n\t\t\t\t<\/dd><\/dl><dl class='gallery-item'>\n\t\t\t<dt class='gallery-icon landscape'>\n\t\t\t\t<a href='http:\/\/hestiafundacion.org\/ca\/concurs-de-dibuix-matealestigma-coronavirus-salut-mental-i-benestar-una-prioritat-global\/captura-de-pantalla-2020-09-22-a-las-13-31-03\/'><img width=\"150\" height=\"150\" src=\"http:\/\/hestiafundacion.org\/wp-content\/uploads\/2020\/09\/Captura-de-pantalla-2020-09-22-a-las-13.31.03-150x150.png\" class=\"attachment-thumbnail size-thumbnail\" alt=\"\" loading=\"lazy\" aria-describedby=\"gallery-1-3551\" srcset=\"http:\/\/hestiafundacion.org\/wp-content\/uploads\/2020\/09\/Captura-de-pantalla-2020-09-22-a-las-13.31.03-150x150.png 150w, http:\/\/hestiafundacion.org\/wp-content\/uploads\/2020\/09\/Captura-de-pantalla-2020-09-22-a-las-13.31.03-570x570.png 570w, http:\/\/hestiafundacion.org\/wp-content\/uploads\/2020\/09\/Captura-de-pantalla-2020-09-22-a-las-13.31.03-500x500.png 500w\" sizes=\"(max-width: 150px) 100vw, 150px\" \/><\/a>\n\t\t\t<\/dt>\n\t\t\t\t<dd class='wp-caption-text gallery-caption' id='gallery-1-3551'>\n\t\t\t\tMatilde\n\t\t\t\t<\/dd><\/dl><dl class='gallery-item'>\n\t\t\t<dt class='gallery-icon landscape'>\n\t\t\t\t<a href='http:\/\/hestiafundacion.org\/ca\/concurs-de-dibuix-matealestigma-coronavirus-salut-mental-i-benestar-una-prioritat-global\/captura-de-pantalla-2020-09-22-a-las-13-31-27\/'><img width=\"150\" height=\"150\" src=\"http:\/\/hestiafundacion.org\/wp-content\/uploads\/2020\/09\/Captura-de-pantalla-2020-09-22-a-las-13.31.27-150x150.png\" class=\"attachment-thumbnail size-thumbnail\" alt=\"\" loading=\"lazy\" aria-describedby=\"gallery-1-3553\" srcset=\"http:\/\/hestiafundacion.org\/wp-content\/uploads\/2020\/09\/Captura-de-pantalla-2020-09-22-a-las-13.31.27-150x150.png 150w, http:\/\/hestiafundacion.org\/wp-content\/uploads\/2020\/09\/Captura-de-pantalla-2020-09-22-a-las-13.31.27-570x570.png 570w, http:\/\/hestiafundacion.org\/wp-content\/uploads\/2020\/09\/Captura-de-pantalla-2020-09-22-a-las-13.31.27-500x500.png 500w\" sizes=\"(max-width: 150px) 100vw, 150px\" \/><\/a>\n\t\t\t<\/dt>\n\t\t\t\t<dd class='wp-caption-text gallery-caption' id='gallery-1-3553'>\n\t\t\t\tVictoria\n\t\t\t\t<\/dd><\/dl><br style=\"clear: both\" \/><dl class='gallery-item'>\n\t\t\t<dt class='gallery-icon landscape'>\n\t\t\t\t<a href='http:\/\/hestiafundacion.org\/ca\/concurs-de-dibuix-matealestigma-coronavirus-salut-mental-i-benestar-una-prioritat-global\/captura-de-pantalla-2020-09-22-a-las-13-32-09\/'><img width=\"150\" height=\"150\" src=\"http:\/\/hestiafundacion.org\/wp-content\/uploads\/2020\/09\/Captura-de-pantalla-2020-09-22-a-las-13.32.09-150x150.png\" class=\"attachment-thumbnail size-thumbnail\" alt=\"\" loading=\"lazy\" aria-describedby=\"gallery-1-3555\" srcset=\"http:\/\/hestiafundacion.org\/wp-content\/uploads\/2020\/09\/Captura-de-pantalla-2020-09-22-a-las-13.32.09-150x150.png 150w, http:\/\/hestiafundacion.org\/wp-content\/uploads\/2020\/09\/Captura-de-pantalla-2020-09-22-a-las-13.32.09-570x570.png 570w, http:\/\/hestiafundacion.org\/wp-content\/uploads\/2020\/09\/Captura-de-pantalla-2020-09-22-a-las-13.32.09-500x500.png 500w\" sizes=\"(max-width: 150px) 100vw, 150px\" \/><\/a>\n\t\t\t<\/dt>\n\t\t\t\t<dd class='wp-caption-text gallery-caption' id='gallery-1-3555'>\n\t\t\t\tLuisa\n\t\t\t\t<\/dd><\/dl><dl class='gallery-item'>\n\t\t\t<dt class='gallery-icon landscape'>\n\t\t\t\t<a href='http:\/\/hestiafundacion.org\/ca\/captura-de-pantalla-2020-09-30-a-las-9-03-26\/'><img width=\"150\" height=\"150\" src=\"http:\/\/hestiafundacion.org\/wp-content\/uploads\/2020\/09\/Captura-de-pantalla-2020-09-30-a-las-9.03.26-150x150.png\" class=\"attachment-thumbnail size-thumbnail\" alt=\"\" loading=\"lazy\" aria-describedby=\"gallery-1-3769\" srcset=\"http:\/\/hestiafundacion.org\/wp-content\/uploads\/2020\/09\/Captura-de-pantalla-2020-09-30-a-las-9.03.26-150x150.png 150w, http:\/\/hestiafundacion.org\/wp-content\/uploads\/2020\/09\/Captura-de-pantalla-2020-09-30-a-las-9.03.26-570x570.png 570w, http:\/\/hestiafundacion.org\/wp-content\/uploads\/2020\/09\/Captura-de-pantalla-2020-09-30-a-las-9.03.26-500x500.png 500w\" sizes=\"(max-width: 150px) 100vw, 150px\" \/><\/a>\n\t\t\t<\/dt>\n\t\t\t\t<dd class='wp-caption-text gallery-caption' id='gallery-1-3769'>\n\t\t\t\tUriel\n\t\t\t\t<\/dd><\/dl><dl class='gallery-item'>\n\t\t\t<dt class='gallery-icon portrait'>\n\t\t\t\t<a href='http:\/\/hestiafundacion.org\/ca\/concurs-de-dibuix-matealestigma-coronavirus-salut-mental-i-benestar-una-prioritat-global\/scan0001\/'><img width=\"150\" height=\"150\" src=\"http:\/\/hestiafundacion.org\/wp-content\/uploads\/2020\/09\/Scan0001-150x150.jpg\" class=\"attachment-thumbnail size-thumbnail\" alt=\"\" loading=\"lazy\" aria-describedby=\"gallery-1-3596\" srcset=\"http:\/\/hestiafundacion.org\/wp-content\/uploads\/2020\/09\/Scan0001-150x150.jpg 150w, http:\/\/hestiafundacion.org\/wp-content\/uploads\/2020\/09\/Scan0001-570x570.jpg 570w, http:\/\/hestiafundacion.org\/wp-content\/uploads\/2020\/09\/Scan0001-500x500.jpg 500w, http:\/\/hestiafundacion.org\/wp-content\/uploads\/2020\/09\/Scan0001-1000x1000.jpg 1000w\" sizes=\"(max-width: 150px) 100vw, 150px\" \/><\/a>\n\t\t\t<\/dt>\n\t\t\t\t<dd class='wp-caption-text gallery-caption' id='gallery-1-3596'>\n\t\t\t\tOliva\n\t\t\t\t<\/dd><\/dl><br style=\"clear: both\" \/><dl class='gallery-item'>\n\t\t\t<dt class='gallery-icon landscape'>\n\t\t\t\t<a href='http:\/\/hestiafundacion.org\/ca\/captura-de-pantalla-2020-09-30-a-las-8-29-11-2\/'><img width=\"150\" height=\"150\" src=\"http:\/\/hestiafundacion.org\/wp-content\/uploads\/2020\/09\/Captura-de-pantalla-2020-09-30-a-las-8.29.11-150x150.png\" class=\"attachment-thumbnail size-thumbnail\" alt=\"\" loading=\"lazy\" aria-describedby=\"gallery-1-3634\" srcset=\"http:\/\/hestiafundacion.org\/wp-content\/uploads\/2020\/09\/Captura-de-pantalla-2020-09-30-a-las-8.29.11-150x150.png 150w, http:\/\/hestiafundacion.org\/wp-content\/uploads\/2020\/09\/Captura-de-pantalla-2020-09-30-a-las-8.29.11-570x570.png 570w, http:\/\/hestiafundacion.org\/wp-content\/uploads\/2020\/09\/Captura-de-pantalla-2020-09-30-a-las-8.29.11-500x500.png 500w\" sizes=\"(max-width: 150px) 100vw, 150px\" \/><\/a>\n\t\t\t<\/dt>\n\t\t\t\t<dd class='wp-caption-text gallery-caption' id='gallery-1-3634'>\n\t\t\t\tBartolom\u00e9\n\t\t\t\t<\/dd><\/dl><dl class='gallery-item'>\n\t\t\t<dt class='gallery-icon landscape'>\n\t\t\t\t<a href='http:\/\/hestiafundacion.org\/ca\/captura-de-pantalla-2020-09-30-a-las-8-30-13-2\/'><img width=\"150\" height=\"150\" src=\"http:\/\/hestiafundacion.org\/wp-content\/uploads\/2020\/09\/Captura-de-pantalla-2020-09-30-a-las-8.30.13-150x150.png\" class=\"attachment-thumbnail size-thumbnail\" alt=\"\" loading=\"lazy\" aria-describedby=\"gallery-1-3636\" srcset=\"http:\/\/hestiafundacion.org\/wp-content\/uploads\/2020\/09\/Captura-de-pantalla-2020-09-30-a-las-8.30.13-150x150.png 150w, http:\/\/hestiafundacion.org\/wp-content\/uploads\/2020\/09\/Captura-de-pantalla-2020-09-30-a-las-8.30.13-570x570.png 570w, http:\/\/hestiafundacion.org\/wp-content\/uploads\/2020\/09\/Captura-de-pantalla-2020-09-30-a-las-8.30.13-500x500.png 500w\" sizes=\"(max-width: 150px) 100vw, 150px\" \/><\/a>\n\t\t\t<\/dt>\n\t\t\t\t<dd class='wp-caption-text gallery-caption' id='gallery-1-3636'>\n\t\t\t\tJosep\n\t\t\t\t<\/dd><\/dl><dl class='gallery-item'>\n\t\t\t<dt class='gallery-icon landscape'>\n\t\t\t\t<a href='http:\/\/hestiafundacion.org\/ca\/captura-de-pantalla-2020-09-30-a-las-8-31-25-2\/'><img width=\"150\" height=\"150\" src=\"http:\/\/hestiafundacion.org\/wp-content\/uploads\/2020\/09\/Captura-de-pantalla-2020-09-30-a-las-8.31.25-150x150.png\" class=\"attachment-thumbnail size-thumbnail\" alt=\"\" loading=\"lazy\" aria-describedby=\"gallery-1-3638\" srcset=\"http:\/\/hestiafundacion.org\/wp-content\/uploads\/2020\/09\/Captura-de-pantalla-2020-09-30-a-las-8.31.25-150x150.png 150w, http:\/\/hestiafundacion.org\/wp-content\/uploads\/2020\/09\/Captura-de-pantalla-2020-09-30-a-las-8.31.25-570x570.png 570w, http:\/\/hestiafundacion.org\/wp-content\/uploads\/2020\/09\/Captura-de-pantalla-2020-09-30-a-las-8.31.25-500x500.png 500w\" sizes=\"(max-width: 150px) 100vw, 150px\" \/><\/a>\n\t\t\t<\/dt>\n\t\t\t\t<dd class='wp-caption-text gallery-caption' id='gallery-1-3638'>\n\t\t\t\tFrederic\n\t\t\t\t<\/dd><\/dl><br style=\"clear: both\" \/><dl class='gallery-item'>\n\t\t\t<dt class='gallery-icon landscape'>\n\t\t\t\t<a href='http:\/\/hestiafundacion.org\/ca\/captura-de-pantalla-2020-09-30-a-las-8-32-03-2\/'><img width=\"150\" height=\"150\" src=\"http:\/\/hestiafundacion.org\/wp-content\/uploads\/2020\/09\/Captura-de-pantalla-2020-09-30-a-las-8.32.03-150x150.png\" class=\"attachment-thumbnail size-thumbnail\" alt=\"\" loading=\"lazy\" aria-describedby=\"gallery-1-3640\" srcset=\"http:\/\/hestiafundacion.org\/wp-content\/uploads\/2020\/09\/Captura-de-pantalla-2020-09-30-a-las-8.32.03-150x150.png 150w, http:\/\/hestiafundacion.org\/wp-content\/uploads\/2020\/09\/Captura-de-pantalla-2020-09-30-a-las-8.32.03-570x570.png 570w, http:\/\/hestiafundacion.org\/wp-content\/uploads\/2020\/09\/Captura-de-pantalla-2020-09-30-a-las-8.32.03-500x500.png 500w\" sizes=\"(max-width: 150px) 100vw, 150px\" \/><\/a>\n\t\t\t<\/dt>\n\t\t\t\t<dd class='wp-caption-text gallery-caption' id='gallery-1-3640'>\n\t\t\t\tEsther\n\t\t\t\t<\/dd><\/dl><dl class='gallery-item'>\n\t\t\t<dt class='gallery-icon portrait'>\n\t\t\t\t<a href='http:\/\/hestiafundacion.org\/ca\/captura-de-pantalla-2020-09-30-a-las-8-35-08-2\/'><img width=\"150\" height=\"150\" src=\"http:\/\/hestiafundacion.org\/wp-content\/uploads\/2020\/09\/Captura-de-pantalla-2020-09-30-a-las-8.35.08-150x150.png\" class=\"attachment-thumbnail size-thumbnail\" alt=\"\" loading=\"lazy\" aria-describedby=\"gallery-1-3644\" srcset=\"http:\/\/hestiafundacion.org\/wp-content\/uploads\/2020\/09\/Captura-de-pantalla-2020-09-30-a-las-8.35.08-150x150.png 150w, http:\/\/hestiafundacion.org\/wp-content\/uploads\/2020\/09\/Captura-de-pantalla-2020-09-30-a-las-8.35.08-570x570.png 570w, http:\/\/hestiafundacion.org\/wp-content\/uploads\/2020\/09\/Captura-de-pantalla-2020-09-30-a-las-8.35.08-500x500.png 500w\" sizes=\"(max-width: 150px) 100vw, 150px\" \/><\/a>\n\t\t\t<\/dt>\n\t\t\t\t<dd class='wp-caption-text gallery-caption' id='gallery-1-3644'>\n\t\t\t\tMagdalena\n\t\t\t\t<\/dd><\/dl><dl class='gallery-item'>\n\t\t\t<dt class='gallery-icon landscape'>\n\t\t\t\t<a href='http:\/\/hestiafundacion.org\/ca\/captura-de-pantalla-2020-09-30-a-las-8-44-57-2\/'><img width=\"150\" height=\"150\" src=\"http:\/\/hestiafundacion.org\/wp-content\/uploads\/2020\/09\/Captura-de-pantalla-2020-09-30-a-las-8.44.57-150x150.png\" class=\"attachment-thumbnail size-thumbnail\" alt=\"\" loading=\"lazy\" aria-describedby=\"gallery-1-3672\" srcset=\"http:\/\/hestiafundacion.org\/wp-content\/uploads\/2020\/09\/Captura-de-pantalla-2020-09-30-a-las-8.44.57-150x150.png 150w, http:\/\/hestiafundacion.org\/wp-content\/uploads\/2020\/09\/Captura-de-pantalla-2020-09-30-a-las-8.44.57-570x570.png 570w, http:\/\/hestiafundacion.org\/wp-content\/uploads\/2020\/09\/Captura-de-pantalla-2020-09-30-a-las-8.44.57-500x500.png 500w\" sizes=\"(max-width: 150px) 100vw, 150px\" \/><\/a>\n\t\t\t<\/dt>\n\t\t\t\t<dd class='wp-caption-text gallery-caption' id='gallery-1-3672'>\n\t\t\t\tGloria\n\t\t\t\t<\/dd><\/dl><br style=\"clear: both\" \/><dl class='gallery-item'>\n\t\t\t<dt class='gallery-icon portrait'>\n\t\t\t\t<a href='http:\/\/hestiafundacion.org\/ca\/captura-de-pantalla-2020-09-30-a-las-8-36-45-2\/'><img width=\"150\" height=\"150\" src=\"http:\/\/hestiafundacion.org\/wp-content\/uploads\/2020\/09\/Captura-de-pantalla-2020-09-30-a-las-8.36.45-150x150.png\" class=\"attachment-thumbnail size-thumbnail\" alt=\"\" loading=\"lazy\" aria-describedby=\"gallery-1-3646\" srcset=\"http:\/\/hestiafundacion.org\/wp-content\/uploads\/2020\/09\/Captura-de-pantalla-2020-09-30-a-las-8.36.45-150x150.png 150w, http:\/\/hestiafundacion.org\/wp-content\/uploads\/2020\/09\/Captura-de-pantalla-2020-09-30-a-las-8.36.45-570x570.png 570w, http:\/\/hestiafundacion.org\/wp-content\/uploads\/2020\/09\/Captura-de-pantalla-2020-09-30-a-las-8.36.45-500x500.png 500w\" sizes=\"(max-width: 150px) 100vw, 150px\" \/><\/a>\n\t\t\t<\/dt>\n\t\t\t\t<dd class='wp-caption-text gallery-caption' id='gallery-1-3646'>\n\t\t\t\tAntonio\n\t\t\t\t<\/dd><\/dl><dl class='gallery-item'>\n\t\t\t<dt class='gallery-icon portrait'>\n\t\t\t\t<a href='http:\/\/hestiafundacion.org\/ca\/captura-de-pantalla-2020-09-30-a-las-8-42-14-2\/'><img width=\"150\" height=\"150\" src=\"http:\/\/hestiafundacion.org\/wp-content\/uploads\/2020\/09\/Captura-de-pantalla-2020-09-30-a-las-8.42.14-150x150.png\" class=\"attachment-thumbnail size-thumbnail\" alt=\"\" loading=\"lazy\" aria-describedby=\"gallery-1-3666\" srcset=\"http:\/\/hestiafundacion.org\/wp-content\/uploads\/2020\/09\/Captura-de-pantalla-2020-09-30-a-las-8.42.14-150x150.png 150w, http:\/\/hestiafundacion.org\/wp-content\/uploads\/2020\/09\/Captura-de-pantalla-2020-09-30-a-las-8.42.14-570x570.png 570w, http:\/\/hestiafundacion.org\/wp-content\/uploads\/2020\/09\/Captura-de-pantalla-2020-09-30-a-las-8.42.14-500x500.png 500w\" sizes=\"(max-width: 150px) 100vw, 150px\" \/><\/a>\n\t\t\t<\/dt>\n\t\t\t\t<dd class='wp-caption-text gallery-caption' id='gallery-1-3666'>\n\t\t\t\tSusana\n\t\t\t\t<\/dd><\/dl><dl class='gallery-item'>\n\t\t\t<dt class='gallery-icon landscape'>\n\t\t\t\t<a href='http:\/\/hestiafundacion.org\/ca\/captura-de-pantalla-2020-09-30-a-las-8-44-29-2\/'><img width=\"150\" height=\"150\" src=\"http:\/\/hestiafundacion.org\/wp-content\/uploads\/2020\/09\/Captura-de-pantalla-2020-09-30-a-las-8.44.29-150x150.png\" class=\"attachment-thumbnail size-thumbnail\" alt=\"\" loading=\"lazy\" aria-describedby=\"gallery-1-3670\" srcset=\"http:\/\/hestiafundacion.org\/wp-content\/uploads\/2020\/09\/Captura-de-pantalla-2020-09-30-a-las-8.44.29-150x150.png 150w, http:\/\/hestiafundacion.org\/wp-content\/uploads\/2020\/09\/Captura-de-pantalla-2020-09-30-a-las-8.44.29-570x570.png 570w, http:\/\/hestiafundacion.org\/wp-content\/uploads\/2020\/09\/Captura-de-pantalla-2020-09-30-a-las-8.44.29-500x500.png 500w\" sizes=\"(max-width: 150px) 100vw, 150px\" \/><\/a>\n\t\t\t<\/dt>\n\t\t\t\t<dd class='wp-caption-text gallery-caption' id='gallery-1-3670'>\n\t\t\t\tAna Mar\u00eda\n\t\t\t\t<\/dd><\/dl><br style=\"clear: both\" \/><dl class='gallery-item'>\n\t\t\t<dt class='gallery-icon landscape'>\n\t\t\t\t<a href='http:\/\/hestiafundacion.org\/ca\/captura-de-pantalla-2020-09-30-a-las-8-45-38-2\/'><img width=\"150\" height=\"150\" src=\"http:\/\/hestiafundacion.org\/wp-content\/uploads\/2020\/09\/Captura-de-pantalla-2020-09-30-a-las-8.45.38-150x150.png\" class=\"attachment-thumbnail size-thumbnail\" alt=\"\" loading=\"lazy\" aria-describedby=\"gallery-1-3674\" srcset=\"http:\/\/hestiafundacion.org\/wp-content\/uploads\/2020\/09\/Captura-de-pantalla-2020-09-30-a-las-8.45.38-150x150.png 150w, http:\/\/hestiafundacion.org\/wp-content\/uploads\/2020\/09\/Captura-de-pantalla-2020-09-30-a-las-8.45.38-570x570.png 570w, http:\/\/hestiafundacion.org\/wp-content\/uploads\/2020\/09\/Captura-de-pantalla-2020-09-30-a-las-8.45.38-500x500.png 500w\" sizes=\"(max-width: 150px) 100vw, 150px\" \/><\/a>\n\t\t\t<\/dt>\n\t\t\t\t<dd class='wp-caption-text gallery-caption' id='gallery-1-3674'>\n\t\t\t\tAna Victoria\n\t\t\t\t<\/dd><\/dl><dl class='gallery-item'>\n\t\t\t<dt class='gallery-icon portrait'>\n\t\t\t\t<a href='http:\/\/hestiafundacion.org\/ca\/captura-de-pantalla-2020-09-30-a-las-8-46-22-2\/'><img width=\"150\" height=\"150\" src=\"http:\/\/hestiafundacion.org\/wp-content\/uploads\/2020\/09\/Captura-de-pantalla-2020-09-30-a-las-8.46.22-150x150.png\" class=\"attachment-thumbnail size-thumbnail\" alt=\"\" loading=\"lazy\" aria-describedby=\"gallery-1-3676\" srcset=\"http:\/\/hestiafundacion.org\/wp-content\/uploads\/2020\/09\/Captura-de-pantalla-2020-09-30-a-las-8.46.22-150x150.png 150w, http:\/\/hestiafundacion.org\/wp-content\/uploads\/2020\/09\/Captura-de-pantalla-2020-09-30-a-las-8.46.22-570x570.png 570w, http:\/\/hestiafundacion.org\/wp-content\/uploads\/2020\/09\/Captura-de-pantalla-2020-09-30-a-las-8.46.22-500x500.png 500w\" sizes=\"(max-width: 150px) 100vw, 150px\" \/><\/a>\n\t\t\t<\/dt>\n\t\t\t\t<dd class='wp-caption-text gallery-caption' id='gallery-1-3676'>\n\t\t\t\tJavier\n\t\t\t\t<\/dd><\/dl><dl class='gallery-item'>\n\t\t\t<dt class='gallery-icon portrait'>\n\t\t\t\t<a href='http:\/\/hestiafundacion.org\/ca\/captura-de-pantalla-2020-09-30-a-las-8-37-26-2\/'><img width=\"150\" height=\"150\" src=\"http:\/\/hestiafundacion.org\/wp-content\/uploads\/2020\/09\/Captura-de-pantalla-2020-09-30-a-las-8.37.26-150x150.png\" class=\"attachment-thumbnail size-thumbnail\" alt=\"\" loading=\"lazy\" aria-describedby=\"gallery-1-3648\" srcset=\"http:\/\/hestiafundacion.org\/wp-content\/uploads\/2020\/09\/Captura-de-pantalla-2020-09-30-a-las-8.37.26-150x150.png 150w, http:\/\/hestiafundacion.org\/wp-content\/uploads\/2020\/09\/Captura-de-pantalla-2020-09-30-a-las-8.37.26-570x570.png 570w, http:\/\/hestiafundacion.org\/wp-content\/uploads\/2020\/09\/Captura-de-pantalla-2020-09-30-a-las-8.37.26-500x500.png 500w\" sizes=\"(max-width: 150px) 100vw, 150px\" \/><\/a>\n\t\t\t<\/dt>\n\t\t\t\t<dd class='wp-caption-text gallery-caption' id='gallery-1-3648'>\n\t\t\t\tAntonio\n\t\t\t\t<\/dd><\/dl><br style=\"clear: both\" \/><dl class='gallery-item'>\n\t\t\t<dt class='gallery-icon landscape'>\n\t\t\t\t<a href='http:\/\/hestiafundacion.org\/ca\/captura-de-pantalla-2020-09-30-a-las-8-47-00-2\/'><img width=\"150\" height=\"150\" src=\"http:\/\/hestiafundacion.org\/wp-content\/uploads\/2020\/09\/Captura-de-pantalla-2020-09-30-a-las-8.47.00-150x150.png\" class=\"attachment-thumbnail size-thumbnail\" alt=\"\" loading=\"lazy\" aria-describedby=\"gallery-1-3678\" srcset=\"http:\/\/hestiafundacion.org\/wp-content\/uploads\/2020\/09\/Captura-de-pantalla-2020-09-30-a-las-8.47.00-150x150.png 150w, http:\/\/hestiafundacion.org\/wp-content\/uploads\/2020\/09\/Captura-de-pantalla-2020-09-30-a-las-8.47.00-570x570.png 570w, http:\/\/hestiafundacion.org\/wp-content\/uploads\/2020\/09\/Captura-de-pantalla-2020-09-30-a-las-8.47.00-500x500.png 500w\" sizes=\"(max-width: 150px) 100vw, 150px\" \/><\/a>\n\t\t\t<\/dt>\n\t\t\t\t<dd class='wp-caption-text gallery-caption' id='gallery-1-3678'>\n\t\t\t\tAna Mar\u00eda\n\t\t\t\t<\/dd><\/dl><dl class='gallery-item'>\n\t\t\t<dt class='gallery-icon landscape'>\n\t\t\t\t<a href='http:\/\/hestiafundacion.org\/ca\/captura-de-pantalla-2020-09-30-a-las-8-43-20-2\/'><img width=\"150\" height=\"150\" src=\"http:\/\/hestiafundacion.org\/wp-content\/uploads\/2020\/09\/Captura-de-pantalla-2020-09-30-a-las-8.43.20-150x150.png\" class=\"attachment-thumbnail size-thumbnail\" alt=\"\" loading=\"lazy\" aria-describedby=\"gallery-1-3668\" srcset=\"http:\/\/hestiafundacion.org\/wp-content\/uploads\/2020\/09\/Captura-de-pantalla-2020-09-30-a-las-8.43.20-150x150.png 150w, http:\/\/hestiafundacion.org\/wp-content\/uploads\/2020\/09\/Captura-de-pantalla-2020-09-30-a-las-8.43.20-570x570.png 570w, http:\/\/hestiafundacion.org\/wp-content\/uploads\/2020\/09\/Captura-de-pantalla-2020-09-30-a-las-8.43.20-500x500.png 500w\" sizes=\"(max-width: 150px) 100vw, 150px\" \/><\/a>\n\t\t\t<\/dt>\n\t\t\t\t<dd class='wp-caption-text gallery-caption' id='gallery-1-3668'>\n\t\t\t\tSusana\n\t\t\t\t<\/dd><\/dl><dl class='gallery-item'>\n\t\t\t<dt class='gallery-icon landscape'>\n\t\t\t\t<a href='http:\/\/hestiafundacion.org\/ca\/captura-de-pantalla-2020-09-30-a-las-9-04-55-2\/'><img width=\"150\" height=\"150\" src=\"http:\/\/hestiafundacion.org\/wp-content\/uploads\/2020\/09\/Captura-de-pantalla-2020-09-30-a-las-9.04.55-150x150.png\" class=\"attachment-thumbnail size-thumbnail\" alt=\"\" loading=\"lazy\" aria-describedby=\"gallery-1-3683\" srcset=\"http:\/\/hestiafundacion.org\/wp-content\/uploads\/2020\/09\/Captura-de-pantalla-2020-09-30-a-las-9.04.55-150x150.png 150w, http:\/\/hestiafundacion.org\/wp-content\/uploads\/2020\/09\/Captura-de-pantalla-2020-09-30-a-las-9.04.55-570x570.png 570w, http:\/\/hestiafundacion.org\/wp-content\/uploads\/2020\/09\/Captura-de-pantalla-2020-09-30-a-las-9.04.55-500x500.png 500w\" sizes=\"(max-width: 150px) 100vw, 150px\" \/><\/a>\n\t\t\t<\/dt>\n\t\t\t\t<dd class='wp-caption-text gallery-caption' id='gallery-1-3683'>\n\t\t\t\tFabricio\n\t\t\t\t<\/dd><\/dl><br style=\"clear: both\" \/><dl class='gallery-item'>\n\t\t\t<dt class='gallery-icon landscape'>\n\t\t\t\t<a href='http:\/\/hestiafundacion.org\/ca\/captura-de-pantalla-2020-10-01-a-las-10-37-27-2\/'><img width=\"150\" height=\"150\" src=\"http:\/\/hestiafundacion.org\/wp-content\/uploads\/2020\/09\/Captura-de-pantalla-2020-10-01-a-las-10.37.27-150x150.png\" class=\"attachment-thumbnail size-thumbnail\" alt=\"\" loading=\"lazy\" aria-describedby=\"gallery-1-3713\" srcset=\"http:\/\/hestiafundacion.org\/wp-content\/uploads\/2020\/09\/Captura-de-pantalla-2020-10-01-a-las-10.37.27-150x150.png 150w, http:\/\/hestiafundacion.org\/wp-content\/uploads\/2020\/09\/Captura-de-pantalla-2020-10-01-a-las-10.37.27-570x570.png 570w, http:\/\/hestiafundacion.org\/wp-content\/uploads\/2020\/09\/Captura-de-pantalla-2020-10-01-a-las-10.37.27-500x500.png 500w\" sizes=\"(max-width: 150px) 100vw, 150px\" \/><\/a>\n\t\t\t<\/dt>\n\t\t\t\t<dd class='wp-caption-text gallery-caption' id='gallery-1-3713'>\n\t\t\t\tDiego\n\t\t\t\t<\/dd><\/dl><dl class='gallery-item'>\n\t\t\t<dt class='gallery-icon portrait'>\n\t\t\t\t<a href='http:\/\/hestiafundacion.org\/ca\/captura-de-pantalla-2020-10-01-a-las-10-33-48-2\/'><img width=\"150\" height=\"150\" src=\"http:\/\/hestiafundacion.org\/wp-content\/uploads\/2020\/09\/Captura-de-pantalla-2020-10-01-a-las-10.33.48-150x150.png\" class=\"attachment-thumbnail size-thumbnail\" alt=\"\" loading=\"lazy\" aria-describedby=\"gallery-1-3711\" \/><\/a>\n\t\t\t<\/dt>\n\t\t\t\t<dd class='wp-caption-text gallery-caption' id='gallery-1-3711'>\n\t\t\t\tJulia\n\t\t\t\t<\/dd><\/dl><dl class='gallery-item'>\n\t\t\t<dt class='gallery-icon portrait'>\n\t\t\t\t<a href='http:\/\/hestiafundacion.org\/ca\/image1-2\/'><img width=\"150\" height=\"150\" src=\"http:\/\/hestiafundacion.org\/wp-content\/uploads\/2020\/09\/image1-150x150.jpeg\" class=\"attachment-thumbnail size-thumbnail\" alt=\"\" loading=\"lazy\" aria-describedby=\"gallery-1-3709\" srcset=\"http:\/\/hestiafundacion.org\/wp-content\/uploads\/2020\/09\/image1-150x150.jpeg 150w, http:\/\/hestiafundacion.org\/wp-content\/uploads\/2020\/09\/image1-570x570.jpeg 570w, http:\/\/hestiafundacion.org\/wp-content\/uploads\/2020\/09\/image1-500x500.jpeg 500w\" sizes=\"(max-width: 150px) 100vw, 150px\" \/><\/a>\n\t\t\t<\/dt>\n\t\t\t\t<dd class='wp-caption-text gallery-caption' id='gallery-1-3709'>\n\t\t\t\tJordI\n\t\t\t\t<\/dd><\/dl><br style=\"clear: both\" \/><dl class='gallery-item'>\n\t\t\t<dt class='gallery-icon landscape'>\n\t\t\t\t<a href='http:\/\/hestiafundacion.org\/ca\/smart-2\/'><img width=\"150\" height=\"150\" src=\"http:\/\/hestiafundacion.org\/wp-content\/uploads\/2020\/09\/IMG_20200928_001146-150x150.jpg\" class=\"attachment-thumbnail size-thumbnail\" alt=\"\" loading=\"lazy\" aria-describedby=\"gallery-1-3704\" srcset=\"http:\/\/hestiafundacion.org\/wp-content\/uploads\/2020\/09\/IMG_20200928_001146-150x150.jpg 150w, http:\/\/hestiafundacion.org\/wp-content\/uploads\/2020\/09\/IMG_20200928_001146-570x570.jpg 570w, http:\/\/hestiafundacion.org\/wp-content\/uploads\/2020\/09\/IMG_20200928_001146-500x500.jpg 500w, http:\/\/hestiafundacion.org\/wp-content\/uploads\/2020\/09\/IMG_20200928_001146-1000x1000.jpg 1000w\" sizes=\"(max-width: 150px) 100vw, 150px\" \/><\/a>\n\t\t\t<\/dt>\n\t\t\t\t<dd class='wp-caption-text gallery-caption' id='gallery-1-3704'>\n\t\t\t\tCarmen\n\t\t\t\t<\/dd><\/dl><dl class='gallery-item'>\n\t\t\t<dt class='gallery-icon portrait'>\n\t\t\t\t<a href='http:\/\/hestiafundacion.org\/ca\/concurs-de-dibuix-matealestigma-coronavirus-salut-mental-i-benestar-una-prioritat-global\/free-matealestigma\/'><img width=\"150\" height=\"150\" src=\"http:\/\/hestiafundacion.org\/wp-content\/uploads\/2020\/09\/Free-Matealestigma-150x150.jpg\" class=\"attachment-thumbnail size-thumbnail\" alt=\"\" loading=\"lazy\" aria-describedby=\"gallery-1-3697\" srcset=\"http:\/\/hestiafundacion.org\/wp-content\/uploads\/2020\/09\/Free-Matealestigma-150x150.jpg 150w, http:\/\/hestiafundacion.org\/wp-content\/uploads\/2020\/09\/Free-Matealestigma-570x570.jpg 570w, http:\/\/hestiafundacion.org\/wp-content\/uploads\/2020\/09\/Free-Matealestigma-500x500.jpg 500w\" sizes=\"(max-width: 150px) 100vw, 150px\" \/><\/a>\n\t\t\t<\/dt>\n\t\t\t\t<dd class='wp-caption-text gallery-caption' id='gallery-1-3697'>\n\t\t\t\tFree Matealestigma\n\t\t\t\t<\/dd><\/dl><dl class='gallery-item'>\n\t\t\t<dt class='gallery-icon landscape'>\n\t\t\t\t<a href='http:\/\/hestiafundacion.org\/ca\/concurs-de-dibuix-matealestigma-coronavirus-salut-mental-i-benestar-una-prioritat-global\/captura-de-pantalla-2020-09-30-a-las-9-27-58\/'><img width=\"150\" height=\"150\" src=\"http:\/\/hestiafundacion.org\/wp-content\/uploads\/2020\/09\/Captura-de-pantalla-2020-09-30-a-las-9.27.58-150x150.png\" class=\"attachment-thumbnail size-thumbnail\" alt=\"\" loading=\"lazy\" aria-describedby=\"gallery-1-3695\" srcset=\"http:\/\/hestiafundacion.org\/wp-content\/uploads\/2020\/09\/Captura-de-pantalla-2020-09-30-a-las-9.27.58-150x150.png 150w, http:\/\/hestiafundacion.org\/wp-content\/uploads\/2020\/09\/Captura-de-pantalla-2020-09-30-a-las-9.27.58-570x570.png 570w, http:\/\/hestiafundacion.org\/wp-content\/uploads\/2020\/09\/Captura-de-pantalla-2020-09-30-a-las-9.27.58-500x500.png 500w\" sizes=\"(max-width: 150px) 100vw, 150px\" \/><\/a>\n\t\t\t<\/dt>\n\t\t\t\t<dd class='wp-caption-text gallery-caption' id='gallery-1-3695'>\n\t\t\t\tAna Victoria\n\t\t\t\t<\/dd><\/dl><br style=\"clear: both\" \/><dl class='gallery-item'>\n\t\t\t<dt class='gallery-icon landscape'>\n\t\t\t\t<a href='http:\/\/hestiafundacion.org\/ca\/captura-de-pantalla-2020-10-01-a-las-10-38-36-2\/'><img width=\"150\" height=\"150\" src=\"http:\/\/hestiafundacion.org\/wp-content\/uploads\/2020\/09\/Captura-de-pantalla-2020-10-01-a-las-10.38.36-150x150.png\" class=\"attachment-thumbnail size-thumbnail\" alt=\"\" loading=\"lazy\" aria-describedby=\"gallery-1-3715\" srcset=\"http:\/\/hestiafundacion.org\/wp-content\/uploads\/2020\/09\/Captura-de-pantalla-2020-10-01-a-las-10.38.36-150x150.png 150w, http:\/\/hestiafundacion.org\/wp-content\/uploads\/2020\/09\/Captura-de-pantalla-2020-10-01-a-las-10.38.36-570x570.png 570w, http:\/\/hestiafundacion.org\/wp-content\/uploads\/2020\/09\/Captura-de-pantalla-2020-10-01-a-las-10.38.36-500x500.png 500w\" sizes=\"(max-width: 150px) 100vw, 150px\" \/><\/a>\n\t\t\t<\/dt>\n\t\t\t\t<dd class='wp-caption-text gallery-caption' id='gallery-1-3715'>\n\t\t\t\tSebasti\u00e1n\n\t\t\t\t<\/dd><\/dl><dl class='gallery-item'>\n\t\t\t<dt class='gallery-icon landscape'>\n\t\t\t\t<a href='http:\/\/hestiafundacion.org\/ca\/captura-de-pantalla-2020-10-01-a-las-10-41-22-2\/'><img width=\"150\" height=\"150\" src=\"http:\/\/hestiafundacion.org\/wp-content\/uploads\/2020\/09\/Captura-de-pantalla-2020-10-01-a-las-10.41.22-150x150.png\" class=\"attachment-thumbnail size-thumbnail\" alt=\"\" loading=\"lazy\" aria-describedby=\"gallery-1-3717\" srcset=\"http:\/\/hestiafundacion.org\/wp-content\/uploads\/2020\/09\/Captura-de-pantalla-2020-10-01-a-las-10.41.22-150x150.png 150w, http:\/\/hestiafundacion.org\/wp-content\/uploads\/2020\/09\/Captura-de-pantalla-2020-10-01-a-las-10.41.22-570x570.png 570w, http:\/\/hestiafundacion.org\/wp-content\/uploads\/2020\/09\/Captura-de-pantalla-2020-10-01-a-las-10.41.22-500x500.png 500w\" sizes=\"(max-width: 150px) 100vw, 150px\" \/><\/a>\n\t\t\t<\/dt>\n\t\t\t\t<dd class='wp-caption-text gallery-caption' id='gallery-1-3717'>\n\t\t\t\tPablo\n\t\t\t\t<\/dd><\/dl><dl class='gallery-item'>\n\t\t\t<dt class='gallery-icon landscape'>\n\t\t\t\t<a href='http:\/\/hestiafundacion.org\/ca\/captura-de-pantalla-2020-10-01-a-las-10-45-56-2\/'><img width=\"150\" height=\"150\" src=\"http:\/\/hestiafundacion.org\/wp-content\/uploads\/2020\/09\/Captura-de-pantalla-2020-10-01-a-las-10.45.56-150x150.png\" class=\"attachment-thumbnail size-thumbnail\" alt=\"\" loading=\"lazy\" aria-describedby=\"gallery-1-3719\" srcset=\"http:\/\/hestiafundacion.org\/wp-content\/uploads\/2020\/09\/Captura-de-pantalla-2020-10-01-a-las-10.45.56-150x150.png 150w, http:\/\/hestiafundacion.org\/wp-content\/uploads\/2020\/09\/Captura-de-pantalla-2020-10-01-a-las-10.45.56-500x504.png 500w\" sizes=\"(max-width: 150px) 100vw, 150px\" \/><\/a>\n\t\t\t<\/dt>\n\t\t\t\t<dd class='wp-caption-text gallery-caption' id='gallery-1-3719'>\n\t\t\t\tJos\u00e9 Antonio\n\t\t\t\t<\/dd><\/dl><br style=\"clear: both\" \/><dl class='gallery-item'>\n\t\t\t<dt class='gallery-icon landscape'>\n\t\t\t\t<a href='http:\/\/hestiafundacion.org\/ca\/captura-de-pantalla-2020-10-01-a-las-10-52-02-2\/'><img width=\"150\" height=\"150\" src=\"http:\/\/hestiafundacion.org\/wp-content\/uploads\/2020\/09\/Captura-de-pantalla-2020-10-01-a-las-10.52.02-150x150.png\" class=\"attachment-thumbnail size-thumbnail\" alt=\"\" loading=\"lazy\" aria-describedby=\"gallery-1-3721\" srcset=\"http:\/\/hestiafundacion.org\/wp-content\/uploads\/2020\/09\/Captura-de-pantalla-2020-10-01-a-las-10.52.02-150x150.png 150w, http:\/\/hestiafundacion.org\/wp-content\/uploads\/2020\/09\/Captura-de-pantalla-2020-10-01-a-las-10.52.02-570x570.png 570w, http:\/\/hestiafundacion.org\/wp-content\/uploads\/2020\/09\/Captura-de-pantalla-2020-10-01-a-las-10.52.02-500x500.png 500w\" sizes=\"(max-width: 150px) 100vw, 150px\" \/><\/a>\n\t\t\t<\/dt>\n\t\t\t\t<dd class='wp-caption-text gallery-caption' id='gallery-1-3721'>\n\t\t\t\tMiquel\n\t\t\t\t<\/dd><\/dl><dl class='gallery-item'>\n\t\t\t<dt class='gallery-icon landscape'>\n\t\t\t\t<a href='http:\/\/hestiafundacion.org\/ca\/concurs-de-dibuix-matealestigma-coronavirus-salut-mental-i-benestar-una-prioritat-global\/andres-2-24\/'><img width=\"150\" height=\"150\" src=\"http:\/\/hestiafundacion.org\/wp-content\/uploads\/2020\/09\/Andr\u00e9s-2-24-150x150.png\" class=\"attachment-thumbnail size-thumbnail\" alt=\"\" loading=\"lazy\" aria-describedby=\"gallery-1-3727\" srcset=\"http:\/\/hestiafundacion.org\/wp-content\/uploads\/2020\/09\/Andr\u00e9s-2-24-150x150.png 150w, http:\/\/hestiafundacion.org\/wp-content\/uploads\/2020\/09\/Andr\u00e9s-2-24-570x570.png 570w, http:\/\/hestiafundacion.org\/wp-content\/uploads\/2020\/09\/Andr\u00e9s-2-24-500x500.png 500w\" sizes=\"(max-width: 150px) 100vw, 150px\" \/><\/a>\n\t\t\t<\/dt>\n\t\t\t\t<dd class='wp-caption-text gallery-caption' id='gallery-1-3727'>\n\t\t\t\tAndr\u00e9s\n\t\t\t\t<\/dd><\/dl><dl class='gallery-item'>\n\t\t\t<dt class='gallery-icon landscape'>\n\t\t\t\t<a href='http:\/\/hestiafundacion.org\/ca\/concurs-de-dibuix-matealestigma-coronavirus-salut-mental-i-benestar-una-prioritat-global\/catalina\/'><img width=\"150\" height=\"150\" src=\"http:\/\/hestiafundacion.org\/wp-content\/uploads\/2020\/09\/Catalina-150x150.png\" class=\"attachment-thumbnail size-thumbnail\" alt=\"\" loading=\"lazy\" aria-describedby=\"gallery-1-3729\" srcset=\"http:\/\/hestiafundacion.org\/wp-content\/uploads\/2020\/09\/Catalina-150x150.png 150w, http:\/\/hestiafundacion.org\/wp-content\/uploads\/2020\/09\/Catalina-570x570.png 570w, http:\/\/hestiafundacion.org\/wp-content\/uploads\/2020\/09\/Catalina-500x500.png 500w\" sizes=\"(max-width: 150px) 100vw, 150px\" \/><\/a>\n\t\t\t<\/dt>\n\t\t\t\t<dd class='wp-caption-text gallery-caption' id='gallery-1-3729'>\n\t\t\t\tCatalina\n\t\t\t\t<\/dd><\/dl><br style=\"clear: both\" \/><dl class='gallery-item'>\n\t\t\t<dt class='gallery-icon landscape'>\n\t\t\t\t<a href='http:\/\/hestiafundacion.org\/ca\/concurs-de-dibuix-matealestigma-coronavirus-salut-mental-i-benestar-una-prioritat-global\/captura-de-pantalla-2020-10-02-a-las-6-02-51\/'><img width=\"150\" height=\"150\" src=\"http:\/\/hestiafundacion.org\/wp-content\/uploads\/2020\/09\/Captura-de-pantalla-2020-10-02-a-las-6.02.51-150x150.png\" class=\"attachment-thumbnail size-thumbnail\" alt=\"\" loading=\"lazy\" aria-describedby=\"gallery-1-3735\" srcset=\"http:\/\/hestiafundacion.org\/wp-content\/uploads\/2020\/09\/Captura-de-pantalla-2020-10-02-a-las-6.02.51-150x150.png 150w, http:\/\/hestiafundacion.org\/wp-content\/uploads\/2020\/09\/Captura-de-pantalla-2020-10-02-a-las-6.02.51-570x570.png 570w, http:\/\/hestiafundacion.org\/wp-content\/uploads\/2020\/09\/Captura-de-pantalla-2020-10-02-a-las-6.02.51-500x500.png 500w\" sizes=\"(max-width: 150px) 100vw, 150px\" \/><\/a>\n\t\t\t<\/dt>\n\t\t\t\t<dd class='wp-caption-text gallery-caption' id='gallery-1-3735'>\n\t\t\t\tSa\u00fal\n\t\t\t\t<\/dd><\/dl><dl class='gallery-item'>\n\t\t\t<dt class='gallery-icon portrait'>\n\t\t\t\t<a href='http:\/\/hestiafundacion.org\/ca\/concurs-de-dibuix-matealestigma-coronavirus-salut-mental-i-benestar-una-prioritat-global\/captura-de-pantalla-2020-10-02-a-las-6-06-11\/'><img width=\"150\" height=\"150\" src=\"http:\/\/hestiafundacion.org\/wp-content\/uploads\/2020\/09\/Captura-de-pantalla-2020-10-02-a-las-6.06.11-150x150.png\" class=\"attachment-thumbnail size-thumbnail\" alt=\"\" loading=\"lazy\" aria-describedby=\"gallery-1-3737\" \/><\/a>\n\t\t\t<\/dt>\n\t\t\t\t<dd class='wp-caption-text gallery-caption' id='gallery-1-3737'>\n\t\t\t\tV\u00edctor\n\t\t\t\t<\/dd><\/dl><dl class='gallery-item'>\n\t\t\t<dt class='gallery-icon landscape'>\n\t\t\t\t<a href='http:\/\/hestiafundacion.org\/ca\/miquel-57-2\/'><img width=\"150\" height=\"150\" src=\"http:\/\/hestiafundacion.org\/wp-content\/uploads\/2020\/09\/Miquel-57-1-150x150.png\" class=\"attachment-thumbnail size-thumbnail\" alt=\"\" loading=\"lazy\" aria-describedby=\"gallery-1-3771\" srcset=\"http:\/\/hestiafundacion.org\/wp-content\/uploads\/2020\/09\/Miquel-57-1-150x150.png 150w, http:\/\/hestiafundacion.org\/wp-content\/uploads\/2020\/09\/Miquel-57-1-570x570.png 570w, http:\/\/hestiafundacion.org\/wp-content\/uploads\/2020\/09\/Miquel-57-1-500x500.png 500w\" sizes=\"(max-width: 150px) 100vw, 150px\" \/><\/a>\n\t\t\t<\/dt>\n\t\t\t\t<dd class='wp-caption-text gallery-caption' id='gallery-1-3771'>\n\t\t\t\tMiquel\n\t\t\t\t<\/dd><\/dl><br style=\"clear: both\" \/><dl class='gallery-item'>\n\t\t\t<dt class='gallery-icon landscape'>\n\t\t\t\t<a href='http:\/\/hestiafundacion.org\/ca\/img_20201004_123810-2\/'><img width=\"150\" height=\"150\" src=\"http:\/\/hestiafundacion.org\/wp-content\/uploads\/2020\/09\/IMG_20201004_123810-150x150.jpg\" class=\"attachment-thumbnail size-thumbnail\" alt=\"\" loading=\"lazy\" aria-describedby=\"gallery-1-3778\" srcset=\"http:\/\/hestiafundacion.org\/wp-content\/uploads\/2020\/09\/IMG_20201004_123810-150x150.jpg 150w, http:\/\/hestiafundacion.org\/wp-content\/uploads\/2020\/09\/IMG_20201004_123810-570x570.jpg 570w, http:\/\/hestiafundacion.org\/wp-content\/uploads\/2020\/09\/IMG_20201004_123810-500x500.jpg 500w, http:\/\/hestiafundacion.org\/wp-content\/uploads\/2020\/09\/IMG_20201004_123810-1000x1000.jpg 1000w\" sizes=\"(max-width: 150px) 100vw, 150px\" \/><\/a>\n\t\t\t<\/dt>\n\t\t\t\t<dd class='wp-caption-text gallery-caption' id='gallery-1-3778'>\n\t\t\t\tV\u00edctor\n\t\t\t\t<\/dd><\/dl><dl class='gallery-item'>\n\t\t\t<dt class='gallery-icon landscape'>\n\t\t\t\t<a href='http:\/\/hestiafundacion.org\/ca\/mercedes-63-2\/'><img width=\"150\" height=\"150\" src=\"http:\/\/hestiafundacion.org\/wp-content\/uploads\/2020\/10\/Mercedes-63-150x150.jpg\" class=\"attachment-thumbnail size-thumbnail\" alt=\"\" loading=\"lazy\" aria-describedby=\"gallery-1-3913\" srcset=\"http:\/\/hestiafundacion.org\/wp-content\/uploads\/2020\/10\/Mercedes-63-150x150.jpg 150w, http:\/\/hestiafundacion.org\/wp-content\/uploads\/2020\/10\/Mercedes-63-570x570.jpg 570w, http:\/\/hestiafundacion.org\/wp-content\/uploads\/2020\/10\/Mercedes-63-500x500.jpg 500w, http:\/\/hestiafundacion.org\/wp-content\/uploads\/2020\/10\/Mercedes-63-1000x1000.jpg 1000w\" sizes=\"(max-width: 150px) 100vw, 150px\" \/><\/a>\n\t\t\t<\/dt>\n\t\t\t\t<dd class='wp-caption-text gallery-caption' id='gallery-1-3913'>\n\t\t\t\tMercedes\n\t\t\t\t<\/dd><\/dl><dl class='gallery-item'>\n\t\t\t<dt class='gallery-icon portrait'>\n\t\t\t\t<a href='http:\/\/hestiafundacion.org\/ca\/sebatian-66-2\/'><img width=\"150\" height=\"150\" src=\"http:\/\/hestiafundacion.org\/wp-content\/uploads\/2020\/10\/Sebati\u00e1n-66--150x150.jpeg\" class=\"attachment-thumbnail size-thumbnail\" alt=\"\" loading=\"lazy\" aria-describedby=\"gallery-1-3911\" srcset=\"http:\/\/hestiafundacion.org\/wp-content\/uploads\/2020\/10\/Sebati\u00e1n-66--150x150.jpeg 150w, http:\/\/hestiafundacion.org\/wp-content\/uploads\/2020\/10\/Sebati\u00e1n-66--570x570.jpeg 570w, http:\/\/hestiafundacion.org\/wp-content\/uploads\/2020\/10\/Sebati\u00e1n-66--500x500.jpeg 500w, http:\/\/hestiafundacion.org\/wp-content\/uploads\/2020\/10\/Sebati\u00e1n-66--1000x1000.jpeg 1000w\" sizes=\"(max-width: 150px) 100vw, 150px\" \/><\/a>\n\t\t\t<\/dt>\n\t\t\t\t<dd class='wp-caption-text gallery-caption' id='gallery-1-3911'>\n\t\t\t\tSebasti\u00e1n\n\t\t\t\t<\/dd><\/dl><br style=\"clear: both\" \/><dl class='gallery-item'>\n\t\t\t<dt class='gallery-icon landscape'>\n\t\t\t\t<a href='http:\/\/hestiafundacion.org\/ca\/abraham-44-2\/'><img width=\"150\" height=\"150\" src=\"http:\/\/hestiafundacion.org\/wp-content\/uploads\/2020\/10\/Abraham-44-150x150.jpeg\" class=\"attachment-thumbnail size-thumbnail\" alt=\"\" loading=\"lazy\" aria-describedby=\"gallery-1-3909\" srcset=\"http:\/\/hestiafundacion.org\/wp-content\/uploads\/2020\/10\/Abraham-44-150x150.jpeg 150w, http:\/\/hestiafundacion.org\/wp-content\/uploads\/2020\/10\/Abraham-44-570x570.jpeg 570w, http:\/\/hestiafundacion.org\/wp-content\/uploads\/2020\/10\/Abraham-44-500x500.jpeg 500w, http:\/\/hestiafundacion.org\/wp-content\/uploads\/2020\/10\/Abraham-44-1000x1000.jpeg 1000w\" sizes=\"(max-width: 150px) 100vw, 150px\" \/><\/a>\n\t\t\t<\/dt>\n\t\t\t\t<dd class='wp-caption-text gallery-caption' id='gallery-1-3909'>\n\t\t\t\tAbraham\n\t\t\t\t<\/dd><\/dl><dl class='gallery-item'>\n\t\t\t<dt class='gallery-icon portrait'>\n\t\t\t\t<a href='http:\/\/hestiafundacion.org\/ca\/josep-enric-45-2\/'><img width=\"150\" height=\"150\" src=\"http:\/\/hestiafundacion.org\/wp-content\/uploads\/2020\/10\/Josep-Enric-45--150x150.jpeg\" class=\"attachment-thumbnail size-thumbnail\" alt=\"\" loading=\"lazy\" aria-describedby=\"gallery-1-3905\" srcset=\"http:\/\/hestiafundacion.org\/wp-content\/uploads\/2020\/10\/Josep-Enric-45--150x150.jpeg 150w, http:\/\/hestiafundacion.org\/wp-content\/uploads\/2020\/10\/Josep-Enric-45--570x570.jpeg 570w, http:\/\/hestiafundacion.org\/wp-content\/uploads\/2020\/10\/Josep-Enric-45--500x500.jpeg 500w, http:\/\/hestiafundacion.org\/wp-content\/uploads\/2020\/10\/Josep-Enric-45--1000x1000.jpeg 1000w\" sizes=\"(max-width: 150px) 100vw, 150px\" \/><\/a>\n\t\t\t<\/dt>\n\t\t\t\t<dd class='wp-caption-text gallery-caption' id='gallery-1-3905'>\n\t\t\t\tJosep Enric\n\t\t\t\t<\/dd><\/dl><dl class='gallery-item'>\n\t\t\t<dt class='gallery-icon portrait'>\n\t\t\t\t<a href='http:\/\/hestiafundacion.org\/ca\/teresa-58-2\/'><img width=\"150\" height=\"150\" src=\"http:\/\/hestiafundacion.org\/wp-content\/uploads\/2020\/10\/Teresa-58-150x150.jpeg\" class=\"attachment-thumbnail size-thumbnail\" alt=\"\" loading=\"lazy\" aria-describedby=\"gallery-1-3907\" srcset=\"http:\/\/hestiafundacion.org\/wp-content\/uploads\/2020\/10\/Teresa-58-150x150.jpeg 150w, http:\/\/hestiafundacion.org\/wp-content\/uploads\/2020\/10\/Teresa-58-570x570.jpeg 570w, http:\/\/hestiafundacion.org\/wp-content\/uploads\/2020\/10\/Teresa-58-500x500.jpeg 500w, http:\/\/hestiafundacion.org\/wp-content\/uploads\/2020\/10\/Teresa-58-1000x1000.jpeg 1000w\" sizes=\"(max-width: 150px) 100vw, 150px\" \/><\/a>\n\t\t\t<\/dt>\n\t\t\t\t<dd class='wp-caption-text gallery-caption' id='gallery-1-3907'>\n\t\t\t\tTeresa\n\t\t\t\t<\/dd><\/dl><br style=\"clear: both\" \/>\n\t\t<\/div>\n\n<p>&nbsp;<\/p>\n","protected":false},"excerpt":{"rendered":"<p>Fundaci\u00f3 Hestia, Hestia Menorca i dispositius de Salut Mental dependents de l&#8217;\u00c0rea de Salut de Menorca, el Consell Insular de Menorca i la Fundaci\u00f3 per a Persones amb Discapacitat de Menorca organitzen el Concurs de Dibuix #MatealEstigma &#8220;Coronavirus, salut mental i benestar: una prioritat global&#8221;&#8230;<\/p>\n","protected":false},"author":3,"featured_media":3544,"comment_status":"open","ping_status":"open","sticky":false,"template":"","format":"standard","meta":[],"categories":[190,129,30],"tags":[],"_links":{"self":[{"href":"http:\/\/hestiafundacion.org\/ca\/wp-json\/wp\/v2\/posts\/3916\/"}],"collection":[{"href":"http:\/\/hestiafundacion.org\/ca\/wp-json\/wp\/v2\/posts\/"}],"about":[{"href":"http:\/\/hestiafundacion.org\/ca\/wp-json\/wp\/v2\/types\/post\/"}],"author":[{"embeddable":true,"href":"http:\/\/hestiafundacion.org\/ca\/wp-json\/wp\/v2\/users\/3\/"}],"replies":[{"embeddable":true,"href":"http:\/\/hestiafundacion.org\/ca\/wp-json\/wp\/v2\/comments\/?post=3916"}],"version-history":[{"count":3,"href":"http:\/\/hestiafundacion.org\/ca\/wp-json\/wp\/v2\/posts\/3916\/revisions\/"}],"predecessor-version":[{"id":3920,"href":"http:\/\/hestiafundacion.org\/ca\/wp-json\/wp\/v2\/posts\/3916\/revisions\/3920\/"}],"wp:featuredmedia":[{"embeddable":true,"href":"http:\/\/hestiafundacion.org\/ca\/wp-json\/wp\/v2\/media\/3544\/"}],"wp:attachment":[{"href":"http:\/\/hestiafundacion.org\/ca\/wp-json\/wp\/v2\/media\/?parent=3916"}],"wp:term":[{"taxonomy":"category","embeddable":true,"href":"http:\/\/hestiafundacion.org\/ca\/wp-json\/wp\/v2\/categories\/?post=3916"},{"taxonomy":"post_tag","embeddable":true,"href":"http:\/\/hestiafundacion.org\/ca\/wp-json\/wp\/v2\/tags\/?post=3916"}],"curies":[{"name":"wp","href":"https:\/\/api.w.org\/{rel}","templated":true}]}}