{"id":3996,"date":"2020-11-23T12:34:24","date_gmt":"2020-11-23T10:34:24","guid":{"rendered":"http:\/\/hestiafundacion.org\/?p=3996"},"modified":"2020-12-05T15:30:53","modified_gmt":"2020-12-05T13:30:53","slug":"matealestigma-en-les-xxvii-jornades-de-psicologia-de-lactivitat-fisica-i-lesport","status":"publish","type":"post","link":"http:\/\/hestiafundacion.org\/ca\/matealestigma-en-les-xxvii-jornades-de-psicologia-de-lactivitat-fisica-i-lesport\/","title":{"rendered":"#MatealEstigma en les XXVII Jornades de Psicologia de l\u2019Activitat F\u00edsica i l\u2019Esport"},"content":{"rendered":"<p><strong>M\u00e9s de 2.000 persones i un centenar d\u2019empreses i institucions implicades en la sensibilitzaci\u00f3 sobre la relaci\u00f3 entre activitat f\u00edsica i salut mental, la integraci\u00f3 de les persones amb malaltia mental i la lluita contra l\u2019estigma que pateixen<\/strong>. Amb aquest enriquidor balan\u00e7 va presentar Oriol Incarbone el <strong>projecte #MatealEstigma<\/strong> en les <strong>XXVII Jornades de Psicologia de l\u2019Activita F\u00edsica i l\u2019Esport <\/strong>celebrades a Barcelona els dies 20 i 21 de noviembre.<\/p>\n<p>La present edici\u00f3 de les jornades, organitzades per l\u2019Associaci\u00f3 Catalana de Psicologia de l\u2019Esport, tenien com a eix central els vincles\u00a0entre l\u2019activitat f\u00edsica i l\u2019esport amb el benestar i la salut mental, tant dels esportistes com de tots els membres de la comunitat, una tem\u00e1tica en la que encaixava perfectament el <strong>#MatealEstigma<\/strong>, projecte que <strong>Fundaci\u00f3 Hestia<\/strong> desenvolupa en el marc del patrocini de <strong>l\u2019Hestia Menorca<\/strong>.<\/p>\n<p><strong>Incarbone, psic\u00f2leg de l\u2019Esport de la Fundaci\u00f3<\/strong>, va intervenir en el torn de comunicacions de dissabte capvespre, on a m\u00e9s del <strong>#MatealEstigma<\/strong> es va poder con\u00e8ixer la metodolog\u00eda de FutbolNet, els esports electr\u00f2nics, l\u2019afectaci\u00f3 del context esportiu en les persones del col\u00b7lectiu LGTBIQA+ i la consistencia i fiabilitat del QCAA (q\u00fcestionari consci\u00e8ncia, actitud i acci\u00f3 envers la salut i el rediment personal).<\/p>\n<p>En cloure les jornades, Oriol Incarbone les valorava molt positivament. \u201cHan estat <strong>un punt de trobada per actualitzar-nos<\/strong> sobre com estan les investigacions en salut mental i esport, a m\u00e9s d\u2019una oportunitat per <strong>con\u00e8ixer altres organitzacions<\/strong> que s\u2019hi dediquen i de <strong>plantejar noves l\u00ednees de intervenci\u00f3 al futur o aquelles en les que s\u2019ha de continuar treballant<\/strong>: <em>bullying<\/em> al esport, carreres dual, esport com prevenci\u00f3 de consum de subst\u00e0ncies o en processos de rehabilitaci\u00f3, entre d\u2019altres\u201d.<\/p>\n<p><strong>ACPE<\/strong><\/p>\n<p>L\u2019<strong>Associaci\u00f3 Catalana de Psicologia de l\u2019Esport <\/strong>\u00e9s la primera amb aquestes caracter\u00edstiques creada a l\u2019Estat espanyol, l\u2019any 1982. La missi\u00f3 de l\u2019<a href=\"http:\/\/acpe.cat\">ACPE<\/a> \u00e9s fomentar l\u2019inter\u00e8s i la difusi\u00f3 de la Psicologia en l\u2019\u00e0mbit de l\u2019activitat f\u00edsica i l\u2019esport, l\u2019intercanvi d\u2019experi\u00e8ncies i la formaci\u00f3 continuada en aquest camp.<\/p>\n<p>&nbsp;<\/p>\n<p>&nbsp;<\/p>\n<p>&nbsp;<\/p>\n<blockquote class=\"wp-embedded-content\" data-secret=\"RlOR4fnxfZ\"><p><a href=\"http:\/\/www.acpe.cat\/\">Contacte<\/a><\/p><\/blockquote>\n<p><iframe class=\"wp-embedded-content\" sandbox=\"allow-scripts\" security=\"restricted\" style=\"position: absolute; clip: rect(1px, 1px, 1px, 1px);\" src=\"http:\/\/www.acpe.cat\/embed#?secret=RlOR4fnxfZ\" data-secret=\"RlOR4fnxfZ\" width=\"600\" height=\"338\" title=\"&#8220;Contacte&#8221; &#8212; Associaci\u00f3 Catalana de Psicologia de l&#039;Esport\" frameborder=\"0\" marginwidth=\"0\" marginheight=\"0\" scrolling=\"no\"><\/iframe><\/p>\n","protected":false},"excerpt":{"rendered":"<p>M\u00e9s de 2.000 persones i un centenar d\u2019empreses i institucions implicades en la sensibilitzaci\u00f3 sobre la relaci\u00f3 entre activitat f\u00edsica i salut mental, la integraci\u00f3 de les persones amb malaltia mental i la lluita contra l\u2019estigma que pateixen. Amb aquest enriquidor balan\u00e7 va presentar Oriol&#8230;<\/p>\n","protected":false},"author":3,"featured_media":4090,"comment_status":"open","ping_status":"open","sticky":false,"template":"","format":"standard","meta":[],"categories":[32,135,30],"tags":[],"_links":{"self":[{"href":"http:\/\/hestiafundacion.org\/ca\/wp-json\/wp\/v2\/posts\/3996\/"}],"collection":[{"href":"http:\/\/hestiafundacion.org\/ca\/wp-json\/wp\/v2\/posts\/"}],"about":[{"href":"http:\/\/hestiafundacion.org\/ca\/wp-json\/wp\/v2\/types\/post\/"}],"author":[{"embeddable":true,"href":"http:\/\/hestiafundacion.org\/ca\/wp-json\/wp\/v2\/users\/3\/"}],"replies":[{"embeddable":true,"href":"http:\/\/hestiafundacion.org\/ca\/wp-json\/wp\/v2\/comments\/?post=3996"}],"version-history":[{"count":2,"href":"http:\/\/hestiafundacion.org\/ca\/wp-json\/wp\/v2\/posts\/3996\/revisions\/"}],"predecessor-version":[{"id":4004,"href":"http:\/\/hestiafundacion.org\/ca\/wp-json\/wp\/v2\/posts\/3996\/revisions\/4004\/"}],"wp:featuredmedia":[{"embeddable":true,"href":"http:\/\/hestiafundacion.org\/ca\/wp-json\/wp\/v2\/media\/4090\/"}],"wp:attachment":[{"href":"http:\/\/hestiafundacion.org\/ca\/wp-json\/wp\/v2\/media\/?parent=3996"}],"wp:term":[{"taxonomy":"category","embeddable":true,"href":"http:\/\/hestiafundacion.org\/ca\/wp-json\/wp\/v2\/categories\/?post=3996"},{"taxonomy":"post_tag","embeddable":true,"href":"http:\/\/hestiafundacion.org\/ca\/wp-json\/wp\/v2\/tags\/?post=3996"}],"curies":[{"name":"wp","href":"https:\/\/api.w.org\/{rel}","templated":true}]}}