{"id":4056,"date":"2020-12-02T20:30:40","date_gmt":"2020-12-02T18:30:40","guid":{"rendered":"http:\/\/hestiafundacion.org\/?p=4056"},"modified":"2020-12-03T13:56:21","modified_gmt":"2020-12-03T11:56:21","slug":"jornada-socio-esportiva-forum-esports-altra-iniciativa-que-connecta-activitat-fisica-i-salut-mental","status":"publish","type":"post","link":"http:\/\/hestiafundacion.org\/ca\/jornada-socio-esportiva-forum-esports-altra-iniciativa-que-connecta-activitat-fisica-i-salut-mental\/","title":{"rendered":"Jornada socio-esportiva F\u00f2rum Esports: altra iniciativa que connecta activitat f\u00edsica i salut mental"},"content":{"rendered":"<p>Nova iniciativa en sintonia amb el <strong>projecte #MatealEstigma<\/strong> de <strong>Fundaci\u00f3 Hestia<\/strong>, que aposta per l&#8217;a<strong>ctivitat f\u00edsica com a eina per millorar el benestar emocional i facilitar la integraci\u00f3 de les persones amb malaltia mental.<\/strong> El Pavell\u00f3 Camp del Ferro de Barcelona acull el dissabte 5 de desembre la <strong>primera Jornada Socio-Esportiva F\u00f2rum Esports.<\/strong><\/p>\n<p>Organitzada per la federaci\u00f3 <strong>F\u00f2rum Salut Mental i Addiccions<\/strong>, la jornada pret\u00e9n donar visibilitat als col\u00b7lectius de persones afectades per problemes de salut mental, addiccions i discapacitat, a trav\u00e9s de competicions esportives i una exposici\u00f3 del projecte &#8220;Parelles art\u00edstiques&#8221;. B\u00e0squet 3&#215;3, futbol sala i <em>beer pong<\/em> s\u00f3n les modalitats triades per a aquesta primera jornada, que vindr\u00e0 precedida d&#8217;una xerrada titulada &#8220;L&#8217;art, la cultura i l&#8217;esport com a eines d&#8217;integraci\u00f3 social&#8221;, programada per al dia 4 a les 12 del migdia.<\/p>\n<p>&#8220;Fa dos anys que el F\u00f2rum, una federaci\u00f3 que agrupa 23 entitats del sector de l&#8217;atenci\u00f3 sanit\u00e0ria concertada i l&#8217;atenci\u00f3 social en salut mental i addiccions, per a nens i adults, va decidir fomentar l&#8217;activitat esportiva com a sistema d&#8217;integraci\u00f3 social. Ja ten\u00edem entitats amb un club social que promovien activitats de lleure, per\u00f2 no la <strong>pr\u00e0ctica d&#8217;activitat f\u00edsica o esport de forma regular<\/strong>, que \u00e9s el que volem incentivar amb aquesta jornada &#8220;, comenta Francesc Rodr\u00edguez, de la Direcci\u00f3 T\u00e8cnica de F\u00f2rum.<\/p>\n<p>Per a Rodr\u00edguez, l&#8217;elecci\u00f3 de l&#8217;esport i l&#8217;activitat f\u00edsica s&#8217;explica &#8220;per la conveni\u00e8ncia d&#8217;<strong>actuar sobre l&#8217;estil de vida sedentari que tenen molts dels nostres usuaris i usu\u00e0ries, i per la seva capacitat per afavorir la integraci\u00f3 de les joves i les dones<\/strong> en aquest tipus de activitats&#8221;. Sempre, aix\u00f2 s\u00ed, sense incidir en l&#8217;aspecte competitiu i facilitant que qualsevol, encara que no practiqui un esport, pugui participar. &#8220;Per aix\u00f2 hem incorporat el <em>beer pong<\/em>, animar\u00e0 a qui no practiqui activitat f\u00edsica de forma regular i ens pot ajudar en el que es refereix a la pr\u00e1ctica femenina&#8221;, afegeix.<\/p>\n<p>Pot trobar tota la informaci\u00f3 sobre la Jornada a la p\u00e0gina web de <a href=\"http:\/\/forumsalutmental.org\">F\u00f2rum Salut Mental i Addiccions.<\/a><\/p>\n<p><strong>Projecte #MatealEstigma<\/strong><\/p>\n<p>Des de 2018, Fundaci\u00f3 Hestia impulsa el projecte de sensibilitzaci\u00f3 #MatealEstigma, un dels elements dels quals \u00e9s el patrocini de l&#8217;equip de b\u00e0squet de LEB Plata Hestia Menorca. Recentment, Oriol Incarbone, psic\u00f2leg de l&#8217;esport de la Fundaci\u00f3, va presentar el projecte en les <a href=\"http:\/\/hestiafundacion.org\/ca\/matealestigma-en-les-xxvii-jornades-de-psicologia-de-lactivitat-fisica-i-lesport\/\">XXVII Jornades de Psicologia de l&#8217;Activitat F\u00edsica i l&#8217;Esport. <\/a><\/p>\n","protected":false},"excerpt":{"rendered":"<p>Nova iniciativa en sintonia amb el projecte #MatealEstigma de Fundaci\u00f3 Hestia, que aposta per l&#8217;activitat f\u00edsica com a eina per millorar el benestar emocional i facilitar la integraci\u00f3 de les persones amb malaltia mental. El Pavell\u00f3 Camp del Ferro de Barcelona acull el dissabte 5&#8230;<\/p>\n","protected":false},"author":3,"featured_media":4053,"comment_status":"open","ping_status":"open","sticky":false,"template":"","format":"standard","meta":[],"categories":[32,203,135,30],"tags":[],"_links":{"self":[{"href":"http:\/\/hestiafundacion.org\/ca\/wp-json\/wp\/v2\/posts\/4056\/"}],"collection":[{"href":"http:\/\/hestiafundacion.org\/ca\/wp-json\/wp\/v2\/posts\/"}],"about":[{"href":"http:\/\/hestiafundacion.org\/ca\/wp-json\/wp\/v2\/types\/post\/"}],"author":[{"embeddable":true,"href":"http:\/\/hestiafundacion.org\/ca\/wp-json\/wp\/v2\/users\/3\/"}],"replies":[{"embeddable":true,"href":"http:\/\/hestiafundacion.org\/ca\/wp-json\/wp\/v2\/comments\/?post=4056"}],"version-history":[{"count":6,"href":"http:\/\/hestiafundacion.org\/ca\/wp-json\/wp\/v2\/posts\/4056\/revisions\/"}],"predecessor-version":[{"id":4070,"href":"http:\/\/hestiafundacion.org\/ca\/wp-json\/wp\/v2\/posts\/4056\/revisions\/4070\/"}],"wp:featuredmedia":[{"embeddable":true,"href":"http:\/\/hestiafundacion.org\/ca\/wp-json\/wp\/v2\/media\/4053\/"}],"wp:attachment":[{"href":"http:\/\/hestiafundacion.org\/ca\/wp-json\/wp\/v2\/media\/?parent=4056"}],"wp:term":[{"taxonomy":"category","embeddable":true,"href":"http:\/\/hestiafundacion.org\/ca\/wp-json\/wp\/v2\/categories\/?post=4056"},{"taxonomy":"post_tag","embeddable":true,"href":"http:\/\/hestiafundacion.org\/ca\/wp-json\/wp\/v2\/tags\/?post=4056"}],"curies":[{"name":"wp","href":"https:\/\/api.w.org\/{rel}","templated":true}]}}