{"id":4104,"date":"2021-01-04T10:57:43","date_gmt":"2021-01-04T08:57:43","guid":{"rendered":"http:\/\/hestiafundacion.org\/?p=4104"},"modified":"2021-01-04T10:57:43","modified_gmt":"2021-01-04T08:57:43","slug":"lassociacio-espanyola-de-fundacions-ajuda-a-rebaixar-limpacte-de-la-covid-19-al-sector-fundacional","status":"publish","type":"post","link":"http:\/\/hestiafundacion.org\/ca\/lassociacio-espanyola-de-fundacions-ajuda-a-rebaixar-limpacte-de-la-covid-19-al-sector-fundacional\/","title":{"rendered":"L&#8217;Associaci\u00f3 Espanyola de Fundacions ajuda a rebaixar l&#8217;impacte de la covid-19 al sector fundacional"},"content":{"rendered":"<p>L&#8217;<strong>Associaci\u00f3 Espanyola de Fundacions<\/strong>, a la qual pertany <strong>Fundaci\u00f3 H\u00e8stia<\/strong>, comen\u00e7a 2021 incorporant un sistema transitori de quota per tal d&#8217;esmorteir la incid\u00e8ncia de la crisi generada per la covid-19. L&#8217;acord, adoptat en assemblea general el passat desembre, pret\u00e9n <strong>adaptar la contribuci\u00f3 de les entitats associades a la seva capacitat real davant la previsi\u00f3 de\u00a0descenso d&#8217;ingressos en el sector<\/strong>.<\/p>\n<p>Segons ha detallat l&#8217;AEF, aquest sistema far\u00e0 servir, <strong>per 2021 i de manera excepcional<\/strong>, la previsi\u00f3 d&#8217;ingressos en comptes de la despesa total executada, com es venia fent fins ara. Aix\u00ed, el c\u00e0lcul es realitzar\u00e0 aplicant el barem de quotes vigent sobre la xifra de previsi\u00f3 d&#8217;ingressos del pla d&#8217;actuaci\u00f3 o del pressupost per a l&#8217;exercici 2021.<\/p>\n<p>Amb aquesta iniciativa, l&#8217;entitat que representa el sector fundacional a nivell estatal<strong> refor\u00e7a el seu comprom\u00eds amb les fundacions<\/strong> donant suport a la continu\u00eftat de la seva tasca en un moment en qu\u00e8 \u00e9s m\u00e9s necess\u00e0ria que mai. L&#8217;increment de necessitats causades per la pand\u00e8mia exigeix \u200b\u200buna resposta r\u00e0pida i efica\u00e7 del sector al que l&#8217;AEF ha volgut donar suport adaptant les quotes d&#8217;associat a la seva capacitat real d&#8217;actuaci\u00f3.<\/p>\n","protected":false},"excerpt":{"rendered":"<p>L&#8217;Associaci\u00f3 Espanyola de Fundacions, a la qual pertany Fundaci\u00f3 H\u00e8stia, comen\u00e7a 2021 incorporant un sistema transitori de quota per tal d&#8217;esmorteir la incid\u00e8ncia de la crisi generada per la covid-19. L&#8217;acord, adoptat en assemblea general el passat desembre, pret\u00e9n adaptar la contribuci\u00f3 de les entitats&#8230;<\/p>\n","protected":false},"author":3,"featured_media":4102,"comment_status":"open","ping_status":"open","sticky":false,"template":"","format":"standard","meta":[],"categories":[123],"tags":[],"_links":{"self":[{"href":"http:\/\/hestiafundacion.org\/ca\/wp-json\/wp\/v2\/posts\/4104\/"}],"collection":[{"href":"http:\/\/hestiafundacion.org\/ca\/wp-json\/wp\/v2\/posts\/"}],"about":[{"href":"http:\/\/hestiafundacion.org\/ca\/wp-json\/wp\/v2\/types\/post\/"}],"author":[{"embeddable":true,"href":"http:\/\/hestiafundacion.org\/ca\/wp-json\/wp\/v2\/users\/3\/"}],"replies":[{"embeddable":true,"href":"http:\/\/hestiafundacion.org\/ca\/wp-json\/wp\/v2\/comments\/?post=4104"}],"version-history":[{"count":1,"href":"http:\/\/hestiafundacion.org\/ca\/wp-json\/wp\/v2\/posts\/4104\/revisions\/"}],"predecessor-version":[{"id":4105,"href":"http:\/\/hestiafundacion.org\/ca\/wp-json\/wp\/v2\/posts\/4104\/revisions\/4105\/"}],"wp:featuredmedia":[{"embeddable":true,"href":"http:\/\/hestiafundacion.org\/ca\/wp-json\/wp\/v2\/media\/4102\/"}],"wp:attachment":[{"href":"http:\/\/hestiafundacion.org\/ca\/wp-json\/wp\/v2\/media\/?parent=4104"}],"wp:term":[{"taxonomy":"category","embeddable":true,"href":"http:\/\/hestiafundacion.org\/ca\/wp-json\/wp\/v2\/categories\/?post=4104"},{"taxonomy":"post_tag","embeddable":true,"href":"http:\/\/hestiafundacion.org\/ca\/wp-json\/wp\/v2\/tags\/?post=4104"}],"curies":[{"name":"wp","href":"https:\/\/api.w.org\/{rel}","templated":true}]}}