{"id":4142,"date":"2021-02-15T18:21:34","date_gmt":"2021-02-15T16:21:34","guid":{"rendered":"http:\/\/hestiafundacion.org\/?p=4142"},"modified":"2021-03-23T18:23:12","modified_gmt":"2021-03-23T16:23:12","slug":"catedra-hestia-limpuls-a-la-investigacio-jove-amb-els-premis-al-millor-treball-fi-de-grau","status":"publish","type":"post","link":"http:\/\/hestiafundacion.org\/ca\/catedra-hestia-limpuls-a-la-investigacio-jove-amb-els-premis-al-millor-treball-fi-de-grau\/","title":{"rendered":"C\u00e0tedra Hestia: l&#8217;impuls a la investigaci\u00f3 jove amb els Premis al Millor Treball Fi de Grau"},"content":{"rendered":"<p>A punt d&#8217;estrenar-se la s\u00e8rie d&#8217;entrevistes als guanyadors en la tercera edici\u00f3 de les <a href=\"http:\/\/hestiafundacion.org\/ca\/la-catedra-hestia-lliura-les-seves-beques-i-premis-hestia-2020\/\">Beques i Premis Hestia 2020<\/a>, <strong>Fundaci\u00f3 Hestia<\/strong> es fa ress\u00f2 del resultat de la primera convocat\u00f2ria dels <strong>Premis Hestia al Millor Treball Fi de Grau<\/strong> atorgat entre els estudiants dels graus de Ci\u00e8ncies de la Salut de la Universitat Internacional de Catalunya, en la qual van ser guardonades:<\/p>\n<p><strong>Mar Carbonell<\/strong>, de Medicina, pel treball titulat <strong><em>&#8216;Topical Sandalore\u00ae 1% versus 5% Minoxidil solution and oral Finasteride 1 mg in the treatment of Male Androgenic Alop\u00e8cia: A randomized, Multicentre, multi-arm, noninferiority clinical trial&#8217;,<\/em><\/strong><\/p>\n<p><strong>Mar Navales<\/strong>, de Fisioter\u00e0pia, pel treball titulat &#8216;<strong>Efectivitat de la cinesiter\u00e0pia passiva per disminuir la prevalen\u00e7a de l&#8217;osteop\u00e8nia de l&#8217;prematur: Assaig cl\u00ednic aleatori&#8217;<\/strong>; i,<\/p>\n<p><strong>Laura Puig<\/strong>, d&#8217;Infermeria, pel treball titulat <strong>\u2018<em>Manejo y tratamiento de heridas cr\u00f3nicas mediante el uso de la cura en ambiente h\u00famedo. Revisi\u00f3n de la literatura<\/em>&#8216;<\/strong>.<\/p>\n<p>Cadascuna d&#8217;elles va rebre en el seu domicili un premi valorat en 150 euros, despr\u00e9s que els responsables de la <strong>C\u00e0tedra Hestia<\/strong> es reunissin amb els <strong>Degans dels graus de Ci\u00e8ncies de la Salut<\/strong>, a fi que aquests \u00faltims compartissin el veredicte sobre el Millor Treball de Fi de Grau presentat en la seva especialitzaci\u00f3 durant el curs 2019-2020.<\/p>\n<p>Els premis s&#8217;atorguen en funci\u00f3 a la<strong> millor nota i valoraci\u00f3 dels responsables de l&#8217;assignatura<\/strong> en cada grau, i amb ells es pret\u00e9n donar impuls a la traject\u00f2ria d&#8217;un jove investigador i <strong>animar els alumnes d&#8217;aquests graus a seguir investigant<\/strong>, un cop finalitzats els seus estudis.<\/p>\n<p><strong>C\u00e1tedra Hestia en Atenci\u00f3 Integrada Social i Sanitaria<\/strong><\/p>\n<p>La<strong> C\u00e0tedra Hestia<\/strong> \u00e9s una iniciativa de <strong>Fundaci\u00f3 Hestia<\/strong> i la <strong>Facultat de Medicina i Ci\u00e8ncies de la Salut de la Universitat Internacional de Catalunya<\/strong> orientada a sensibilitzar la societat respecte a l&#8217;augment de persones amb un gran nombre de necessitats socials i sanit\u00e0ries cr\u00f2niques complexes. Des de la seva creaci\u00f3 el 2016, la <strong>C\u00e0tedra Hestia<\/strong> ha impulsat una important activitat docent i investigadora, que pot consultar en la seva <a href=\"https:\/\/catedrahestia.uic.es\/ca\/memoria-catedra-hestia\/\">Mem\u00f2ria 2016-2019. <\/a><\/p>\n","protected":false},"excerpt":{"rendered":"<p>A punt d&#8217;estrenar-se la s\u00e8rie d&#8217;entrevistes als guanyadors en la tercera edici\u00f3 de les Beques i Premis Hestia 2020, Fundaci\u00f3 Hestia es fa ress\u00f2 del resultat de la primera convocat\u00f2ria dels Premis Hestia al Millor Treball Fi de Grau atorgat entre els estudiants dels graus&#8230;<\/p>\n","protected":false},"author":3,"featured_media":4172,"comment_status":"open","ping_status":"open","sticky":false,"template":"","format":"standard","meta":[],"categories":[197,162,100],"tags":[],"_links":{"self":[{"href":"http:\/\/hestiafundacion.org\/ca\/wp-json\/wp\/v2\/posts\/4142\/"}],"collection":[{"href":"http:\/\/hestiafundacion.org\/ca\/wp-json\/wp\/v2\/posts\/"}],"about":[{"href":"http:\/\/hestiafundacion.org\/ca\/wp-json\/wp\/v2\/types\/post\/"}],"author":[{"embeddable":true,"href":"http:\/\/hestiafundacion.org\/ca\/wp-json\/wp\/v2\/users\/3\/"}],"replies":[{"embeddable":true,"href":"http:\/\/hestiafundacion.org\/ca\/wp-json\/wp\/v2\/comments\/?post=4142"}],"version-history":[{"count":1,"href":"http:\/\/hestiafundacion.org\/ca\/wp-json\/wp\/v2\/posts\/4142\/revisions\/"}],"predecessor-version":[{"id":4145,"href":"http:\/\/hestiafundacion.org\/ca\/wp-json\/wp\/v2\/posts\/4142\/revisions\/4145\/"}],"wp:featuredmedia":[{"embeddable":true,"href":"http:\/\/hestiafundacion.org\/ca\/wp-json\/wp\/v2\/media\/4172\/"}],"wp:attachment":[{"href":"http:\/\/hestiafundacion.org\/ca\/wp-json\/wp\/v2\/media\/?parent=4142"}],"wp:term":[{"taxonomy":"category","embeddable":true,"href":"http:\/\/hestiafundacion.org\/ca\/wp-json\/wp\/v2\/categories\/?post=4142"},{"taxonomy":"post_tag","embeddable":true,"href":"http:\/\/hestiafundacion.org\/ca\/wp-json\/wp\/v2\/tags\/?post=4142"}],"curies":[{"name":"wp","href":"https:\/\/api.w.org\/{rel}","templated":true}]}}