{"id":4228,"date":"2021-04-20T20:09:28","date_gmt":"2021-04-20T18:09:28","guid":{"rendered":"http:\/\/hestiafundacion.org\/?p=4228"},"modified":"2021-05-11T20:05:04","modified_gmt":"2021-05-11T18:05:04","slug":"la-marato-2021-es-dedicara-a-salut-mental","status":"publish","type":"post","link":"http:\/\/hestiafundacion.org\/ca\/la-marato-2021-es-dedicara-a-salut-mental\/","title":{"rendered":"La Marat\u00f3 2021 es dedicar\u00e0 a salut mental"},"content":{"rendered":"<p>S&#8217;estima que\u00a0hi ha <strong>mil milions de persones al m\u00f3n que presenten un problema de salut mental<\/strong> i que una de cada cuatro persones en tindr\u00e0 un en alg\u00fan moment de la vida. El 50% dels trastorns comenc\u00e7aran abans dels 18 anys, per\u00f2 sovint no es diagnosticaran fins l&#8217;etapa adulta.<\/p>\n<p><strong>Darrere de l&#8217;estad\u00edstica<\/strong>, depressi\u00f3, ansietat, trastorn bipolar, esquizofr\u00e8nia i altres psicosis, trastorns obsessius compulsius, TDAH, el trastorn de l&#8217;espectre autista o de l&#8217;aprenentatge, trastorns de la personalitat, de la conducta aliment\u00e0ria o addiccions, patiment, vulnerabilitat, a\u00efllament, estigma.<\/p>\n<p>I despr\u00e9s d&#8217;un any de pand\u00e8mia, que tot ho ha canviat, tamb\u00e9 la tem\u00e0tica de La Marat\u00f3 2020, la 30 edici\u00f3 del <strong>programa solidari de TV3 i Catalunya R\u00e0dio<\/strong> s&#8217;emetr\u00e0 aquest any el 19 de desembre i per tercera vegada es dedicar\u00e0 a les malalties mentals.<\/p>\n<p>Gran not\u00edcia per a la societat en general i per a les entitats que, com <strong>Fundaci\u00f3 Hestia,<\/strong> treballen per la salut mental, en tant que els fons que es recaptin en <a href=\"https:\/\/www.ccma.cat\/tv3\/marato\/\"><strong>La Marat\u00f3 2021<\/strong> <\/a>es\u00a0dirigir\u00e1n a identificar els factors que originen aquests trastorns des de la inf\u00e0ncia fins a la vellesa; a aconseguir noves eines de prevenci\u00f3, de detecci\u00f3 preco\u00e7 i de precisi\u00f3 diagn\u00f2stica; a trobar dianes terap\u00e8utiques eficaces que avancin cap a tractaments curatius, o a potenciar els estudis epidemiol\u00f2gics en grans grups poblacionals, entre altres l\u00ednies de recerca.<\/p>\n<p>&nbsp;<\/p>\n","protected":false},"excerpt":{"rendered":"<p>S&#8217;estima que\u00a0hi ha mil milions de persones al m\u00f3n que presenten un problema de salut mental i que una de cada cuatro persones en tindr\u00e0 un en alg\u00fan moment de la vida. El 50% dels trastorns comenc\u00e7aran abans dels 18 anys, per\u00f2 sovint no es&#8230;<\/p>\n","protected":false},"author":3,"featured_media":4229,"comment_status":"open","ping_status":"open","sticky":false,"template":"","format":"standard","meta":[],"categories":[135,30],"tags":[],"_links":{"self":[{"href":"http:\/\/hestiafundacion.org\/ca\/wp-json\/wp\/v2\/posts\/4228\/"}],"collection":[{"href":"http:\/\/hestiafundacion.org\/ca\/wp-json\/wp\/v2\/posts\/"}],"about":[{"href":"http:\/\/hestiafundacion.org\/ca\/wp-json\/wp\/v2\/types\/post\/"}],"author":[{"embeddable":true,"href":"http:\/\/hestiafundacion.org\/ca\/wp-json\/wp\/v2\/users\/3\/"}],"replies":[{"embeddable":true,"href":"http:\/\/hestiafundacion.org\/ca\/wp-json\/wp\/v2\/comments\/?post=4228"}],"version-history":[{"count":2,"href":"http:\/\/hestiafundacion.org\/ca\/wp-json\/wp\/v2\/posts\/4228\/revisions\/"}],"predecessor-version":[{"id":4236,"href":"http:\/\/hestiafundacion.org\/ca\/wp-json\/wp\/v2\/posts\/4228\/revisions\/4236\/"}],"wp:featuredmedia":[{"embeddable":true,"href":"http:\/\/hestiafundacion.org\/ca\/wp-json\/wp\/v2\/media\/4229\/"}],"wp:attachment":[{"href":"http:\/\/hestiafundacion.org\/ca\/wp-json\/wp\/v2\/media\/?parent=4228"}],"wp:term":[{"taxonomy":"category","embeddable":true,"href":"http:\/\/hestiafundacion.org\/ca\/wp-json\/wp\/v2\/categories\/?post=4228"},{"taxonomy":"post_tag","embeddable":true,"href":"http:\/\/hestiafundacion.org\/ca\/wp-json\/wp\/v2\/tags\/?post=4228"}],"curies":[{"name":"wp","href":"https:\/\/api.w.org\/{rel}","templated":true}]}}