{"id":4476,"date":"2021-10-10T09:44:41","date_gmt":"2021-10-10T07:44:41","guid":{"rendered":"http:\/\/hestiafundacion.org\/?p=4476"},"modified":"2021-10-10T10:04:38","modified_gmt":"2021-10-10T08:04:38","slug":"salut-mental-per-tothom-dema-pots-ser-tu","status":"publish","type":"post","link":"http:\/\/hestiafundacion.org\/ca\/salut-mental-per-tothom-dema-pots-ser-tu\/","title":{"rendered":"Salut mental per tothom: dem\u00e0 pots ser tu"},"content":{"rendered":"<p>Jornades de Salut Mental de Menorca,<a href=\"http:\/\/hestiafundacion.org\/wp-content\/uploads\/2021\/10\/05-10-21.pdf\"> article sobre activitat f\u00edsica i salut mental<\/a>, v\u00eddeo de sensibilitzaci\u00f3 i pintada de mural. <strong>Fundaci\u00f3 Hestia<\/strong> incideix en el #MatealEstigma tot coincidint amb el <strong>Dia Mundial de la Salut Mental 2021.<\/strong><\/p>\n<p>Despr\u00e9s de fallar els premis en el <a href=\"http:\/\/hestiafundacion.org\/ca\/maria-jimenez-del-centre-de-dia-de-sant-lluis-i-pol-llabres-guanyen-el-ii-concurs-de-dibuix-matealestigma-2021\/\">II Concurs de Dibuix #MatealEstigma<\/a>, la Fundaci\u00f3 ha concentrat una s\u00e8rie d&#8217;iniciatives en la primera quinzena d&#8217;octubre per tal de donar un impuls a les activitats que desenvolupa conjuntament amb el<strong> Hestia Menorc<\/strong>a en el marc del seu projecte de sensibilitzaci\u00f3 sobre activitat f\u00edsica i salut mental.<\/p>\n<p>Una d&#8217;elles, \u00e9s un espot dirigit i produ\u00eft per Bendito Films i rodat a finals de setembre al Pavell\u00f3 Menorca amb la participaci\u00f3 de Laura Garc\u00e9s, usu\u00e0ria de Fundaci\u00f3 Hestia, \u00c0lex Tamayo, escorta de l&#8217;<strong>Hestia Menorca<\/strong>, i la resta d&#8217;integrants de l&#8217; equip de b\u00e0squet menorqu\u00ed que patrocina la Fundaci\u00f3.<\/p>\n<p><iframe title=\"YouTube video player\" src=\"https:\/\/www.youtube.com\/embed\/j_D9rmLCQFs\" width=\"560\" height=\"315\" frameborder=\"0\" allowfullscreen=\"allowfullscreen\"><\/iframe><\/p>\n<p>Basat en el lema &#8220;Salut mental, un dret necessari. Dem\u00e0 pots ser tu &#8220;, el v\u00eddeo es serveix d&#8217;un singular mate per reivindicar la necessitat de convertir la salut mental en una prioritat, el que implica destinar m\u00e9s recursos a la salut mental i facilitar l&#8217;acc\u00e9s als mateixos a qualsevol persona i en qualsevol circumst\u00e0ncia.<\/p>\n","protected":false},"excerpt":{"rendered":"<p>Jornades de Salut Mental de Menorca, article sobre activitat f\u00edsica i salut mental, v\u00eddeo de sensibilitzaci\u00f3 i pintada de mural. Fundaci\u00f3 Hestia incideix en el #MatealEstigma tot coincidint amb el Dia Mundial de la Salut Mental 2021. Despr\u00e9s de fallar els premis en el II&#8230;<\/p>\n","protected":false},"author":3,"featured_media":4492,"comment_status":"open","ping_status":"open","sticky":false,"template":"","format":"standard","meta":[],"categories":[210,212],"tags":[],"_links":{"self":[{"href":"http:\/\/hestiafundacion.org\/ca\/wp-json\/wp\/v2\/posts\/4476\/"}],"collection":[{"href":"http:\/\/hestiafundacion.org\/ca\/wp-json\/wp\/v2\/posts\/"}],"about":[{"href":"http:\/\/hestiafundacion.org\/ca\/wp-json\/wp\/v2\/types\/post\/"}],"author":[{"embeddable":true,"href":"http:\/\/hestiafundacion.org\/ca\/wp-json\/wp\/v2\/users\/3\/"}],"replies":[{"embeddable":true,"href":"http:\/\/hestiafundacion.org\/ca\/wp-json\/wp\/v2\/comments\/?post=4476"}],"version-history":[{"count":3,"href":"http:\/\/hestiafundacion.org\/ca\/wp-json\/wp\/v2\/posts\/4476\/revisions\/"}],"predecessor-version":[{"id":4490,"href":"http:\/\/hestiafundacion.org\/ca\/wp-json\/wp\/v2\/posts\/4476\/revisions\/4490\/"}],"wp:featuredmedia":[{"embeddable":true,"href":"http:\/\/hestiafundacion.org\/ca\/wp-json\/wp\/v2\/media\/4492\/"}],"wp:attachment":[{"href":"http:\/\/hestiafundacion.org\/ca\/wp-json\/wp\/v2\/media\/?parent=4476"}],"wp:term":[{"taxonomy":"category","embeddable":true,"href":"http:\/\/hestiafundacion.org\/ca\/wp-json\/wp\/v2\/categories\/?post=4476"},{"taxonomy":"post_tag","embeddable":true,"href":"http:\/\/hestiafundacion.org\/ca\/wp-json\/wp\/v2\/tags\/?post=4476"}],"curies":[{"name":"wp","href":"https:\/\/api.w.org\/{rel}","templated":true}]}}