{"id":4594,"date":"2021-12-04T17:19:05","date_gmt":"2021-12-04T15:19:05","guid":{"rendered":"http:\/\/hestiafundacion.org\/?p=4594"},"modified":"2021-12-13T17:26:10","modified_gmt":"2021-12-13T15:26:10","slug":"hestia-menorca-salta-per-la-plena-inclusio","status":"publish","type":"post","link":"http:\/\/hestiafundacion.org\/ca\/hestia-menorca-salta-per-la-plena-inclusio\/","title":{"rendered":"Hestia Menorca salta per la plena inclusi\u00f3"},"content":{"rendered":"<p><strong>Hestia Menorca<\/strong>, equip patrocinat de b\u00e0squet per <strong>Fundaci\u00f3 Hestia<\/strong> en el marc del projecte <strong>#MatealEstima<\/strong>, s&#8217;ha sumat a la reivindicaci\u00f3 del <strong>Dia Internacional de les Persones amb Discapacitat<\/strong> saltant al v\u00eddeo de sensibilitzaci\u00f3 de la <a href=\"http:\/\/fundaciodiscap.org\"><strong>Fundaci\u00f3 per a Persones amb Discapacitat de Menorca.<\/strong><\/a><\/p>\n<p>El salt de l&#8217;Hestia Menorca \u00e9s un dels gaireb\u00e9 300 donats per persones i entitats que han volgut sumar-se a la iniciativa <a href=\"https:\/\/www.fundaciodiscap.org\/ca\/blog\/menorca-salta-amb-i-per-a-les-persones-amb-discapacitat-150\/\">&#8220;Menorca salta&#8221;<\/a> per sensibilitzar la poblaci\u00f3 sobre la necessitat de promocionar l&#8217;<strong>autonomia<\/strong> i la <strong>plena inclusi\u00f3<\/strong> de les persones amb discapacitat en la societat en el seu <a href=\"https:\/\/www.un.org\/es\/observances\/day-of-persons-with-disabilities\">dia internacional.<\/a><\/p>\n<p><iframe title=\"YouTube video player\" src=\"https:\/\/www.youtube.com\/embed\/cCZCCRDdroM\" width=\"560\" height=\"315\" frameborder=\"0\" allowfullscreen=\"allowfullscreen\"><\/iframe><\/p>\n","protected":false},"excerpt":{"rendered":"<p>Hestia Menorca, equip patrocinat de b\u00e0squet per Fundaci\u00f3 Hestia en el marc del projecte #MatealEstima, s&#8217;ha sumat a la reivindicaci\u00f3 del Dia Internacional de les Persones amb Discapacitat saltant al v\u00eddeo de sensibilitzaci\u00f3 de la Fundaci\u00f3 per a Persones amb Discapacitat de Menorca. El salt&#8230;<\/p>\n","protected":false},"author":3,"featured_media":4592,"comment_status":"open","ping_status":"open","sticky":false,"template":"","format":"standard","meta":[],"categories":[194,129,30],"tags":[],"_links":{"self":[{"href":"http:\/\/hestiafundacion.org\/ca\/wp-json\/wp\/v2\/posts\/4594\/"}],"collection":[{"href":"http:\/\/hestiafundacion.org\/ca\/wp-json\/wp\/v2\/posts\/"}],"about":[{"href":"http:\/\/hestiafundacion.org\/ca\/wp-json\/wp\/v2\/types\/post\/"}],"author":[{"embeddable":true,"href":"http:\/\/hestiafundacion.org\/ca\/wp-json\/wp\/v2\/users\/3\/"}],"replies":[{"embeddable":true,"href":"http:\/\/hestiafundacion.org\/ca\/wp-json\/wp\/v2\/comments\/?post=4594"}],"version-history":[{"count":1,"href":"http:\/\/hestiafundacion.org\/ca\/wp-json\/wp\/v2\/posts\/4594\/revisions\/"}],"predecessor-version":[{"id":4595,"href":"http:\/\/hestiafundacion.org\/ca\/wp-json\/wp\/v2\/posts\/4594\/revisions\/4595\/"}],"wp:featuredmedia":[{"embeddable":true,"href":"http:\/\/hestiafundacion.org\/ca\/wp-json\/wp\/v2\/media\/4592\/"}],"wp:attachment":[{"href":"http:\/\/hestiafundacion.org\/ca\/wp-json\/wp\/v2\/media\/?parent=4594"}],"wp:term":[{"taxonomy":"category","embeddable":true,"href":"http:\/\/hestiafundacion.org\/ca\/wp-json\/wp\/v2\/categories\/?post=4594"},{"taxonomy":"post_tag","embeddable":true,"href":"http:\/\/hestiafundacion.org\/ca\/wp-json\/wp\/v2\/tags\/?post=4594"}],"curies":[{"name":"wp","href":"https:\/\/api.w.org\/{rel}","templated":true}]}}