{"id":4652,"date":"2021-12-19T09:59:42","date_gmt":"2021-12-19T07:59:42","guid":{"rendered":"http:\/\/hestiafundacion.org\/?p=4652"},"modified":"2022-01-11T17:23:18","modified_gmt":"2022-01-11T15:23:18","slug":"fundacio-hestia-uneix-a-la-marato-amb-matealestigma-i-decoracio-nadalenca","status":"publish","type":"post","link":"http:\/\/hestiafundacion.org\/ca\/fundacio-hestia-uneix-a-la-marato-amb-matealestigma-i-decoracio-nadalenca\/","title":{"rendered":"Fundaci\u00f3 Hestia s&#8217;uneix a La Marat\u00f3 amb #MatealEstigma i decoraci\u00f3 nadalenca"},"content":{"rendered":"<p>Nosaltres pintem murs per la salut mental, ells els trenquen. <strong>Fundaci\u00f3 Hestia i Hestia Menorca<\/strong> \u00a0s&#8217;han sumat a <strong>La Marat\u00f3 de TV3 i Catalunya R\u00e0dio<\/strong> dedicada a la seva trentena edici\u00f3 a la <strong>salut mental<\/strong>. Les dues entitats han col\u00b7laborat per vincular la seva pintada de mural #MatealEstigma i un taller de decoraci\u00f3 nadalenca a la iniciativa que promou la <strong>Corporaci\u00f3 Catalana de Mitjans Audiovisuals<\/strong> per sensibilitzar sobre les malalties que tracta el programa i<br \/>\nenfortir la investigaci\u00f3 biom\u00e8dica d&#8217;excel\u00b7l\u00e8ncia, un objectiu compartit amb la <strong>Fundaci\u00f3 Hestia<\/strong> que, aquesta mateixa setmana ha lliurat les seves <a href=\"http:\/\/hestiafundacion.org\/ca\/adjudicacio-beques-i-premis-hestia-2021\/\">Beques i Premis Hestia 2021.<\/a><\/p>\n<p>La <a href=\"http:\/\/hestiafundacion.org\/ca\/el-mural-matealestigma-2021-ja-llueix-al-pavello-menorca\/\"><strong>pintada #MatealEstigma<\/strong><\/a> va tenir lloc el 15 d&#8217;octubre passat a l&#8217;exterior del Pavell\u00f3 Bintaufa, a Ma\u00f3, i, per tercer any consecutiu, va comptar amb la participaci\u00f3 d&#8217;<strong>H\u00e8stia Menorca<\/strong> i d&#8217;usuaris i professionals de dispositius de salut mental de l&#8217;illa balear. Des de llavors i fins al partit disputat ahir contra el CB Cornell\u00e0, equips de la LEB plata, categoria en qu\u00e8 juga Hestia Menorca, seguidors d&#8217;aquesta competici\u00f3 i representants de diferents institucions menorquines han signat al costat del mural i\/o han fet un donatiu.<\/p>\n<p><iframe title=\"YouTube video player\" src=\"https:\/\/www.youtube.com\/embed\/mRE1sVFk-KA\" width=\"560\" height=\"315\" frameborder=\"0\" allowfullscreen=\"allowfullscreen\"><\/iframe><\/p>\n<p>A m\u00e9s, usuaris i usu\u00e0ries de <strong>Fundaci\u00f3 Hestia<\/strong> van dur a terme un<strong> taller de decoraci\u00f3 nadalenca<\/strong> feta a m\u00e0 el 2 de desembre passat. Els articles elaborats es van posar a la venda a diferents centres sociosanitaris amb l&#8217;objectiu de col\u00b7laborar amb <strong>La Marat\u00f3 2021<\/strong> aportant els diners recaptats.<\/p>\n<p>La col\u00b7laboraci\u00f3 de totes les persones que s&#8217;han sumat al #MatealEstigma des de l&#8217;inici de la temporada i al taller de decoraci\u00f3, i el suport afegit de <strong>Fundaci\u00f3 Hestia<\/strong> han perm\u00e8s aportar a <strong>La Marat\u00f3<\/strong> una quantitat que es desvetllar\u00e0 al llarg del <strong>programa especial <\/strong>que <a href=\"https:\/\/www.ccma.cat\/tv3\/\">TV3<\/a> emetr\u00e0 el 19 de desembre a partir de les 9.30 hores.<\/p>\n\n\t\t<style type=\"text\/css\">\n\t\t\t#gallery-1 {\n\t\t\t\tmargin: auto;\n\t\t\t}\n\t\t\t#gallery-1 .gallery-item {\n\t\t\t\tfloat: left;\n\t\t\t\tmargin-top: 10px;\n\t\t\t\ttext-align: center;\n\t\t\t\twidth: 33%;\n\t\t\t}\n\t\t\t#gallery-1 img {\n\t\t\t\tborder: 2px solid #cfcfcf;\n\t\t\t}\n\t\t\t#gallery-1 .gallery-caption {\n\t\t\t\tmargin-left: 0;\n\t\t\t}\n\t\t\t\/* see gallery_shortcode() in wp-includes\/media.php *\/\n\t\t<\/style>\n\t\t<div id='gallery-1' class='gallery galleryid-4652 gallery-columns-3 gallery-size-thumbnail'><dl class='gallery-item'>\n\t\t\t<dt class='gallery-icon landscape'>\n\t\t\t\t<a href='http:\/\/hestiafundacion.org\/ca\/fundacio-hestia-uneix-a-la-marato-amb-matealestigma-i-decoracio-nadalenca\/hestia-menorca-1-2\/'><img width=\"150\" height=\"150\" src=\"http:\/\/hestiafundacion.org\/wp-content\/uploads\/2021\/12\/HESTIA-MENORCA-1-150x150.jpg\" class=\"attachment-thumbnail size-thumbnail\" alt=\"\" loading=\"lazy\" srcset=\"http:\/\/hestiafundacion.org\/wp-content\/uploads\/2021\/12\/HESTIA-MENORCA-1-150x150.jpg 150w, http:\/\/hestiafundacion.org\/wp-content\/uploads\/2021\/12\/HESTIA-MENORCA-1-570x570.jpg 570w, http:\/\/hestiafundacion.org\/wp-content\/uploads\/2021\/12\/HESTIA-MENORCA-1-500x500.jpg 500w, http:\/\/hestiafundacion.org\/wp-content\/uploads\/2021\/12\/HESTIA-MENORCA-1-1000x1000.jpg 1000w\" sizes=\"(max-width: 150px) 100vw, 150px\" \/><\/a>\n\t\t\t<\/dt><\/dl><dl class='gallery-item'>\n\t\t\t<dt class='gallery-icon landscape'>\n\t\t\t\t<a href='http:\/\/hestiafundacion.org\/ca\/fundacio-hestia-uneix-a-la-marato-amb-matealestigma-i-decoracio-nadalenca\/hestia-menorca-5-2\/'><img width=\"150\" height=\"150\" src=\"http:\/\/hestiafundacion.org\/wp-content\/uploads\/2021\/12\/HESTIA-MENORCA-5-150x150.jpg\" class=\"attachment-thumbnail size-thumbnail\" alt=\"\" loading=\"lazy\" srcset=\"http:\/\/hestiafundacion.org\/wp-content\/uploads\/2021\/12\/HESTIA-MENORCA-5-150x150.jpg 150w, http:\/\/hestiafundacion.org\/wp-content\/uploads\/2021\/12\/HESTIA-MENORCA-5-570x570.jpg 570w, http:\/\/hestiafundacion.org\/wp-content\/uploads\/2021\/12\/HESTIA-MENORCA-5-500x500.jpg 500w, http:\/\/hestiafundacion.org\/wp-content\/uploads\/2021\/12\/HESTIA-MENORCA-5-1000x1000.jpg 1000w\" sizes=\"(max-width: 150px) 100vw, 150px\" \/><\/a>\n\t\t\t<\/dt><\/dl><dl class='gallery-item'>\n\t\t\t<dt class='gallery-icon landscape'>\n\t\t\t\t<a href='http:\/\/hestiafundacion.org\/ca\/fundacio-hestia-uneix-a-la-marato-amb-matealestigma-i-decoracio-nadalenca\/hestia-menorca-4-2\/'><img width=\"150\" height=\"150\" src=\"http:\/\/hestiafundacion.org\/wp-content\/uploads\/2021\/12\/HESTIA-MENORCA-4-150x150.jpg\" class=\"attachment-thumbnail size-thumbnail\" alt=\"\" loading=\"lazy\" srcset=\"http:\/\/hestiafundacion.org\/wp-content\/uploads\/2021\/12\/HESTIA-MENORCA-4-150x150.jpg 150w, http:\/\/hestiafundacion.org\/wp-content\/uploads\/2021\/12\/HESTIA-MENORCA-4-570x570.jpg 570w, http:\/\/hestiafundacion.org\/wp-content\/uploads\/2021\/12\/HESTIA-MENORCA-4-500x500.jpg 500w, http:\/\/hestiafundacion.org\/wp-content\/uploads\/2021\/12\/HESTIA-MENORCA-4-1000x1000.jpg 1000w\" sizes=\"(max-width: 150px) 100vw, 150px\" \/><\/a>\n\t\t\t<\/dt><\/dl><br style=\"clear: both\" \/><dl class='gallery-item'>\n\t\t\t<dt class='gallery-icon landscape'>\n\t\t\t\t<a href='http:\/\/hestiafundacion.org\/ca\/fundacio-hestia-uneix-a-la-marato-amb-matealestigma-i-decoracio-nadalenca\/hestia-menorca-8-2\/'><img width=\"150\" height=\"150\" src=\"http:\/\/hestiafundacion.org\/wp-content\/uploads\/2021\/12\/HESTIA-MENORCA-8-150x150.jpg\" class=\"attachment-thumbnail size-thumbnail\" alt=\"\" loading=\"lazy\" srcset=\"http:\/\/hestiafundacion.org\/wp-content\/uploads\/2021\/12\/HESTIA-MENORCA-8-150x150.jpg 150w, http:\/\/hestiafundacion.org\/wp-content\/uploads\/2021\/12\/HESTIA-MENORCA-8-570x570.jpg 570w, http:\/\/hestiafundacion.org\/wp-content\/uploads\/2021\/12\/HESTIA-MENORCA-8-500x500.jpg 500w, http:\/\/hestiafundacion.org\/wp-content\/uploads\/2021\/12\/HESTIA-MENORCA-8-1000x1000.jpg 1000w\" sizes=\"(max-width: 150px) 100vw, 150px\" \/><\/a>\n\t\t\t<\/dt><\/dl><dl class='gallery-item'>\n\t\t\t<dt class='gallery-icon landscape'>\n\t\t\t\t<a href='http:\/\/hestiafundacion.org\/ca\/fundacio-hestia-uneix-a-la-marato-amb-matealestigma-i-decoracio-nadalenca\/hestia-menorca-2-2\/'><img width=\"150\" height=\"150\" src=\"http:\/\/hestiafundacion.org\/wp-content\/uploads\/2021\/12\/HESTIA-MENORCA-2-150x150.jpg\" class=\"attachment-thumbnail size-thumbnail\" alt=\"\" loading=\"lazy\" srcset=\"http:\/\/hestiafundacion.org\/wp-content\/uploads\/2021\/12\/HESTIA-MENORCA-2-150x150.jpg 150w, http:\/\/hestiafundacion.org\/wp-content\/uploads\/2021\/12\/HESTIA-MENORCA-2-570x570.jpg 570w, http:\/\/hestiafundacion.org\/wp-content\/uploads\/2021\/12\/HESTIA-MENORCA-2-500x500.jpg 500w, http:\/\/hestiafundacion.org\/wp-content\/uploads\/2021\/12\/HESTIA-MENORCA-2-1000x1000.jpg 1000w\" sizes=\"(max-width: 150px) 100vw, 150px\" \/><\/a>\n\t\t\t<\/dt><\/dl><dl class='gallery-item'>\n\t\t\t<dt class='gallery-icon landscape'>\n\t\t\t\t<a href='http:\/\/hestiafundacion.org\/ca\/fundacio-hestia-uneix-a-la-marato-amb-matealestigma-i-decoracio-nadalenca\/hestia-menorca-6-2\/'><img width=\"150\" height=\"150\" src=\"http:\/\/hestiafundacion.org\/wp-content\/uploads\/2021\/12\/HESTIA-MENORCA-6-150x150.jpg\" class=\"attachment-thumbnail size-thumbnail\" alt=\"\" loading=\"lazy\" srcset=\"http:\/\/hestiafundacion.org\/wp-content\/uploads\/2021\/12\/HESTIA-MENORCA-6-150x150.jpg 150w, http:\/\/hestiafundacion.org\/wp-content\/uploads\/2021\/12\/HESTIA-MENORCA-6-570x570.jpg 570w, http:\/\/hestiafundacion.org\/wp-content\/uploads\/2021\/12\/HESTIA-MENORCA-6-500x500.jpg 500w, http:\/\/hestiafundacion.org\/wp-content\/uploads\/2021\/12\/HESTIA-MENORCA-6-1000x1000.jpg 1000w\" sizes=\"(max-width: 150px) 100vw, 150px\" \/><\/a>\n\t\t\t<\/dt><\/dl><br style=\"clear: both\" \/><dl class='gallery-item'>\n\t\t\t<dt class='gallery-icon landscape'>\n\t\t\t\t<a href='http:\/\/hestiafundacion.org\/ca\/fundacio-hestia-uneix-a-la-marato-amb-matealestigma-i-decoracio-nadalenca\/hestia-menorca-9-2\/'><img width=\"150\" height=\"150\" src=\"http:\/\/hestiafundacion.org\/wp-content\/uploads\/2021\/12\/HESTIA-MENORCA-9-150x150.jpg\" class=\"attachment-thumbnail size-thumbnail\" alt=\"\" loading=\"lazy\" srcset=\"http:\/\/hestiafundacion.org\/wp-content\/uploads\/2021\/12\/HESTIA-MENORCA-9-150x150.jpg 150w, http:\/\/hestiafundacion.org\/wp-content\/uploads\/2021\/12\/HESTIA-MENORCA-9-570x570.jpg 570w, http:\/\/hestiafundacion.org\/wp-content\/uploads\/2021\/12\/HESTIA-MENORCA-9-500x500.jpg 500w, http:\/\/hestiafundacion.org\/wp-content\/uploads\/2021\/12\/HESTIA-MENORCA-9-1000x1000.jpg 1000w\" sizes=\"(max-width: 150px) 100vw, 150px\" \/><\/a>\n\t\t\t<\/dt><\/dl><dl class='gallery-item'>\n\t\t\t<dt class='gallery-icon landscape'>\n\t\t\t\t<a href='http:\/\/hestiafundacion.org\/ca\/fundacio-hestia-uneix-a-la-marato-amb-matealestigma-i-decoracio-nadalenca\/cb-safir-fruits-alginet-2\/'><img width=\"150\" height=\"150\" src=\"http:\/\/hestiafundacion.org\/wp-content\/uploads\/2021\/12\/CB-SAFIR-FRUITS-ALGINET-150x150.jpg\" class=\"attachment-thumbnail size-thumbnail\" alt=\"\" loading=\"lazy\" srcset=\"http:\/\/hestiafundacion.org\/wp-content\/uploads\/2021\/12\/CB-SAFIR-FRUITS-ALGINET-150x150.jpg 150w, http:\/\/hestiafundacion.org\/wp-content\/uploads\/2021\/12\/CB-SAFIR-FRUITS-ALGINET-570x570.jpg 570w, http:\/\/hestiafundacion.org\/wp-content\/uploads\/2021\/12\/CB-SAFIR-FRUITS-ALGINET-500x500.jpg 500w, http:\/\/hestiafundacion.org\/wp-content\/uploads\/2021\/12\/CB-SAFIR-FRUITS-ALGINET-1000x1000.jpg 1000w\" sizes=\"(max-width: 150px) 100vw, 150px\" \/><\/a>\n\t\t\t<\/dt><\/dl><dl class='gallery-item'>\n\t\t\t<dt class='gallery-icon landscape'>\n\t\t\t\t<a href='http:\/\/hestiafundacion.org\/ca\/fundacio-hestia-uneix-a-la-marato-amb-matealestigma-i-decoracio-nadalenca\/cb-safir-frutis-alginet-4-2\/'><img width=\"150\" height=\"150\" src=\"http:\/\/hestiafundacion.org\/wp-content\/uploads\/2021\/12\/CB-SAFIR-FRUTIS-ALGINET-4-150x150.jpg\" class=\"attachment-thumbnail size-thumbnail\" alt=\"\" loading=\"lazy\" srcset=\"http:\/\/hestiafundacion.org\/wp-content\/uploads\/2021\/12\/CB-SAFIR-FRUTIS-ALGINET-4-150x150.jpg 150w, http:\/\/hestiafundacion.org\/wp-content\/uploads\/2021\/12\/CB-SAFIR-FRUTIS-ALGINET-4-570x570.jpg 570w, http:\/\/hestiafundacion.org\/wp-content\/uploads\/2021\/12\/CB-SAFIR-FRUTIS-ALGINET-4-500x500.jpg 500w, http:\/\/hestiafundacion.org\/wp-content\/uploads\/2021\/12\/CB-SAFIR-FRUTIS-ALGINET-4-1000x1000.jpg 1000w\" sizes=\"(max-width: 150px) 100vw, 150px\" \/><\/a>\n\t\t\t<\/dt><\/dl><br style=\"clear: both\" \/><dl class='gallery-item'>\n\t\t\t<dt class='gallery-icon landscape'>\n\t\t\t\t<a href='http:\/\/hestiafundacion.org\/ca\/fundacio-hestia-uneix-a-la-marato-amb-matealestigma-i-decoracio-nadalenca\/cb-safir-fruits-alginet-3-2\/'><img width=\"150\" height=\"150\" src=\"http:\/\/hestiafundacion.org\/wp-content\/uploads\/2021\/12\/CB-SAFIR-FRUITS-ALGINET-3-150x150.jpg\" class=\"attachment-thumbnail size-thumbnail\" alt=\"\" loading=\"lazy\" srcset=\"http:\/\/hestiafundacion.org\/wp-content\/uploads\/2021\/12\/CB-SAFIR-FRUITS-ALGINET-3-150x150.jpg 150w, http:\/\/hestiafundacion.org\/wp-content\/uploads\/2021\/12\/CB-SAFIR-FRUITS-ALGINET-3-570x570.jpg 570w, http:\/\/hestiafundacion.org\/wp-content\/uploads\/2021\/12\/CB-SAFIR-FRUITS-ALGINET-3-500x500.jpg 500w, http:\/\/hestiafundacion.org\/wp-content\/uploads\/2021\/12\/CB-SAFIR-FRUITS-ALGINET-3-1000x1000.jpg 1000w\" sizes=\"(max-width: 150px) 100vw, 150px\" \/><\/a>\n\t\t\t<\/dt><\/dl><dl class='gallery-item'>\n\t\t\t<dt class='gallery-icon landscape'>\n\t\t\t\t<a href='http:\/\/hestiafundacion.org\/ca\/fundacio-hestia-uneix-a-la-marato-amb-matealestigma-i-decoracio-nadalenca\/cb-safir-fruits-alginet-1-2\/'><img width=\"150\" height=\"150\" src=\"http:\/\/hestiafundacion.org\/wp-content\/uploads\/2021\/12\/CB-SAFIR-FRUITS-ALGINET-1-150x150.jpg\" class=\"attachment-thumbnail size-thumbnail\" alt=\"\" loading=\"lazy\" srcset=\"http:\/\/hestiafundacion.org\/wp-content\/uploads\/2021\/12\/CB-SAFIR-FRUITS-ALGINET-1-150x150.jpg 150w, http:\/\/hestiafundacion.org\/wp-content\/uploads\/2021\/12\/CB-SAFIR-FRUITS-ALGINET-1-570x570.jpg 570w, http:\/\/hestiafundacion.org\/wp-content\/uploads\/2021\/12\/CB-SAFIR-FRUITS-ALGINET-1-500x500.jpg 500w, http:\/\/hestiafundacion.org\/wp-content\/uploads\/2021\/12\/CB-SAFIR-FRUITS-ALGINET-1-1000x1000.jpg 1000w\" sizes=\"(max-width: 150px) 100vw, 150px\" \/><\/a>\n\t\t\t<\/dt><\/dl><dl class='gallery-item'>\n\t\t\t<dt class='gallery-icon landscape'>\n\t\t\t\t<a href='http:\/\/hestiafundacion.org\/ca\/fundacio-hestia-uneix-a-la-marato-amb-matealestigma-i-decoracio-nadalenca\/hestia-menorca-60-64-decolorfglaroda-_18\/'><img width=\"150\" height=\"150\" src=\"http:\/\/hestiafundacion.org\/wp-content\/uploads\/2021\/12\/Hestia-Menorca-60-64-@DecolorFGLaRoda-_18-150x150.jpg\" class=\"attachment-thumbnail size-thumbnail\" alt=\"\" loading=\"lazy\" srcset=\"http:\/\/hestiafundacion.org\/wp-content\/uploads\/2021\/12\/Hestia-Menorca-60-64-@DecolorFGLaRoda-_18-150x150.jpg 150w, http:\/\/hestiafundacion.org\/wp-content\/uploads\/2021\/12\/Hestia-Menorca-60-64-@DecolorFGLaRoda-_18-570x570.jpg 570w, http:\/\/hestiafundacion.org\/wp-content\/uploads\/2021\/12\/Hestia-Menorca-60-64-@DecolorFGLaRoda-_18-500x500.jpg 500w, http:\/\/hestiafundacion.org\/wp-content\/uploads\/2021\/12\/Hestia-Menorca-60-64-@DecolorFGLaRoda-_18-1000x1000.jpg 1000w\" sizes=\"(max-width: 150px) 100vw, 150px\" \/><\/a>\n\t\t\t<\/dt><\/dl><br style=\"clear: both\" \/><dl class='gallery-item'>\n\t\t\t<dt class='gallery-icon landscape'>\n\t\t\t\t<a href='http:\/\/hestiafundacion.org\/ca\/fundacio-hestia-uneix-a-la-marato-amb-matealestigma-i-decoracio-nadalenca\/hestia-menorca-60-64-decolorfglaroda-_15-2\/'><img width=\"150\" height=\"150\" src=\"http:\/\/hestiafundacion.org\/wp-content\/uploads\/2021\/12\/Hestia-Menorca-60-64-@DecolorFGLaRoda-_15-150x150.jpg\" class=\"attachment-thumbnail size-thumbnail\" alt=\"\" loading=\"lazy\" srcset=\"http:\/\/hestiafundacion.org\/wp-content\/uploads\/2021\/12\/Hestia-Menorca-60-64-@DecolorFGLaRoda-_15-150x150.jpg 150w, http:\/\/hestiafundacion.org\/wp-content\/uploads\/2021\/12\/Hestia-Menorca-60-64-@DecolorFGLaRoda-_15-570x570.jpg 570w, http:\/\/hestiafundacion.org\/wp-content\/uploads\/2021\/12\/Hestia-Menorca-60-64-@DecolorFGLaRoda-_15-500x500.jpg 500w, http:\/\/hestiafundacion.org\/wp-content\/uploads\/2021\/12\/Hestia-Menorca-60-64-@DecolorFGLaRoda-_15-1000x1000.jpg 1000w\" sizes=\"(max-width: 150px) 100vw, 150px\" \/><\/a>\n\t\t\t<\/dt><\/dl><dl class='gallery-item'>\n\t\t\t<dt class='gallery-icon landscape'>\n\t\t\t\t<a href='http:\/\/hestiafundacion.org\/ca\/fundacio-hestia-uneix-a-la-marato-amb-matealestigma-i-decoracio-nadalenca\/cb-cornella-4-2\/'><img width=\"150\" height=\"150\" src=\"http:\/\/hestiafundacion.org\/wp-content\/uploads\/2021\/12\/CB-CORNELLA-4-150x150.jpg\" class=\"attachment-thumbnail size-thumbnail\" alt=\"\" loading=\"lazy\" srcset=\"http:\/\/hestiafundacion.org\/wp-content\/uploads\/2021\/12\/CB-CORNELLA-4-150x150.jpg 150w, http:\/\/hestiafundacion.org\/wp-content\/uploads\/2021\/12\/CB-CORNELLA-4-570x570.jpg 570w, http:\/\/hestiafundacion.org\/wp-content\/uploads\/2021\/12\/CB-CORNELLA-4-500x500.jpg 500w, http:\/\/hestiafundacion.org\/wp-content\/uploads\/2021\/12\/CB-CORNELLA-4-1000x1000.jpg 1000w\" sizes=\"(max-width: 150px) 100vw, 150px\" \/><\/a>\n\t\t\t<\/dt><\/dl><dl class='gallery-item'>\n\t\t\t<dt class='gallery-icon landscape'>\n\t\t\t\t<a href='http:\/\/hestiafundacion.org\/ca\/fundacio-hestia-uneix-a-la-marato-amb-matealestigma-i-decoracio-nadalenca\/cb-cornella-2-2\/'><img width=\"150\" height=\"150\" src=\"http:\/\/hestiafundacion.org\/wp-content\/uploads\/2021\/12\/CB-CORNELLA-2-150x150.jpg\" class=\"attachment-thumbnail size-thumbnail\" alt=\"\" loading=\"lazy\" srcset=\"http:\/\/hestiafundacion.org\/wp-content\/uploads\/2021\/12\/CB-CORNELLA-2-150x150.jpg 150w, http:\/\/hestiafundacion.org\/wp-content\/uploads\/2021\/12\/CB-CORNELLA-2-570x570.jpg 570w, http:\/\/hestiafundacion.org\/wp-content\/uploads\/2021\/12\/CB-CORNELLA-2-500x500.jpg 500w, http:\/\/hestiafundacion.org\/wp-content\/uploads\/2021\/12\/CB-CORNELLA-2-1000x1000.jpg 1000w\" sizes=\"(max-width: 150px) 100vw, 150px\" \/><\/a>\n\t\t\t<\/dt><\/dl><br style=\"clear: both\" \/><dl class='gallery-item'>\n\t\t\t<dt class='gallery-icon landscape'>\n\t\t\t\t<a href='http:\/\/hestiafundacion.org\/ca\/fundacio-hestia-uneix-a-la-marato-amb-matealestigma-i-decoracio-nadalenca\/cb-cornella-3-2\/'><img width=\"150\" height=\"150\" src=\"http:\/\/hestiafundacion.org\/wp-content\/uploads\/2021\/12\/CB-CORNELLA-3-150x150.jpg\" class=\"attachment-thumbnail size-thumbnail\" alt=\"\" loading=\"lazy\" srcset=\"http:\/\/hestiafundacion.org\/wp-content\/uploads\/2021\/12\/CB-CORNELLA-3-150x150.jpg 150w, http:\/\/hestiafundacion.org\/wp-content\/uploads\/2021\/12\/CB-CORNELLA-3-570x570.jpg 570w, http:\/\/hestiafundacion.org\/wp-content\/uploads\/2021\/12\/CB-CORNELLA-3-500x500.jpg 500w, http:\/\/hestiafundacion.org\/wp-content\/uploads\/2021\/12\/CB-CORNELLA-3-1000x1000.jpg 1000w\" sizes=\"(max-width: 150px) 100vw, 150px\" \/><\/a>\n\t\t\t<\/dt><\/dl><dl class='gallery-item'>\n\t\t\t<dt class='gallery-icon landscape'>\n\t\t\t\t<a href='http:\/\/hestiafundacion.org\/ca\/fundacio-hestia-uneix-a-la-marato-amb-matealestigma-i-decoracio-nadalenca\/cb-cornella-1-2\/'><img width=\"150\" height=\"150\" src=\"http:\/\/hestiafundacion.org\/wp-content\/uploads\/2021\/12\/CB-CORNELLA-1-150x150.jpg\" class=\"attachment-thumbnail size-thumbnail\" alt=\"\" loading=\"lazy\" srcset=\"http:\/\/hestiafundacion.org\/wp-content\/uploads\/2021\/12\/CB-CORNELLA-1-150x150.jpg 150w, http:\/\/hestiafundacion.org\/wp-content\/uploads\/2021\/12\/CB-CORNELLA-1-570x570.jpg 570w, http:\/\/hestiafundacion.org\/wp-content\/uploads\/2021\/12\/CB-CORNELLA-1-500x500.jpg 500w, http:\/\/hestiafundacion.org\/wp-content\/uploads\/2021\/12\/CB-CORNELLA-1-1000x1000.jpg 1000w\" sizes=\"(max-width: 150px) 100vw, 150px\" \/><\/a>\n\t\t\t<\/dt><\/dl><dl class='gallery-item'>\n\t\t\t<dt class='gallery-icon landscape'>\n\t\t\t\t<a href='http:\/\/hestiafundacion.org\/ca\/fundacio-hestia-uneix-a-la-marato-amb-matealestigma-i-decoracio-nadalenca\/cb-cornella-5-2\/'><img width=\"150\" height=\"150\" src=\"http:\/\/hestiafundacion.org\/wp-content\/uploads\/2021\/12\/CB-CORNELLA-5-150x150.jpg\" class=\"attachment-thumbnail size-thumbnail\" alt=\"\" loading=\"lazy\" srcset=\"http:\/\/hestiafundacion.org\/wp-content\/uploads\/2021\/12\/CB-CORNELLA-5-150x150.jpg 150w, http:\/\/hestiafundacion.org\/wp-content\/uploads\/2021\/12\/CB-CORNELLA-5-570x570.jpg 570w, http:\/\/hestiafundacion.org\/wp-content\/uploads\/2021\/12\/CB-CORNELLA-5-500x500.jpg 500w, http:\/\/hestiafundacion.org\/wp-content\/uploads\/2021\/12\/CB-CORNELLA-5-1000x1000.jpg 1000w\" sizes=\"(max-width: 150px) 100vw, 150px\" \/><\/a>\n\t\t\t<\/dt><\/dl><br style=\"clear: both\" \/><dl class='gallery-item'>\n\t\t\t<dt class='gallery-icon landscape'>\n\t\t\t\t<a href='http:\/\/hestiafundacion.org\/ca\/fundacio-hestia-uneix-a-la-marato-amb-matealestigma-i-decoracio-nadalenca\/hestia-menorca-60-64-decolorfglaroda-_28\/'><img width=\"150\" height=\"150\" src=\"http:\/\/hestiafundacion.org\/wp-content\/uploads\/2021\/12\/Hestia-Menorca-60-64-@DecolorFGLaRoda-_28-150x150.jpg\" class=\"attachment-thumbnail size-thumbnail\" alt=\"\" loading=\"lazy\" srcset=\"http:\/\/hestiafundacion.org\/wp-content\/uploads\/2021\/12\/Hestia-Menorca-60-64-@DecolorFGLaRoda-_28-150x150.jpg 150w, http:\/\/hestiafundacion.org\/wp-content\/uploads\/2021\/12\/Hestia-Menorca-60-64-@DecolorFGLaRoda-_28-570x570.jpg 570w, http:\/\/hestiafundacion.org\/wp-content\/uploads\/2021\/12\/Hestia-Menorca-60-64-@DecolorFGLaRoda-_28-500x500.jpg 500w, http:\/\/hestiafundacion.org\/wp-content\/uploads\/2021\/12\/Hestia-Menorca-60-64-@DecolorFGLaRoda-_28-1000x1000.jpg 1000w\" sizes=\"(max-width: 150px) 100vw, 150px\" \/><\/a>\n\t\t\t<\/dt><\/dl><dl class='gallery-item'>\n\t\t\t<dt class='gallery-icon landscape'>\n\t\t\t\t<a href='http:\/\/hestiafundacion.org\/ca\/fundacio-hestia-uneix-a-la-marato-amb-matealestigma-i-decoracio-nadalenca\/hestia-menorca-60-64-decolorfglaroda-_22\/'><img width=\"150\" height=\"150\" src=\"http:\/\/hestiafundacion.org\/wp-content\/uploads\/2021\/12\/Hestia-Menorca-60-64-@DecolorFGLaRoda-_22-150x150.jpg\" class=\"attachment-thumbnail size-thumbnail\" alt=\"\" loading=\"lazy\" srcset=\"http:\/\/hestiafundacion.org\/wp-content\/uploads\/2021\/12\/Hestia-Menorca-60-64-@DecolorFGLaRoda-_22-150x150.jpg 150w, http:\/\/hestiafundacion.org\/wp-content\/uploads\/2021\/12\/Hestia-Menorca-60-64-@DecolorFGLaRoda-_22-570x570.jpg 570w, http:\/\/hestiafundacion.org\/wp-content\/uploads\/2021\/12\/Hestia-Menorca-60-64-@DecolorFGLaRoda-_22-500x500.jpg 500w, http:\/\/hestiafundacion.org\/wp-content\/uploads\/2021\/12\/Hestia-Menorca-60-64-@DecolorFGLaRoda-_22-1000x1000.jpg 1000w\" sizes=\"(max-width: 150px) 100vw, 150px\" \/><\/a>\n\t\t\t<\/dt><\/dl><dl class='gallery-item'>\n\t\t\t<dt class='gallery-icon landscape'>\n\t\t\t\t<a href='http:\/\/hestiafundacion.org\/ca\/fundacio-hestia-uneix-a-la-marato-amb-matealestigma-i-decoracio-nadalenca\/hestia-menorca-60-64-decolorfglaroda-_19\/'><img width=\"150\" height=\"150\" src=\"http:\/\/hestiafundacion.org\/wp-content\/uploads\/2021\/12\/Hestia-Menorca-60-64-@DecolorFGLaRoda-_19-150x150.jpg\" class=\"attachment-thumbnail size-thumbnail\" alt=\"\" loading=\"lazy\" srcset=\"http:\/\/hestiafundacion.org\/wp-content\/uploads\/2021\/12\/Hestia-Menorca-60-64-@DecolorFGLaRoda-_19-150x150.jpg 150w, http:\/\/hestiafundacion.org\/wp-content\/uploads\/2021\/12\/Hestia-Menorca-60-64-@DecolorFGLaRoda-_19-570x570.jpg 570w, http:\/\/hestiafundacion.org\/wp-content\/uploads\/2021\/12\/Hestia-Menorca-60-64-@DecolorFGLaRoda-_19-500x500.jpg 500w, http:\/\/hestiafundacion.org\/wp-content\/uploads\/2021\/12\/Hestia-Menorca-60-64-@DecolorFGLaRoda-_19-1000x1000.jpg 1000w\" sizes=\"(max-width: 150px) 100vw, 150px\" \/><\/a>\n\t\t\t<\/dt><\/dl><br style=\"clear: both\" \/><dl class='gallery-item'>\n\t\t\t<dt class='gallery-icon landscape'>\n\t\t\t\t<a href='http:\/\/hestiafundacion.org\/ca\/fundacio-hestia-uneix-a-la-marato-amb-matealestigma-i-decoracio-nadalenca\/hestia-menorca-60-64-decolorfglaroda-_20\/'><img width=\"150\" height=\"150\" src=\"http:\/\/hestiafundacion.org\/wp-content\/uploads\/2021\/12\/Hestia-Menorca-60-64-@DecolorFGLaRoda-_20-150x150.jpg\" class=\"attachment-thumbnail size-thumbnail\" alt=\"\" loading=\"lazy\" srcset=\"http:\/\/hestiafundacion.org\/wp-content\/uploads\/2021\/12\/Hestia-Menorca-60-64-@DecolorFGLaRoda-_20-150x150.jpg 150w, http:\/\/hestiafundacion.org\/wp-content\/uploads\/2021\/12\/Hestia-Menorca-60-64-@DecolorFGLaRoda-_20-570x570.jpg 570w, http:\/\/hestiafundacion.org\/wp-content\/uploads\/2021\/12\/Hestia-Menorca-60-64-@DecolorFGLaRoda-_20-500x500.jpg 500w, http:\/\/hestiafundacion.org\/wp-content\/uploads\/2021\/12\/Hestia-Menorca-60-64-@DecolorFGLaRoda-_20-1000x1000.jpg 1000w\" sizes=\"(max-width: 150px) 100vw, 150px\" \/><\/a>\n\t\t\t<\/dt><\/dl><dl class='gallery-item'>\n\t\t\t<dt class='gallery-icon landscape'>\n\t\t\t\t<a href='http:\/\/hestiafundacion.org\/ca\/fundacio-hestia-uneix-a-la-marato-amb-matealestigma-i-decoracio-nadalenca\/hestia-menorca-60-64-decolorfglaroda-_21\/'><img width=\"150\" height=\"150\" src=\"http:\/\/hestiafundacion.org\/wp-content\/uploads\/2021\/12\/Hestia-Menorca-60-64-@DecolorFGLaRoda-_21-150x150.jpg\" class=\"attachment-thumbnail size-thumbnail\" alt=\"\" loading=\"lazy\" srcset=\"http:\/\/hestiafundacion.org\/wp-content\/uploads\/2021\/12\/Hestia-Menorca-60-64-@DecolorFGLaRoda-_21-150x150.jpg 150w, http:\/\/hestiafundacion.org\/wp-content\/uploads\/2021\/12\/Hestia-Menorca-60-64-@DecolorFGLaRoda-_21-570x570.jpg 570w, http:\/\/hestiafundacion.org\/wp-content\/uploads\/2021\/12\/Hestia-Menorca-60-64-@DecolorFGLaRoda-_21-500x500.jpg 500w, http:\/\/hestiafundacion.org\/wp-content\/uploads\/2021\/12\/Hestia-Menorca-60-64-@DecolorFGLaRoda-_21-1000x1000.jpg 1000w\" sizes=\"(max-width: 150px) 100vw, 150px\" \/><\/a>\n\t\t\t<\/dt><\/dl><dl class='gallery-item'>\n\t\t\t<dt class='gallery-icon landscape'>\n\t\t\t\t<a href='http:\/\/hestiafundacion.org\/ca\/fundacio-hestia-uneix-a-la-marato-amb-matealestigma-i-decoracio-nadalenca\/hestia-menorca-60-64-decolorfglaroda-_29\/'><img width=\"150\" height=\"150\" src=\"http:\/\/hestiafundacion.org\/wp-content\/uploads\/2021\/12\/Hestia-Menorca-60-64-@DecolorFGLaRoda-_29-150x150.jpg\" class=\"attachment-thumbnail size-thumbnail\" alt=\"\" loading=\"lazy\" srcset=\"http:\/\/hestiafundacion.org\/wp-content\/uploads\/2021\/12\/Hestia-Menorca-60-64-@DecolorFGLaRoda-_29-150x150.jpg 150w, http:\/\/hestiafundacion.org\/wp-content\/uploads\/2021\/12\/Hestia-Menorca-60-64-@DecolorFGLaRoda-_29-570x570.jpg 570w, http:\/\/hestiafundacion.org\/wp-content\/uploads\/2021\/12\/Hestia-Menorca-60-64-@DecolorFGLaRoda-_29-500x500.jpg 500w, http:\/\/hestiafundacion.org\/wp-content\/uploads\/2021\/12\/Hestia-Menorca-60-64-@DecolorFGLaRoda-_29-1000x1000.jpg 1000w\" sizes=\"(max-width: 150px) 100vw, 150px\" \/><\/a>\n\t\t\t<\/dt><\/dl><br style=\"clear: both\" \/>\n\t\t<\/div>\n\n","protected":false},"excerpt":{"rendered":"<p>Nosaltres pintem murs per la salut mental, ells els trenquen. Fundaci\u00f3 Hestia i Hestia Menorca \u00a0s&#8217;han sumat a La Marat\u00f3 de TV3 i Catalunya R\u00e0dio dedicada a la seva trentena edici\u00f3 a la salut mental. Les dues entitats han col\u00b7laborat per vincular la seva pintada&#8230;<\/p>\n","protected":false},"author":3,"featured_media":4687,"comment_status":"open","ping_status":"open","sticky":false,"template":"","format":"standard","meta":[],"categories":[210,49,212,30],"tags":[],"_links":{"self":[{"href":"http:\/\/hestiafundacion.org\/ca\/wp-json\/wp\/v2\/posts\/4652\/"}],"collection":[{"href":"http:\/\/hestiafundacion.org\/ca\/wp-json\/wp\/v2\/posts\/"}],"about":[{"href":"http:\/\/hestiafundacion.org\/ca\/wp-json\/wp\/v2\/types\/post\/"}],"author":[{"embeddable":true,"href":"http:\/\/hestiafundacion.org\/ca\/wp-json\/wp\/v2\/users\/3\/"}],"replies":[{"embeddable":true,"href":"http:\/\/hestiafundacion.org\/ca\/wp-json\/wp\/v2\/comments\/?post=4652"}],"version-history":[{"count":5,"href":"http:\/\/hestiafundacion.org\/ca\/wp-json\/wp\/v2\/posts\/4652\/revisions\/"}],"predecessor-version":[{"id":4741,"href":"http:\/\/hestiafundacion.org\/ca\/wp-json\/wp\/v2\/posts\/4652\/revisions\/4741\/"}],"wp:featuredmedia":[{"embeddable":true,"href":"http:\/\/hestiafundacion.org\/ca\/wp-json\/wp\/v2\/media\/4687\/"}],"wp:attachment":[{"href":"http:\/\/hestiafundacion.org\/ca\/wp-json\/wp\/v2\/media\/?parent=4652"}],"wp:term":[{"taxonomy":"category","embeddable":true,"href":"http:\/\/hestiafundacion.org\/ca\/wp-json\/wp\/v2\/categories\/?post=4652"},{"taxonomy":"post_tag","embeddable":true,"href":"http:\/\/hestiafundacion.org\/ca\/wp-json\/wp\/v2\/tags\/?post=4652"}],"curies":[{"name":"wp","href":"https:\/\/api.w.org\/{rel}","templated":true}]}}