{"id":4747,"date":"2022-01-13T18:30:17","date_gmt":"2022-01-13T16:30:17","guid":{"rendered":"http:\/\/hestiafundacion.org\/?p=4747"},"modified":"2022-01-13T20:30:21","modified_gmt":"2022-01-13T18:30:21","slug":"dia-mundial-de-la-lluita-contra-la-depressio-mes-enlla-de-les-paraules","status":"publish","type":"post","link":"http:\/\/hestiafundacion.org\/ca\/dia-mundial-de-la-lluita-contra-la-depressio-mes-enlla-de-les-paraules\/","title":{"rendered":"D\u00eda Mundial de la Lluita contra la Depressi\u00f3: m\u00e9s enll\u00e0 de les paraules"},"content":{"rendered":"<p>M\u00e9s de 300 milions de persones afectades a tot el m\u00f3n, la principal causa de discapacitat i el principal problema de salut mental el 2050, segons l&#8217;<a href=\"https:\/\/www.who.int\/es\/news-room\/fact-sheets\/detail\/depression\">OMS<\/a>. Aquestes s\u00f3n les credencials de la <strong>depressi\u00f3<\/strong>, una malaltia que s&#8217;estima afecta un<strong> 3,8% de la poblaci\u00f3 mundial<\/strong> i que pot causar gran patiment a la persona afectada i alterar-ne les activitats laborals, escolars i familiars, portant-ne, en els casos m\u00e9s greus, al su\u00efcidi.<\/p>\n<p>El 13 de gener \u00e9s el <strong>Dia Mundial de Lluita contra la Depressi\u00f3<\/strong> i l&#8217;efem\u00e8ride se celebra, per segon any consecutiu, en el context d&#8217;una pand\u00e8mia que ha afectat severament el benestar emocional i la salut mental de la poblaci\u00f3, amb un notable increment de casos entre els m\u00e9s joves. I pel que fa a Espanya, amb una de les taxes m\u00e9s baixes de psiquiatres, psic\u00f2legs cl\u00ednics i professionals d&#8217;infermeria de salut mental per habitant d&#8217;Europa.<\/p>\n<p>Per aix\u00f2, es multipliquen les veus, com la de la Societat Espanyola de Psiquiatria, que advoquen per anar m\u00e9s enll\u00e0 de les paraules i <strong>incrementar la inversi\u00f3 destinada a salut mental<\/strong> amb l&#8217;objectiu de reduir llistes d&#8217;espera, augmentar la freq\u00fc\u00e8ncia de les visites i possibilitar l&#8217;acc\u00e9s a diferents recursos i tractaments basats en evid\u00e8ncies, per\u00f2 tamb\u00e9 al m\u00f3n laboral o les pol\u00edtiques de depend\u00e8ncia.<\/p>\n<p><strong>Fundaci\u00f3 Hestia<\/strong> t\u00e9 a la salut mental un dels seus eixos. La seva principal activitat consisteix a millorar la qualitat de vida de les persones amb alta vulnerabilitat social o incapacitades a causa de malalties cr\u00f2niques complexes, depend\u00e8ncia o malalties mentals. L&#8217;impuls de la<a href=\"http:\/\/catedrahestia.uic.es\"> C\u00e0tedra H\u00e8stia<\/a>, la iniciativa de <a href=\"http:\/\/copizza.es\">COpizza della Fondazione<\/a> o el projecte de sensibilitzaci\u00f3 <a href=\"http:\/\/hestiafundacion.org\/ca\/fundacion-hestia-aposta-una-temporada-mes-pel-basquet-menorca-per-seguir-donant-un-matealestigma-per-la-salut-mental\/\">#MatealEstigma<\/a> s\u00f3n algunes de les accions que contribueixen a la lluita contra la depressi\u00f3 i la resta de malalties que minven la qualitat de vida i l&#8217;autonomia de qui les pateix.<\/p>\n","protected":false},"excerpt":{"rendered":"<p>M\u00e9s de 300 milions de persones afectades a tot el m\u00f3n, la principal causa de discapacitat i el principal problema de salut mental el 2050, segons l&#8217;OMS. Aquestes s\u00f3n les credencials de la depressi\u00f3, una malaltia que s&#8217;estima afecta un 3,8% de la poblaci\u00f3 mundial&#8230;<\/p>\n","protected":false},"author":3,"featured_media":4762,"comment_status":"open","ping_status":"open","sticky":false,"template":"","format":"standard","meta":[],"categories":[210,162,194,212,135],"tags":[],"_links":{"self":[{"href":"http:\/\/hestiafundacion.org\/ca\/wp-json\/wp\/v2\/posts\/4747\/"}],"collection":[{"href":"http:\/\/hestiafundacion.org\/ca\/wp-json\/wp\/v2\/posts\/"}],"about":[{"href":"http:\/\/hestiafundacion.org\/ca\/wp-json\/wp\/v2\/types\/post\/"}],"author":[{"embeddable":true,"href":"http:\/\/hestiafundacion.org\/ca\/wp-json\/wp\/v2\/users\/3\/"}],"replies":[{"embeddable":true,"href":"http:\/\/hestiafundacion.org\/ca\/wp-json\/wp\/v2\/comments\/?post=4747"}],"version-history":[{"count":1,"href":"http:\/\/hestiafundacion.org\/ca\/wp-json\/wp\/v2\/posts\/4747\/revisions\/"}],"predecessor-version":[{"id":4748,"href":"http:\/\/hestiafundacion.org\/ca\/wp-json\/wp\/v2\/posts\/4747\/revisions\/4748\/"}],"wp:featuredmedia":[{"embeddable":true,"href":"http:\/\/hestiafundacion.org\/ca\/wp-json\/wp\/v2\/media\/4762\/"}],"wp:attachment":[{"href":"http:\/\/hestiafundacion.org\/ca\/wp-json\/wp\/v2\/media\/?parent=4747"}],"wp:term":[{"taxonomy":"category","embeddable":true,"href":"http:\/\/hestiafundacion.org\/ca\/wp-json\/wp\/v2\/categories\/?post=4747"},{"taxonomy":"post_tag","embeddable":true,"href":"http:\/\/hestiafundacion.org\/ca\/wp-json\/wp\/v2\/tags\/?post=4747"}],"curies":[{"name":"wp","href":"https:\/\/api.w.org\/{rel}","templated":true}]}}