{"id":4823,"date":"2022-02-14T12:41:15","date_gmt":"2022-02-14T10:41:15","guid":{"rendered":"http:\/\/hestiafundacion.org\/?p=4823"},"modified":"2022-03-13T17:57:20","modified_gmt":"2022-03-13T15:57:20","slug":"fundacio-hestia-sha-sumat-al-pacte-pel-clima","status":"publish","type":"post","link":"http:\/\/hestiafundacion.org\/ca\/fundacio-hestia-sha-sumat-al-pacte-pel-clima\/","title":{"rendered":"Fundaci\u00f3 Hestia s&#8217;ha sumat al Pacte pel Clima"},"content":{"rendered":"<p><strong>Fundaci\u00f3 Hestia<\/strong> s&#8217;ha sumat al <a href=\"http:\/\/intranet.fundaciones.org\/EPORTAL_DOCS\/GENERAL\/AEF\/DOC-cw5fb2c13b8e865\/Fundacionesporelclima-Emergenciaclimaticayjusticiasocial-online.pdf\"><strong>Pacte pel clima de les fundacions espanyoles<\/strong><\/a>, una iniciativa de l&#8217;Associaci\u00f3 Espanyola de Fundacions i de la Fundaci\u00f3 Daniel i Nina Carasso que t\u00e9 com a objectiu <strong>incentivar el sector filantr\u00f2pic del nostre pa\u00eds a fer un pas endavant en la acci\u00f3 clim\u00e0tica.<\/strong><\/p>\n<p><img loading=\"lazy\" class=\"alignnone size-full wp-image-4821 alignright\" src=\"http:\/\/hestiafundacion.org\/wp-content\/uploads\/2022\/02\/logo_aef_clima_color_trazo.jpg\" alt=\"\" width=\"350\" height=\"232\" srcset=\"http:\/\/hestiafundacion.org\/wp-content\/uploads\/2022\/02\/logo_aef_clima_color_trazo.jpg 350w, http:\/\/hestiafundacion.org\/wp-content\/uploads\/2022\/02\/logo_aef_clima_color_trazo-300x199.jpg 300w\" sizes=\"(max-width: 350px) 100vw, 350px\" \/><\/p>\n<p><span class=\"JLqJ4b\" data-language-for-alternatives=\"ca\" data-language-to-translate-into=\"es\" data-phrase-index=\"2\" data-number-of-phrases=\"7\">Estructurat en set pilars, el pacte al qual s&#8217;ha adherit la Fundaci\u00f3 Hestia, \u00e9s el document de base per impulsar un moviment d&#8217;acci\u00f3 i conscienciaci\u00f3 que contribueixi a fer que les fundacions activin i promoguin una <strong>lluita activa per enfrontar la crisi clim\u00e0tica i les desigualtats que genera<\/strong>. <\/span><\/p>\n<p><span class=\"JLqJ4b\" data-language-for-alternatives=\"ca\" data-language-to-translate-into=\"es\" data-phrase-index=\"2\" data-number-of-phrases=\"7\">Fins ara, 140 fundacions s&#8217;han sumat a aquest document que marca diverses l\u00ednies d&#8217;acci\u00f3 que cada entitat podr\u00e0 posar en marxa de forma progressiva, segons les seves realitats, potenciant aix\u00ed el moviment\u00a0<strong>#FundacionsPerElClima<\/strong>,\u00a0una iniciativa a escala mundial que es va presentar oficialment en el marc de <a href=\"https:\/\/www.forodemos.com\">#Demos2021.<\/a><\/span><\/p>\n","protected":false},"excerpt":{"rendered":"<p>Fundaci\u00f3 Hestia s&#8217;ha sumat al Pacte pel clima de les fundacions espanyoles, una iniciativa de l&#8217;Associaci\u00f3 Espanyola de Fundacions i de la Fundaci\u00f3 Daniel i Nina Carasso que t\u00e9 com a objectiu incentivar el sector filantr\u00f2pic del nostre pa\u00eds a fer un pas endavant en&#8230;<\/p>\n","protected":false},"author":3,"featured_media":4828,"comment_status":"open","ping_status":"open","sticky":false,"template":"","format":"standard","meta":[],"categories":[218,214,30],"tags":[],"_links":{"self":[{"href":"http:\/\/hestiafundacion.org\/ca\/wp-json\/wp\/v2\/posts\/4823\/"}],"collection":[{"href":"http:\/\/hestiafundacion.org\/ca\/wp-json\/wp\/v2\/posts\/"}],"about":[{"href":"http:\/\/hestiafundacion.org\/ca\/wp-json\/wp\/v2\/types\/post\/"}],"author":[{"embeddable":true,"href":"http:\/\/hestiafundacion.org\/ca\/wp-json\/wp\/v2\/users\/3\/"}],"replies":[{"embeddable":true,"href":"http:\/\/hestiafundacion.org\/ca\/wp-json\/wp\/v2\/comments\/?post=4823"}],"version-history":[{"count":6,"href":"http:\/\/hestiafundacion.org\/ca\/wp-json\/wp\/v2\/posts\/4823\/revisions\/"}],"predecessor-version":[{"id":4905,"href":"http:\/\/hestiafundacion.org\/ca\/wp-json\/wp\/v2\/posts\/4823\/revisions\/4905\/"}],"wp:featuredmedia":[{"embeddable":true,"href":"http:\/\/hestiafundacion.org\/ca\/wp-json\/wp\/v2\/media\/4828\/"}],"wp:attachment":[{"href":"http:\/\/hestiafundacion.org\/ca\/wp-json\/wp\/v2\/media\/?parent=4823"}],"wp:term":[{"taxonomy":"category","embeddable":true,"href":"http:\/\/hestiafundacion.org\/ca\/wp-json\/wp\/v2\/categories\/?post=4823"},{"taxonomy":"post_tag","embeddable":true,"href":"http:\/\/hestiafundacion.org\/ca\/wp-json\/wp\/v2\/tags\/?post=4823"}],"curies":[{"name":"wp","href":"https:\/\/api.w.org\/{rel}","templated":true}]}}