{"id":4842,"date":"2022-02-18T21:30:16","date_gmt":"2022-02-18T19:30:16","guid":{"rendered":"http:\/\/hestiafundacion.org\/?p=4842"},"modified":"2022-02-18T21:37:44","modified_gmt":"2022-02-18T19:37:44","slug":"pablo-suarez-com-mes-bona-salut-fisica-millor-salut-mental-i-viceversa","status":"publish","type":"post","link":"http:\/\/hestiafundacion.org\/ca\/pablo-suarez-com-mes-bona-salut-fisica-millor-salut-mental-i-viceversa\/","title":{"rendered":"Pablo Su\u00e1rez: &#8220;Com m\u00e9s bona salut f\u00edsica, millor salut mental i viceversa&#8221;"},"content":{"rendered":"<p><strong>Pablo Su\u00e1rez Custodio<\/strong> (Madrid, 1999) va incorporar-se el mes de desembre passat a la disciplina de l&#8217;<strong>Hestia Menorc<\/strong>a, club patrocinat per <strong>Fundaci\u00f3 Hestia<\/strong> i impulsor juntament amb aquesta entitat del <strong>#MatealEstigma<\/strong>, un projecte de sensibilitzaci\u00f3 sobre salut mental. L&#8217;\u00faltim fitxatge del club menorqu\u00ed ha esdevingut el primer protagonista de les <strong>Entrevistes #Matealestigma de la temporada 2021-2022<\/strong>.<\/p>\n<p>Els recents posicionaments d&#8217;esportistes d&#8217;elits en relaci\u00f3 amb la salut mental -el m\u00e9s recent i medi\u00e0tic, el de <a href=\"http:\/\/hestiafundacion.org\/ca\/el-matealestigma-de-simone-biles\/\">Simone Biles<\/a> als Jocs Ol\u00edmpics de T\u00f2quio- exemplifiquen per a Su\u00e1rez &#8220;la cara fosca de l&#8217;esport, que no \u00e9s p\u00fablica&#8221;. La<strong> vulnerabilitat<\/strong> que senten els esportistes per recon\u00e8ixer que pateixen una malaltia o trastorn mental i l&#8217;estigma associat explica, segons el base madrileny, la sorpresa que encara generen aquests posicionaments a l&#8217;\u00e0mbit esportiu.<\/p>\n<p>En clau positiva, la <strong>major pres\u00e8ncia dels continguts relacionats amb activitat f\u00edsica i salut mental en plans formatius<\/strong> i de professionals especialitzats en els clubs, la confian\u00e7a que a poc a poc es vagi normalitzant parlar de salut mental i la contribuci\u00f3 que iniciatives com el <strong>#MatealEstigma<\/strong> i entitats com la <strong>Fundaci\u00f3 Hestia<\/strong> tenen en la sensibilitzaci\u00f3 de la poblaci\u00f3. Pots veure l&#8217;entrevista aqu\u00ed:<\/p>\n<p><iframe title=\"YouTube video player\" src=\"https:\/\/www.youtube.com\/embed\/GGP-OKOl45w\" width=\"560\" height=\"315\" frameborder=\"0\" allowfullscreen=\"allowfullscreen\"><\/iframe><\/p>\n","protected":false},"excerpt":{"rendered":"<p>Pablo Su\u00e1rez Custodio (Madrid, 1999) va incorporar-se el mes de desembre passat a la disciplina de l&#8217;Hestia Menorca, club patrocinat per Fundaci\u00f3 Hestia i impulsor juntament amb aquesta entitat del #MatealEstigma, un projecte de sensibilitzaci\u00f3 sobre salut mental. L&#8217;\u00faltim fitxatge del club menorqu\u00ed ha esdevingut&#8230;<\/p>\n","protected":false},"author":3,"featured_media":4847,"comment_status":"open","ping_status":"open","sticky":false,"template":"","format":"standard","meta":[],"categories":[210,211,212,30],"tags":[],"_links":{"self":[{"href":"http:\/\/hestiafundacion.org\/ca\/wp-json\/wp\/v2\/posts\/4842\/"}],"collection":[{"href":"http:\/\/hestiafundacion.org\/ca\/wp-json\/wp\/v2\/posts\/"}],"about":[{"href":"http:\/\/hestiafundacion.org\/ca\/wp-json\/wp\/v2\/types\/post\/"}],"author":[{"embeddable":true,"href":"http:\/\/hestiafundacion.org\/ca\/wp-json\/wp\/v2\/users\/3\/"}],"replies":[{"embeddable":true,"href":"http:\/\/hestiafundacion.org\/ca\/wp-json\/wp\/v2\/comments\/?post=4842"}],"version-history":[{"count":1,"href":"http:\/\/hestiafundacion.org\/ca\/wp-json\/wp\/v2\/posts\/4842\/revisions\/"}],"predecessor-version":[{"id":4843,"href":"http:\/\/hestiafundacion.org\/ca\/wp-json\/wp\/v2\/posts\/4842\/revisions\/4843\/"}],"wp:featuredmedia":[{"embeddable":true,"href":"http:\/\/hestiafundacion.org\/ca\/wp-json\/wp\/v2\/media\/4847\/"}],"wp:attachment":[{"href":"http:\/\/hestiafundacion.org\/ca\/wp-json\/wp\/v2\/media\/?parent=4842"}],"wp:term":[{"taxonomy":"category","embeddable":true,"href":"http:\/\/hestiafundacion.org\/ca\/wp-json\/wp\/v2\/categories\/?post=4842"},{"taxonomy":"post_tag","embeddable":true,"href":"http:\/\/hestiafundacion.org\/ca\/wp-json\/wp\/v2\/tags\/?post=4842"}],"curies":[{"name":"wp","href":"https:\/\/api.w.org\/{rel}","templated":true}]}}