{"id":4923,"date":"2022-03-13T18:23:02","date_gmt":"2022-03-13T16:23:02","guid":{"rendered":"http:\/\/hestiafundacion.org\/?p=4923"},"modified":"2022-03-13T18:23:45","modified_gmt":"2022-03-13T16:23:45","slug":"persones-tutelades-comencen-a-collir-exits-a-lhort-urba-de-fundacio-hestia","status":"publish","type":"post","link":"http:\/\/hestiafundacion.org\/ca\/persones-tutelades-comencen-a-collir-exits-a-lhort-urba-de-fundacio-hestia\/","title":{"rendered":"Persones tutelades comencen a collir \u00e8xits a l&#8217;hort urb\u00e0 de Fundaci\u00f3 Hestia"},"content":{"rendered":"<p>Amb l&#8217;assessorament de persones amb nocions pr\u00e8vies a conrear horts i el &#8220;Manual pr\u00e0ctic de l&#8217;hort ecol\u00f2gic&#8221;, sota el bra\u00e7, tutelats i tutelades han comen\u00e7at a collir \u00e8xits des de la primera sessi\u00f3 de l&#8217;<strong>hort urb\u00e0 de Fundaci\u00f3 Hestia<\/strong>, duta a terme el passat 3 de mar\u00e7, a partir de les 10.30 hores.<\/p>\n<p>Un total de <strong>sis persones tutelades<\/strong>, juntament amb diversos professionals, es van afanyar a <strong>sembrar fruites i verdures<\/strong> com col, br\u00f2quil, enciams, julivert, coriandre, maduixes, roman\u00ed, api, bledes, fonoll, s\u00e0lvia&#8230;, <strong>a m\u00e9s d&#8217;altres plantes<\/strong> per a evitar plagues, com ara lavanda, caputxines i cal\u00e8ndules, conegudes tamb\u00e9 per les seves propietats antiinflamat\u00f2ries.<\/p>\n<p>Aquests participants constitueixen el grup que quedar\u00e0 cada dijous, a la mateixa hora, per fer <strong>el seguiment de l&#8217;hort<\/strong>, els principals objectius del qual s\u00f3n <strong>connectar amb la natura i l&#8217;entorn<\/strong>, desenvolupar el sentit del <strong>comprom\u00eds<\/strong>, la<strong> implicaci\u00f3 i el treball en equip<\/strong>, aix\u00ed com <strong>fomentar la consci\u00e8ncia sobre el medi ambient<\/strong> i la import\u00e0ncia de la problem\u00e0tica mediambiental.<\/p>\n<p>La posada en marxa del projecte d&#8217;hort urb\u00e0 es vincula a la recent<a href=\"http:\/\/hestiafundacion.org\/ca\/fundacio-hestia-sha-sumat-al-pacte-pel-clima\/\"> <strong>adhesi\u00f3 de Fundaci\u00f3 Hestia al Pacte pel clima<\/strong><\/a> de les fundacions espanyoles, una iniciativa de l&#8217;Associaci\u00f3 Espanyola de Fundacions i de la Fundaci\u00f3 Daniel i Nina Carasso que t\u00e9 com a objectiu incentivar el sector filantr\u00f2pic del nostre pa\u00eds a fer un pas decisiu de col\u00b7laboraci\u00f3 en l&#8217;acci\u00f3 clim\u00e0tica.<\/p>\n\n\t\t<style type=\"text\/css\">\n\t\t\t#gallery-1 {\n\t\t\t\tmargin: auto;\n\t\t\t}\n\t\t\t#gallery-1 .gallery-item {\n\t\t\t\tfloat: left;\n\t\t\t\tmargin-top: 10px;\n\t\t\t\ttext-align: center;\n\t\t\t\twidth: 33%;\n\t\t\t}\n\t\t\t#gallery-1 img {\n\t\t\t\tborder: 2px solid #cfcfcf;\n\t\t\t}\n\t\t\t#gallery-1 .gallery-caption {\n\t\t\t\tmargin-left: 0;\n\t\t\t}\n\t\t\t\/* see gallery_shortcode() in wp-includes\/media.php *\/\n\t\t<\/style>\n\t\t<div id='gallery-1' class='gallery galleryid-4923 gallery-columns-3 gallery-size-thumbnail'><dl class='gallery-item'>\n\t\t\t<dt class='gallery-icon portrait'>\n\t\t\t\t<a href='http:\/\/hestiafundacion.org\/ca\/persones-tutelades-comencen-a-collir-exits-a-lhort-urba-de-fundacio-hestia\/img_5128-2\/'><img width=\"150\" height=\"150\" src=\"http:\/\/hestiafundacion.org\/wp-content\/uploads\/2022\/03\/IMG_5128-150x150.jpg\" class=\"attachment-thumbnail size-thumbnail\" alt=\"\" loading=\"lazy\" srcset=\"http:\/\/hestiafundacion.org\/wp-content\/uploads\/2022\/03\/IMG_5128-150x150.jpg 150w, http:\/\/hestiafundacion.org\/wp-content\/uploads\/2022\/03\/IMG_5128-570x570.jpg 570w, http:\/\/hestiafundacion.org\/wp-content\/uploads\/2022\/03\/IMG_5128-500x500.jpg 500w, http:\/\/hestiafundacion.org\/wp-content\/uploads\/2022\/03\/IMG_5128-1000x1000.jpg 1000w\" sizes=\"(max-width: 150px) 100vw, 150px\" \/><\/a>\n\t\t\t<\/dt><\/dl><dl class='gallery-item'>\n\t\t\t<dt class='gallery-icon portrait'>\n\t\t\t\t<a href='http:\/\/hestiafundacion.org\/ca\/persones-tutelades-comencen-a-collir-exits-a-lhort-urba-de-fundacio-hestia\/img_5136-2\/'><img width=\"150\" height=\"150\" src=\"http:\/\/hestiafundacion.org\/wp-content\/uploads\/2022\/03\/IMG_5136-150x150.jpg\" class=\"attachment-thumbnail size-thumbnail\" alt=\"\" loading=\"lazy\" srcset=\"http:\/\/hestiafundacion.org\/wp-content\/uploads\/2022\/03\/IMG_5136-150x150.jpg 150w, http:\/\/hestiafundacion.org\/wp-content\/uploads\/2022\/03\/IMG_5136-570x570.jpg 570w, http:\/\/hestiafundacion.org\/wp-content\/uploads\/2022\/03\/IMG_5136-500x500.jpg 500w, http:\/\/hestiafundacion.org\/wp-content\/uploads\/2022\/03\/IMG_5136-1000x1000.jpg 1000w\" sizes=\"(max-width: 150px) 100vw, 150px\" \/><\/a>\n\t\t\t<\/dt><\/dl><dl class='gallery-item'>\n\t\t\t<dt class='gallery-icon portrait'>\n\t\t\t\t<a href='http:\/\/hestiafundacion.org\/ca\/persones-tutelades-comencen-a-collir-exits-a-lhort-urba-de-fundacio-hestia\/img_5123-2\/'><img width=\"150\" height=\"150\" src=\"http:\/\/hestiafundacion.org\/wp-content\/uploads\/2022\/03\/IMG_5123-150x150.jpg\" class=\"attachment-thumbnail size-thumbnail\" alt=\"\" loading=\"lazy\" srcset=\"http:\/\/hestiafundacion.org\/wp-content\/uploads\/2022\/03\/IMG_5123-150x150.jpg 150w, http:\/\/hestiafundacion.org\/wp-content\/uploads\/2022\/03\/IMG_5123-570x570.jpg 570w, http:\/\/hestiafundacion.org\/wp-content\/uploads\/2022\/03\/IMG_5123-500x500.jpg 500w, http:\/\/hestiafundacion.org\/wp-content\/uploads\/2022\/03\/IMG_5123-1000x1000.jpg 1000w\" sizes=\"(max-width: 150px) 100vw, 150px\" \/><\/a>\n\t\t\t<\/dt><\/dl><br style=\"clear: both\" \/><dl class='gallery-item'>\n\t\t\t<dt class='gallery-icon portrait'>\n\t\t\t\t<a href='http:\/\/hestiafundacion.org\/ca\/persones-tutelades-comencen-a-collir-exits-a-lhort-urba-de-fundacio-hestia\/img_5098-2\/'><img width=\"150\" height=\"150\" src=\"http:\/\/hestiafundacion.org\/wp-content\/uploads\/2022\/03\/IMG_5098-150x150.jpg\" class=\"attachment-thumbnail size-thumbnail\" alt=\"\" loading=\"lazy\" srcset=\"http:\/\/hestiafundacion.org\/wp-content\/uploads\/2022\/03\/IMG_5098-150x150.jpg 150w, http:\/\/hestiafundacion.org\/wp-content\/uploads\/2022\/03\/IMG_5098-570x570.jpg 570w, http:\/\/hestiafundacion.org\/wp-content\/uploads\/2022\/03\/IMG_5098-500x500.jpg 500w, http:\/\/hestiafundacion.org\/wp-content\/uploads\/2022\/03\/IMG_5098-1000x1000.jpg 1000w\" sizes=\"(max-width: 150px) 100vw, 150px\" \/><\/a>\n\t\t\t<\/dt><\/dl><dl class='gallery-item'>\n\t\t\t<dt class='gallery-icon portrait'>\n\t\t\t\t<a href='http:\/\/hestiafundacion.org\/ca\/persones-tutelades-comencen-a-collir-exits-a-lhort-urba-de-fundacio-hestia\/img_5111-2\/'><img width=\"150\" height=\"150\" src=\"http:\/\/hestiafundacion.org\/wp-content\/uploads\/2022\/03\/IMG_5111-150x150.jpg\" class=\"attachment-thumbnail size-thumbnail\" alt=\"\" loading=\"lazy\" srcset=\"http:\/\/hestiafundacion.org\/wp-content\/uploads\/2022\/03\/IMG_5111-150x150.jpg 150w, http:\/\/hestiafundacion.org\/wp-content\/uploads\/2022\/03\/IMG_5111-570x570.jpg 570w, http:\/\/hestiafundacion.org\/wp-content\/uploads\/2022\/03\/IMG_5111-500x500.jpg 500w, http:\/\/hestiafundacion.org\/wp-content\/uploads\/2022\/03\/IMG_5111-1000x1000.jpg 1000w\" sizes=\"(max-width: 150px) 100vw, 150px\" \/><\/a>\n\t\t\t<\/dt><\/dl><dl class='gallery-item'>\n\t\t\t<dt class='gallery-icon portrait'>\n\t\t\t\t<a href='http:\/\/hestiafundacion.org\/ca\/persones-tutelades-comencen-a-collir-exits-a-lhort-urba-de-fundacio-hestia\/img_5112-2\/'><img width=\"150\" height=\"150\" src=\"http:\/\/hestiafundacion.org\/wp-content\/uploads\/2022\/03\/IMG_5112-150x150.jpg\" class=\"attachment-thumbnail size-thumbnail\" alt=\"\" loading=\"lazy\" srcset=\"http:\/\/hestiafundacion.org\/wp-content\/uploads\/2022\/03\/IMG_5112-150x150.jpg 150w, http:\/\/hestiafundacion.org\/wp-content\/uploads\/2022\/03\/IMG_5112-570x570.jpg 570w, http:\/\/hestiafundacion.org\/wp-content\/uploads\/2022\/03\/IMG_5112-500x500.jpg 500w, http:\/\/hestiafundacion.org\/wp-content\/uploads\/2022\/03\/IMG_5112-1000x1000.jpg 1000w\" sizes=\"(max-width: 150px) 100vw, 150px\" \/><\/a>\n\t\t\t<\/dt><\/dl><br style=\"clear: both\" \/>\n\t\t<\/div>\n\n","protected":false},"excerpt":{"rendered":"<p>Amb l&#8217;assessorament de persones amb nocions pr\u00e8vies a conrear horts i el &#8220;Manual pr\u00e0ctic de l&#8217;hort ecol\u00f2gic&#8221;, sota el bra\u00e7, tutelats i tutelades han comen\u00e7at a collir \u00e8xits des de la primera sessi\u00f3 de l&#8217;hort urb\u00e0 de Fundaci\u00f3 Hestia, duta a terme el passat 3&#8230;<\/p>\n","protected":false},"author":3,"featured_media":4909,"comment_status":"open","ping_status":"open","sticky":false,"template":"","format":"standard","meta":[],"categories":[49,218,214],"tags":[],"_links":{"self":[{"href":"http:\/\/hestiafundacion.org\/ca\/wp-json\/wp\/v2\/posts\/4923\/"}],"collection":[{"href":"http:\/\/hestiafundacion.org\/ca\/wp-json\/wp\/v2\/posts\/"}],"about":[{"href":"http:\/\/hestiafundacion.org\/ca\/wp-json\/wp\/v2\/types\/post\/"}],"author":[{"embeddable":true,"href":"http:\/\/hestiafundacion.org\/ca\/wp-json\/wp\/v2\/users\/3\/"}],"replies":[{"embeddable":true,"href":"http:\/\/hestiafundacion.org\/ca\/wp-json\/wp\/v2\/comments\/?post=4923"}],"version-history":[{"count":2,"href":"http:\/\/hestiafundacion.org\/ca\/wp-json\/wp\/v2\/posts\/4923\/revisions\/"}],"predecessor-version":[{"id":4925,"href":"http:\/\/hestiafundacion.org\/ca\/wp-json\/wp\/v2\/posts\/4923\/revisions\/4925\/"}],"wp:featuredmedia":[{"embeddable":true,"href":"http:\/\/hestiafundacion.org\/ca\/wp-json\/wp\/v2\/media\/4909\/"}],"wp:attachment":[{"href":"http:\/\/hestiafundacion.org\/ca\/wp-json\/wp\/v2\/media\/?parent=4923"}],"wp:term":[{"taxonomy":"category","embeddable":true,"href":"http:\/\/hestiafundacion.org\/ca\/wp-json\/wp\/v2\/categories\/?post=4923"},{"taxonomy":"post_tag","embeddable":true,"href":"http:\/\/hestiafundacion.org\/ca\/wp-json\/wp\/v2\/tags\/?post=4923"}],"curies":[{"name":"wp","href":"https:\/\/api.w.org\/{rel}","templated":true}]}}