{"id":4934,"date":"2022-03-18T19:16:29","date_gmt":"2022-03-18T17:16:29","guid":{"rendered":"http:\/\/hestiafundacion.org\/?p=4934"},"modified":"2022-03-31T12:19:05","modified_gmt":"2022-03-31T10:19:05","slug":"acte-de-defensa-dels-projectes-guardonats-en-les-beques-hestia-2020","status":"publish","type":"post","link":"http:\/\/hestiafundacion.org\/ca\/acte-de-defensa-dels-projectes-guardonats-en-les-beques-hestia-2020\/","title":{"rendered":"Acte de defensa dels projectes guardonats en les Beques Hestia 2020"},"content":{"rendered":"<p>Des d&#8217;un model d&#8217;atenci\u00f3 integrat a un programa d&#8217;educaci\u00f3 per a la salut en un centre sociosanitari, passant per la prevenci\u00f3 de caigudes en persones grans, el cribratge del grau de fragilitat o l&#8217;efectivitat d&#8217;un programa multidisciplinari en relaci\u00f3 amb la conducta su\u00efcida.<\/p>\n<p>La <strong>C\u00e0tedra H\u00e8stia en Atenci\u00f3 Integrada Social i Sanit\u00e0ria<\/strong> organitza l&#8217;acte de defensa dels projectes reconeguts a la convocat\u00f2ria de <a href=\"http:\/\/hestiafundacion.org\/ca\/atencio-integral-integrada-i-centrada-en-la-persona-leitmotiv-de-les-beques-i-premis-hestia-2020\/\">Beques Hestia 2020<\/a>. Durant la sessi\u00f3, segons detalla el <a href=\"http:\/\/hestiafundacion.org\/wp-content\/uploads\/2022\/03\/Programa_jornada_defensa_beques_Hestia_CAST.pdf\">programa<\/a>, els investigadors guardonats a la tercera edici\u00f3 presentaran els principals resultats obtinguts amb els seus projectes.<\/p>\n<p>L&#8217;acte es realitz\u00e0\u00a0<strong>en l\u00ednia<\/strong>, el passat\u00a0<strong>23 de mar\u00e7, <\/strong>\u00a0i pots veure&#8217;l aqu\u00ed:<br \/>\n<iframe title=\"YouTube video player\" src=\"https:\/\/www.youtube.com\/embed\/eMPHUjgwkkQ\" width=\"560\" height=\"315\" frameborder=\"0\" allowfullscreen=\"allowfullscreen\"><\/iframe><\/p>\n<p><strong>C\u00e0tedra Hestia<\/strong><\/p>\n<p>La C\u00e0tedra Hestia \u00e9s una iniciativa impulsada per la <strong>Fundaci\u00f3 Hestia<\/strong> i la <strong>Universitat Internacional de Catalunya<\/strong> amb l&#8217;objectiu de <strong>sensibilitzar la societat respecte a l&#8217;augment de persones amb un gran nombre de necessitats socials i sanit\u00e0ries cr\u00f2niques complexes.<\/strong><\/p>\n<p>Promoure la investigaci\u00f3 i la innovaci\u00f3 en l&#8217;atenci\u00f3 d&#8217;aquestes persones \u00e9s una de les l\u00ednies d&#8217;acci\u00f3, motiu pel qual es convoquen anualment <strong>Beques i Premis Hestia<\/strong>. A la tercera edici\u00f3, les Beques de Recerca Hestia van suscitar l&#8217;inter\u00e8s d&#8217;un centenar d&#8217;investigadors, que van presentar 41 projectes, dels quals van ser premiats els sis que es defensaran en aquest acte.<\/p>\n","protected":false},"excerpt":{"rendered":"<p>Des d&#8217;un model d&#8217;atenci\u00f3 integrat a un programa d&#8217;educaci\u00f3 per a la salut en un centre sociosanitari, passant per la prevenci\u00f3 de caigudes en persones grans, el cribratge del grau de fragilitat o l&#8217;efectivitat d&#8217;un programa multidisciplinari en relaci\u00f3 amb la conducta su\u00efcida. La C\u00e0tedra&#8230;<\/p>\n","protected":false},"author":3,"featured_media":4941,"comment_status":"open","ping_status":"open","sticky":false,"template":"","format":"standard","meta":[],"categories":[151,39,162],"tags":[],"_links":{"self":[{"href":"http:\/\/hestiafundacion.org\/ca\/wp-json\/wp\/v2\/posts\/4934\/"}],"collection":[{"href":"http:\/\/hestiafundacion.org\/ca\/wp-json\/wp\/v2\/posts\/"}],"about":[{"href":"http:\/\/hestiafundacion.org\/ca\/wp-json\/wp\/v2\/types\/post\/"}],"author":[{"embeddable":true,"href":"http:\/\/hestiafundacion.org\/ca\/wp-json\/wp\/v2\/users\/3\/"}],"replies":[{"embeddable":true,"href":"http:\/\/hestiafundacion.org\/ca\/wp-json\/wp\/v2\/comments\/?post=4934"}],"version-history":[{"count":3,"href":"http:\/\/hestiafundacion.org\/ca\/wp-json\/wp\/v2\/posts\/4934\/revisions\/"}],"predecessor-version":[{"id":4948,"href":"http:\/\/hestiafundacion.org\/ca\/wp-json\/wp\/v2\/posts\/4934\/revisions\/4948\/"}],"wp:featuredmedia":[{"embeddable":true,"href":"http:\/\/hestiafundacion.org\/ca\/wp-json\/wp\/v2\/media\/4941\/"}],"wp:attachment":[{"href":"http:\/\/hestiafundacion.org\/ca\/wp-json\/wp\/v2\/media\/?parent=4934"}],"wp:term":[{"taxonomy":"category","embeddable":true,"href":"http:\/\/hestiafundacion.org\/ca\/wp-json\/wp\/v2\/categories\/?post=4934"},{"taxonomy":"post_tag","embeddable":true,"href":"http:\/\/hestiafundacion.org\/ca\/wp-json\/wp\/v2\/tags\/?post=4934"}],"curies":[{"name":"wp","href":"https:\/\/api.w.org\/{rel}","templated":true}]}}