{"id":5239,"date":"2022-09-04T07:21:14","date_gmt":"2022-09-04T05:21:14","guid":{"rendered":"http:\/\/hestiafundacion.org\/?p=5239"},"modified":"2022-09-04T07:21:14","modified_gmt":"2022-09-04T05:21:14","slug":"hestia-menorca-comenca-la-pretemporada-amb-el-torneig-ciutat-de-mao","status":"publish","type":"post","link":"http:\/\/hestiafundacion.org\/ca\/hestia-menorca-comenca-la-pretemporada-amb-el-torneig-ciutat-de-mao\/","title":{"rendered":"Hestia Menorca comen\u00e7a la pretemporada amb el torneig &#8220;Ciutat de Ma\u00f3&#8221;"},"content":{"rendered":"<p><strong>Hestia Menorca<\/strong>, equip patrocinat per la <strong>Fundaci\u00f3 Hestia<\/strong>, comen\u00e7ar\u00e0 la pretemporada 2022\/2023 amb el torneig <strong>&#8220;Ciutat de Ma\u00f3&#8221;<\/strong>. Acompanyaran l&#8217;equip equip menorqu\u00ed, B\u00e0squet Girona, BAXI Manresa i Gran Can\u00e0ria en un torneig que, per segon any consecutiu, permetr\u00e0 socis i aficionats tornar a gaudir de b\u00e0squet ACB i captar les primeres sensacions de l&#8217;equip configurat per Javier Zamora.<\/p>\n<p>El <a href=\"https:\/\/basquetmenorca.com\/2022\/08\/03\/hestia-menorca-comenzara-su-pretemporada-con-el-torneo-ciutat-de-mao\/\"><strong>&#8220;Ciutat de Ma\u00f3&#8221;<\/strong><\/a> se celebrar\u00e0 els dies 10 i 11 de setembre, en el marc de les festes de la Verge de Gr\u00e0cia de Ma\u00f3. Els equips s&#8217;enfrontaran dissabte, 10 de setembre, a semifinals (Gran Can\u00e0ria vs. B\u00e0squet Girona, a les 18.00 hores i Hestia Menorca vs. BAXI Manresa, 20.30 hores), i el diumenge, 11 de setembre, per el tercer\/quart lloc, a les 18.00 hores, i la final, a les 20.30 hores.<\/p>\n<p>El torneo compta amb el suport de Turisme de Menorca, Consell Insular de Menorca, Ajuntament de Ma\u00f3, Menorca, illa de l\u2019Esport, Energ\u00eda Menorca, <a href=\"http:\/\/copizza.es\">Copizza<\/a>, Antonio Cabot, V\u00edper, Fibralink i Medea Motor. Les entrades ja s&#8217;han posat a la venda i el Club ultima els preparatius pel torneig.<\/p>\n<p><strong>#MatealEstigma, des del 2018 donant visibilitat a la salut mental des de l&#8217;esport<\/strong><\/p>\n<p>Aquesta \u00e9s la cinquena temporada en qu\u00e8 <strong>Hestia Menorca<\/strong> i <strong>Fundaci\u00f3 Hestia<\/strong> col\u00b7laboraran per impulsar el #MatealEstigma, un projecte sobre activitat f\u00edsica i salut mental, pioner a sensibilitzar sobre l&#8217;estigma de la salut mental al m\u00f3n de l&#8217;esport i en la societat en general, i orientat tamb\u00e9 a promocionar l&#8217;esport com a instrument de millora de la salut mental i afavorir la integraci\u00f3 social de col\u00b7lectius amb malaltia mental greu.<\/p>\n<p>Tot i la pand\u00e8mia, \u00a0en les quatre primeres temporades de patrocini, m\u00e9s de 1.200 persones amb malaltia mental i les seves fam\u00edlies han estat convidades a <strong>gaudir de partits de LEB Plata<\/strong>, gaireb\u00e9 un miler de persones han participat a les <strong>xerrades i pintades #MatealEstigma<\/strong>, s&#8217;ha col\u00b7laborat a l&#8217;organitzaci\u00f3 de les dues edicions de les Jornades de Salut Mental de Menorca, a m\u00e9s d&#8217;elaborar-se diferents continguts al\u00b7lusius al projecte.<\/p>\n","protected":false},"excerpt":{"rendered":"<p>Hestia Menorca, equip patrocinat per la Fundaci\u00f3 Hestia, comen\u00e7ar\u00e0 la pretemporada 2022\/2023 amb el torneig &#8220;Ciutat de Ma\u00f3&#8221;. Acompanyaran l&#8217;equip equip menorqu\u00ed, B\u00e0squet Girona, BAXI Manresa i Gran Can\u00e0ria en un torneig que, per segon any consecutiu, permetr\u00e0 socis i aficionats tornar a gaudir de&#8230;<\/p>\n","protected":false},"author":3,"featured_media":5240,"comment_status":"open","ping_status":"open","sticky":false,"template":"","format":"standard","meta":[],"categories":[210,129,211,212,135],"tags":[],"_links":{"self":[{"href":"http:\/\/hestiafundacion.org\/ca\/wp-json\/wp\/v2\/posts\/5239\/"}],"collection":[{"href":"http:\/\/hestiafundacion.org\/ca\/wp-json\/wp\/v2\/posts\/"}],"about":[{"href":"http:\/\/hestiafundacion.org\/ca\/wp-json\/wp\/v2\/types\/post\/"}],"author":[{"embeddable":true,"href":"http:\/\/hestiafundacion.org\/ca\/wp-json\/wp\/v2\/users\/3\/"}],"replies":[{"embeddable":true,"href":"http:\/\/hestiafundacion.org\/ca\/wp-json\/wp\/v2\/comments\/?post=5239"}],"version-history":[{"count":1,"href":"http:\/\/hestiafundacion.org\/ca\/wp-json\/wp\/v2\/posts\/5239\/revisions\/"}],"predecessor-version":[{"id":5242,"href":"http:\/\/hestiafundacion.org\/ca\/wp-json\/wp\/v2\/posts\/5239\/revisions\/5242\/"}],"wp:featuredmedia":[{"embeddable":true,"href":"http:\/\/hestiafundacion.org\/ca\/wp-json\/wp\/v2\/media\/5240\/"}],"wp:attachment":[{"href":"http:\/\/hestiafundacion.org\/ca\/wp-json\/wp\/v2\/media\/?parent=5239"}],"wp:term":[{"taxonomy":"category","embeddable":true,"href":"http:\/\/hestiafundacion.org\/ca\/wp-json\/wp\/v2\/categories\/?post=5239"},{"taxonomy":"post_tag","embeddable":true,"href":"http:\/\/hestiafundacion.org\/ca\/wp-json\/wp\/v2\/tags\/?post=5239"}],"curies":[{"name":"wp","href":"https:\/\/api.w.org\/{rel}","templated":true}]}}