{"id":5264,"date":"2022-09-19T20:38:47","date_gmt":"2022-09-19T18:38:47","guid":{"rendered":"http:\/\/hestiafundacion.org\/?p=5264"},"modified":"2022-09-19T20:44:07","modified_gmt":"2022-09-19T18:44:07","slug":"fundacio-hestia-protagonista-de-ciutat-solidaria-donda-cero-catalunya","status":"publish","type":"post","link":"http:\/\/hestiafundacion.org\/ca\/fundacio-hestia-protagonista-de-ciutat-solidaria-donda-cero-catalunya\/","title":{"rendered":"Fundaci\u00f3 Hestia, protagonista de &#8216;Ciutat Solid\u00e0ria&#8217; d&#8217;Onda Cero Catalunya"},"content":{"rendered":"<p>La <strong>Fundaci\u00f3 H\u00e8stia<\/strong> en les tasques de protecci\u00f3, innovaci\u00f3 i sensibilitzaci\u00f3 ha estat protagonista de &#8216;Ciutat Solid\u00e0ria&#8217;, l&#8217;espai patrocinat per Zona Franca que el programa &#8216;La Ciutat&#8217; d&#8217;Onda Cero Catalunya que condueix Miriam Franch dedica a entitats socials. La <strong>doctora Susana Subir\u00e0, directora de la Fundaci\u00f3<\/strong>, va ser l&#8217;encarregada de desgranar per als oients del programa les diferents accions que impulsa aquesta organitzaci\u00f3 resultant de la uni\u00f3 de la Fundaci\u00f3 Sociosanit\u00e0ria de Barcelona i de la Fundaci\u00f3 Santa Maria, i vinculada com aquestes a Hestia Alliance.<\/p>\n<p>&#8220;Va sorgir perqu\u00e8 el grup <a href=\"http:\/\/hestiaalliance.org\"><strong>Hestia Alliance<\/strong> <\/a>estava atenent des del punt de vista sanitari persones en envelliment o malaltia mental i vam pensar que una tasca que ens venia de gust i vol\u00edem fer era la de cuidar o tutelar persones que realment eren molt vulnerables i que no tenien capacitat d&#8217;autonomia per fer-ho. Comencem fa <strong>25 anys<\/strong> i amb el pas del temps ha anat creixent i hem tingut <strong>300 persones tutelades<\/strong> en tot aquest per\u00edode&#8221;, va explicar la doctora Subir\u00e0 en relaci\u00f3 amb una de les \u00e0rees m\u00e9s destacades de <strong>Fundaci\u00f3n Hestia<\/strong>, la de assist\u00e8ncia, que d\u00f3na cobertura actualment a 150 persones tutelades.<\/p>\n<p>A m\u00e9s de detallar el funcionament d&#8217;aquesta \u00e0rea, la directora de la Fundaci\u00f3 es va referir durant l&#8217;entrevista a altres l\u00ednies de treball com el projecte #MatealEstigma que s&#8217;impulsa juntament amb l&#8217;Hestia Menorca, el Menjador Social del barri de Gr\u00e0cia de Barcelona, Treballs en Beneficis de la Comunitat en col\u00b7laboraci\u00f3 amb el Departament de Just\u00edcia, i el suport a la investigaci\u00f3 i la innovaci\u00f3 a trav\u00e9s de la <a href=\"http:\/\/catedrahestia.uic.es\">C\u00e0tedra H\u00e8stia<\/a>. Aix\u00ed mateix, la doctora Subir\u00e0 va presentar <a href=\"http:\/\/copizza.es\">COpizza<\/a>, una de les iniciatives en qu\u00e8 s&#8217;est\u00e0 treballant els darrers mesos, amb l&#8217;objectiu de facilitar la inserci\u00f3 sociolaboral a persones amb malaltia mental.<\/p>\n<p>Pots escoltar l&#8217;entrevista completa a &#8216;<a href=\"https:\/\/www.ondacero.es\/emisoras\/catalunya\/audios-podcast\/ciutat-solidaria\/fundacio-hestia-protegir-assistir-persones-grans-amb-malaties-mentals_20220906631732c71d9fe00001c78a8f.html\">Ciutat Solid\u00e0ria&#8217;.<\/a><\/p>\n","protected":false},"excerpt":{"rendered":"<p>La Fundaci\u00f3 H\u00e8stia en les tasques de protecci\u00f3, innovaci\u00f3 i sensibilitzaci\u00f3 ha estat protagonista de &#8216;Ciutat Solid\u00e0ria&#8217;, l&#8217;espai patrocinat per Zona Franca que el programa &#8216;La Ciutat&#8217; d&#8217;Onda Cero Catalunya que condueix Miriam Franch dedica a entitats socials. La doctora Susana Subir\u00e0, directora de la&#8230;<\/p>\n","protected":false},"author":3,"featured_media":5263,"comment_status":"open","ping_status":"open","sticky":false,"template":"","format":"standard","meta":[],"categories":[210,49,162,195,30],"tags":[],"_links":{"self":[{"href":"http:\/\/hestiafundacion.org\/ca\/wp-json\/wp\/v2\/posts\/5264\/"}],"collection":[{"href":"http:\/\/hestiafundacion.org\/ca\/wp-json\/wp\/v2\/posts\/"}],"about":[{"href":"http:\/\/hestiafundacion.org\/ca\/wp-json\/wp\/v2\/types\/post\/"}],"author":[{"embeddable":true,"href":"http:\/\/hestiafundacion.org\/ca\/wp-json\/wp\/v2\/users\/3\/"}],"replies":[{"embeddable":true,"href":"http:\/\/hestiafundacion.org\/ca\/wp-json\/wp\/v2\/comments\/?post=5264"}],"version-history":[{"count":2,"href":"http:\/\/hestiafundacion.org\/ca\/wp-json\/wp\/v2\/posts\/5264\/revisions\/"}],"predecessor-version":[{"id":5266,"href":"http:\/\/hestiafundacion.org\/ca\/wp-json\/wp\/v2\/posts\/5264\/revisions\/5266\/"}],"wp:featuredmedia":[{"embeddable":true,"href":"http:\/\/hestiafundacion.org\/ca\/wp-json\/wp\/v2\/media\/5263\/"}],"wp:attachment":[{"href":"http:\/\/hestiafundacion.org\/ca\/wp-json\/wp\/v2\/media\/?parent=5264"}],"wp:term":[{"taxonomy":"category","embeddable":true,"href":"http:\/\/hestiafundacion.org\/ca\/wp-json\/wp\/v2\/categories\/?post=5264"},{"taxonomy":"post_tag","embeddable":true,"href":"http:\/\/hestiafundacion.org\/ca\/wp-json\/wp\/v2\/tags\/?post=5264"}],"curies":[{"name":"wp","href":"https:\/\/api.w.org\/{rel}","templated":true}]}}