{"id":5513,"date":"2022-12-10T21:07:47","date_gmt":"2022-12-10T19:07:47","guid":{"rendered":"http:\/\/hestiafundacion.org\/?p=5513"},"modified":"2023-01-01T21:10:05","modified_gmt":"2023-01-01T19:10:05","slug":"la-fundacio-hestia-i-el-diari-ara-organitzen-un-concert-solidari-de-nadal","status":"publish","type":"post","link":"http:\/\/hestiafundacion.org\/ca\/la-fundacio-hestia-i-el-diari-ara-organitzen-un-concert-solidari-de-nadal\/","title":{"rendered":"La Fundaci\u00f3 Hestia i el diari ARA organitzen un Concert Solidari de Nadal"},"content":{"rendered":"<div class=\"blog_single blog_holder\">\n<article id=\"post-5485\" class=\"post-5485 post type-post status-publish format-standard has-post-thumbnail hentry category-sensibilizacion category-solidaridad\">\n<div class=\"post_content_holder\">\n<div class=\"post_text\">\n<div class=\"post_text_inner\">\n<p>La <strong>Fundaci\u00f3 H\u00e8stia i el Diari ARA<\/strong> organitzen un concert solidari de Nadal el proper 21 de desembre a l&#8217;Auditori de Barcelona, a partir de les 20 hores. L&#8217;Orquestra Simf\u00f2nica del Vall\u00e8s interpretar\u00e0 grans \u00e8xits del pop i el rock, en un recital amb beneficis aniran destinats a l&#8217;entitat Amics de la Gent Gran i al Menjador Social de la Fundaci\u00f3 Hestia, al barri de Gr\u00e0cia de Barcelona.<\/p>\n<p><img loading=\"lazy\" class=\"alignnone size-large wp-image-5499 aligncenter\" src=\"http:\/\/hestiafundacion.org\/wp-content\/uploads\/2022\/12\/nadalrgb-776x1024.jpg\" sizes=\"(max-width: 776px) 100vw, 776px\" srcset=\"http:\/\/hestiafundacion.org\/wp-content\/uploads\/2022\/12\/nadalrgb-776x1024.jpg 776w, http:\/\/hestiafundacion.org\/wp-content\/uploads\/2022\/12\/nadalrgb-227x300.jpg 227w, http:\/\/hestiafundacion.org\/wp-content\/uploads\/2022\/12\/nadalrgb-768x1013.jpg 768w, http:\/\/hestiafundacion.org\/wp-content\/uploads\/2022\/12\/nadalrgb-700x923.jpg 700w, http:\/\/hestiafundacion.org\/wp-content\/uploads\/2022\/12\/nadalrgb.jpg 800w\" alt=\"\" width=\"776\" height=\"1024\" \/><\/p>\n<\/div>\n<p>Versions de Queen, U2, Pink Floyd, Beatles, Elvis Presley, Donna Summer, ABBA i Gloria Gaynor en m\u00fasica simf\u00f2nica integren el programa que interpretar\u00e0 l&#8217;<strong>Orquestra Simf\u00f2nica del Vall\u00e8s<\/strong>, dirigida per Rub\u00e9n Gimeno. Els amants de la m\u00fasica gaudiran escoltant temes com <em>Bohemian Rhapsody<\/em>, <em>Another brick in the wall<\/em>, <em>I still haven&#8217;t found what I&#8217;m looking for, Can&#8217;t help falling in love with you, I will survive<\/em> o <em>Smoke on the water<\/em>, entre d&#8217;altres llegendaris himnes.<\/p>\n<p>Les entrades ja es poden adquirir clicant en aquest enlla\u00e7. Fundaci\u00f3 Hestia i Diari ARA animen tots els amants de la m\u00fasica a omplir l&#8217;Auditori el proper dia 21.<\/p>\n<p><iframe title=\"YouTube video player\" src=\"https:\/\/www.youtube.com\/embed\/Atkb-fJBHE8\" width=\"560\" height=\"315\" frameborder=\"0\" allowfullscreen=\"allowfullscreen\"><\/iframe><\/p>\n<p><strong>Iniciatives solid\u00e0ries<\/strong><\/p>\n<p>El Concert Solidari de Nadal del proper 21 de desembre \u00e9s el primer d&#8217;aquestes caracter\u00edstiques organitzat per la Fundaci\u00f3 Hestia, que ha comptat amb la complicitat del Diari ARA en aquesta ocasi\u00f3. Aquesta iniciativa solid\u00e0ria se suma a les dues edicions del Partit de Futbol Solidari amb qu\u00e8 la Fundaci\u00f3 s&#8217;ha sumat a la celebraci\u00f3 de #GivingTuesday el 2021 i el 2022.<\/p>\n<div class=\"post_text_inner\"><\/div>\n<\/div>\n<\/div>\n<\/article>\n<\/div>\n<div id=\"comments\" class=\"comment_holder clearfix\">\n<div class=\"comment_number\">\n<div class=\"comment_number_inner\"><\/div>\n<\/div>\n<\/div>\n","protected":false},"excerpt":{"rendered":"<p>La Fundaci\u00f3 H\u00e8stia i el Diari ARA organitzen un concert solidari de Nadal el proper 21 de desembre a l&#8217;Auditori de Barcelona, a partir de les 20 hores. L&#8217;Orquestra Simf\u00f2nica del Vall\u00e8s interpretar\u00e0 grans \u00e8xits del pop i el rock, en un recital amb beneficis&#8230;<\/p>\n","protected":false},"author":3,"featured_media":5497,"comment_status":"open","ping_status":"open","sticky":false,"template":"","format":"standard","meta":[],"categories":[219,30,223],"tags":[229,230,231],"_links":{"self":[{"href":"http:\/\/hestiafundacion.org\/ca\/wp-json\/wp\/v2\/posts\/5513\/"}],"collection":[{"href":"http:\/\/hestiafundacion.org\/ca\/wp-json\/wp\/v2\/posts\/"}],"about":[{"href":"http:\/\/hestiafundacion.org\/ca\/wp-json\/wp\/v2\/types\/post\/"}],"author":[{"embeddable":true,"href":"http:\/\/hestiafundacion.org\/ca\/wp-json\/wp\/v2\/users\/3\/"}],"replies":[{"embeddable":true,"href":"http:\/\/hestiafundacion.org\/ca\/wp-json\/wp\/v2\/comments\/?post=5513"}],"version-history":[{"count":2,"href":"http:\/\/hestiafundacion.org\/ca\/wp-json\/wp\/v2\/posts\/5513\/revisions\/"}],"predecessor-version":[{"id":5566,"href":"http:\/\/hestiafundacion.org\/ca\/wp-json\/wp\/v2\/posts\/5513\/revisions\/5566\/"}],"wp:featuredmedia":[{"embeddable":true,"href":"http:\/\/hestiafundacion.org\/ca\/wp-json\/wp\/v2\/media\/5497\/"}],"wp:attachment":[{"href":"http:\/\/hestiafundacion.org\/ca\/wp-json\/wp\/v2\/media\/?parent=5513"}],"wp:term":[{"taxonomy":"category","embeddable":true,"href":"http:\/\/hestiafundacion.org\/ca\/wp-json\/wp\/v2\/categories\/?post=5513"},{"taxonomy":"post_tag","embeddable":true,"href":"http:\/\/hestiafundacion.org\/ca\/wp-json\/wp\/v2\/tags\/?post=5513"}],"curies":[{"name":"wp","href":"https:\/\/api.w.org\/{rel}","templated":true}]}}