{"id":5563,"date":"2023-01-01T20:59:33","date_gmt":"2023-01-01T18:59:33","guid":{"rendered":"http:\/\/hestiafundacion.org\/?p=5563"},"modified":"2023-01-01T20:59:33","modified_gmt":"2023-01-01T18:59:33","slug":"la-cianotipia-solidaria-de-fundacio-hestia","status":"publish","type":"post","link":"http:\/\/hestiafundacion.org\/ca\/la-cianotipia-solidaria-de-fundacio-hestia\/","title":{"rendered":"La cianotipia solid\u00e0ria de Fundaci\u00f3 Hestia"},"content":{"rendered":"<p>Noves t\u00e8cniques i materials, noves viv\u00e8ncies i un objectiu com\u00fa, recaptar fons per a una causa ben\u00e8fica. Usuaris de <strong>Fundaci\u00f3 Hestia<\/strong> han sortit al carrer per vendre articles artesanals creats per ells mateixos. Els dies elegits van ser el 16, el 22 i el 23 de desembre, quan els usuaris es van apostar a la delegaci\u00f3 que la Fundaci\u00f3 t\u00e9 a la pla\u00e7a Karl Marx de Barcelona, i en dos centres, Hestia Gr\u00e0cia i Hestia Palau, per convertir-se en venedors improvisats.<\/p>\n<p>Aquests moments de venda van suposar la culminaci\u00f3 d&#8217;un dels tallers que la Fundaci\u00f3 Hestia programa habitualment amb els seus usuaris a fi de <strong>generar punts de trobada, integraci\u00f3 i socialitzaci\u00f3, i de promoure l&#8217;aprenentatge de la utilitzaci\u00f3 manual de nous materials<\/strong>. En aquesta ocasi\u00f3, el taller era de cianot\u00edpia i va ser supervisat per M\u00f2nica, qui va ensenyar la t\u00e8cnica als usuaris, ajudant-los amb les creacions artesanals posades a la venda.<\/p>\n\n\t\t<style type=\"text\/css\">\n\t\t\t#gallery-1 {\n\t\t\t\tmargin: auto;\n\t\t\t}\n\t\t\t#gallery-1 .gallery-item {\n\t\t\t\tfloat: left;\n\t\t\t\tmargin-top: 10px;\n\t\t\t\ttext-align: center;\n\t\t\t\twidth: 50%;\n\t\t\t}\n\t\t\t#gallery-1 img {\n\t\t\t\tborder: 2px solid #cfcfcf;\n\t\t\t}\n\t\t\t#gallery-1 .gallery-caption {\n\t\t\t\tmargin-left: 0;\n\t\t\t}\n\t\t\t\/* see gallery_shortcode() in wp-includes\/media.php *\/\n\t\t<\/style>\n\t\t<div id='gallery-1' class='gallery galleryid-5563 gallery-columns-2 gallery-size-medium'><dl class='gallery-item'>\n\t\t\t<dt class='gallery-icon landscape'>\n\t\t\t\t<a href='http:\/\/hestiafundacion.org\/ca\/la-cianotipia-solidaria-de-fundacio-hestia\/captura-de-pantalla-2023-01-01-a-les-19-41-40-2\/'><img width=\"300\" height=\"151\" src=\"http:\/\/hestiafundacion.org\/wp-content\/uploads\/2023\/01\/Captura-de-pantalla-2023-01-01-a-les-19.41.40-300x151.png\" class=\"attachment-medium size-medium\" alt=\"\" loading=\"lazy\" srcset=\"http:\/\/hestiafundacion.org\/wp-content\/uploads\/2023\/01\/Captura-de-pantalla-2023-01-01-a-les-19.41.40-300x151.png 300w, http:\/\/hestiafundacion.org\/wp-content\/uploads\/2023\/01\/Captura-de-pantalla-2023-01-01-a-les-19.41.40.png 693w\" sizes=\"(max-width: 300px) 100vw, 300px\" \/><\/a>\n\t\t\t<\/dt><\/dl><dl class='gallery-item'>\n\t\t\t<dt class='gallery-icon landscape'>\n\t\t\t\t<a href='http:\/\/hestiafundacion.org\/ca\/la-cianotipia-solidaria-de-fundacio-hestia\/captura-de-pantalla-2023-01-01-a-les-19-41-14-2\/'><img width=\"300\" height=\"151\" src=\"http:\/\/hestiafundacion.org\/wp-content\/uploads\/2023\/01\/Captura-de-pantalla-2023-01-01-a-les-19.41.14-300x151.png\" class=\"attachment-medium size-medium\" alt=\"\" loading=\"lazy\" srcset=\"http:\/\/hestiafundacion.org\/wp-content\/uploads\/2023\/01\/Captura-de-pantalla-2023-01-01-a-les-19.41.14-300x151.png 300w, http:\/\/hestiafundacion.org\/wp-content\/uploads\/2023\/01\/Captura-de-pantalla-2023-01-01-a-les-19.41.14.png 693w\" sizes=\"(max-width: 300px) 100vw, 300px\" \/><\/a>\n\t\t\t<\/dt><\/dl><br style=\"clear: both\" \/>\n\t\t<\/div>\n\n<p>La <strong>cianot\u00edpia<\/strong> es considera la primera t\u00e8cnica fotogr\u00e0fica, posada en pr\u00e0ctica per la bot\u00e0nica Anna Atkins, que va publicar els primers llibres de bot\u00e0nica amb &#8220;fotografia&#8221;. S&#8217;efectua emulsionant amb citrat d&#8217;amoni i ferrocianur de potassi una superf\u00edcie, sobre la qual es col\u00b7loquen objectes o negatius que, posteriorment, s&#8217;exposen a la llum solar. Les parts cobertes romandran blanques i les que queden exposades al sol, en canvi, quedaran de color blau cian, per aix\u00f2 el nom d&#8217;aquesta t\u00e8cnica.<\/p>\n<p>Guiats per <strong>M\u00f2nica<\/strong>, els participants al taller es van esfor\u00e7ar per dominar la t\u00e8cnica i amb dedicaci\u00f3 i per\u00edcia singulars objectes de decoraci\u00f3 i pr\u00e0ctiques bosses de tela i petites llibretes van anar integrant l&#8217;estoc que els usuaris de la Fundaci\u00f3 van treure a la venda, una activitat que, per a alguns, no era f\u00e0cil. &#8220;Pensava que em faria m\u00e9s vergonya vendre a la parada per\u00f2 m&#8217;ha acabat agradant, he aconseguit cinc vendes en un mat\u00ed&#8221;, explicava un d&#8217;ells.<\/p>\n\n\t\t<style type=\"text\/css\">\n\t\t\t#gallery-2 {\n\t\t\t\tmargin: auto;\n\t\t\t}\n\t\t\t#gallery-2 .gallery-item {\n\t\t\t\tfloat: left;\n\t\t\t\tmargin-top: 10px;\n\t\t\t\ttext-align: center;\n\t\t\t\twidth: 33%;\n\t\t\t}\n\t\t\t#gallery-2 img {\n\t\t\t\tborder: 2px solid #cfcfcf;\n\t\t\t}\n\t\t\t#gallery-2 .gallery-caption {\n\t\t\t\tmargin-left: 0;\n\t\t\t}\n\t\t\t\/* see gallery_shortcode() in wp-includes\/media.php *\/\n\t\t<\/style>\n\t\t<div id='gallery-2' class='gallery galleryid-5563 gallery-columns-3 gallery-size-medium'><dl class='gallery-item'>\n\t\t\t<dt class='gallery-icon portrait'>\n\t\t\t\t<a href='http:\/\/hestiafundacion.org\/ca\/la-cianotipia-solidaria-de-fundacio-hestia\/img_6368-2\/'><img width=\"225\" height=\"300\" src=\"http:\/\/hestiafundacion.org\/wp-content\/uploads\/2023\/01\/IMG_6368-225x300.jpg\" class=\"attachment-medium size-medium\" alt=\"\" loading=\"lazy\" srcset=\"http:\/\/hestiafundacion.org\/wp-content\/uploads\/2023\/01\/IMG_6368-225x300.jpg 225w, http:\/\/hestiafundacion.org\/wp-content\/uploads\/2023\/01\/IMG_6368-768x1024.jpg 768w, http:\/\/hestiafundacion.org\/wp-content\/uploads\/2023\/01\/IMG_6368-1152x1536.jpg 1152w, http:\/\/hestiafundacion.org\/wp-content\/uploads\/2023\/01\/IMG_6368-1536x2048.jpg 1536w, http:\/\/hestiafundacion.org\/wp-content\/uploads\/2023\/01\/IMG_6368-600x800.jpg 600w, http:\/\/hestiafundacion.org\/wp-content\/uploads\/2023\/01\/IMG_6368-700x933.jpg 700w, http:\/\/hestiafundacion.org\/wp-content\/uploads\/2023\/01\/IMG_6368-scaled.jpg 1920w\" sizes=\"(max-width: 225px) 100vw, 225px\" \/><\/a>\n\t\t\t<\/dt><\/dl><dl class='gallery-item'>\n\t\t\t<dt class='gallery-icon portrait'>\n\t\t\t\t<a href='http:\/\/hestiafundacion.org\/ca\/la-cianotipia-solidaria-de-fundacio-hestia\/img_6361-2\/'><img width=\"225\" height=\"300\" src=\"http:\/\/hestiafundacion.org\/wp-content\/uploads\/2023\/01\/IMG_6361-225x300.jpg\" class=\"attachment-medium size-medium\" alt=\"\" loading=\"lazy\" srcset=\"http:\/\/hestiafundacion.org\/wp-content\/uploads\/2023\/01\/IMG_6361-225x300.jpg 225w, http:\/\/hestiafundacion.org\/wp-content\/uploads\/2023\/01\/IMG_6361-768x1024.jpg 768w, http:\/\/hestiafundacion.org\/wp-content\/uploads\/2023\/01\/IMG_6361-1152x1536.jpg 1152w, http:\/\/hestiafundacion.org\/wp-content\/uploads\/2023\/01\/IMG_6361-1536x2048.jpg 1536w, http:\/\/hestiafundacion.org\/wp-content\/uploads\/2023\/01\/IMG_6361-600x800.jpg 600w, http:\/\/hestiafundacion.org\/wp-content\/uploads\/2023\/01\/IMG_6361-700x933.jpg 700w, http:\/\/hestiafundacion.org\/wp-content\/uploads\/2023\/01\/IMG_6361-scaled.jpg 1920w\" sizes=\"(max-width: 225px) 100vw, 225px\" \/><\/a>\n\t\t\t<\/dt><\/dl><dl class='gallery-item'>\n\t\t\t<dt class='gallery-icon portrait'>\n\t\t\t\t<a href='http:\/\/hestiafundacion.org\/ca\/la-cianotipia-solidaria-de-fundacio-hestia\/img_6360-2\/'><img width=\"225\" height=\"300\" src=\"http:\/\/hestiafundacion.org\/wp-content\/uploads\/2023\/01\/IMG_6360-225x300.jpg\" class=\"attachment-medium size-medium\" alt=\"\" loading=\"lazy\" srcset=\"http:\/\/hestiafundacion.org\/wp-content\/uploads\/2023\/01\/IMG_6360-225x300.jpg 225w, http:\/\/hestiafundacion.org\/wp-content\/uploads\/2023\/01\/IMG_6360-768x1024.jpg 768w, http:\/\/hestiafundacion.org\/wp-content\/uploads\/2023\/01\/IMG_6360-1152x1536.jpg 1152w, http:\/\/hestiafundacion.org\/wp-content\/uploads\/2023\/01\/IMG_6360-1536x2048.jpg 1536w, http:\/\/hestiafundacion.org\/wp-content\/uploads\/2023\/01\/IMG_6360-600x800.jpg 600w, http:\/\/hestiafundacion.org\/wp-content\/uploads\/2023\/01\/IMG_6360-700x933.jpg 700w, http:\/\/hestiafundacion.org\/wp-content\/uploads\/2023\/01\/IMG_6360-scaled.jpg 1920w\" sizes=\"(max-width: 225px) 100vw, 225px\" \/><\/a>\n\t\t\t<\/dt><\/dl><br style=\"clear: both\" \/>\n\t\t<\/div>\n\n<p>Amb aquesta iniciativa, Fundaci\u00f3 Hestia tanca brillantment les festes nadalenques de l&#8217;any del seu 25\u00e8 aniversari, en qu\u00e8, a m\u00e9s de celebrar-se el tradicional <a href=\"http:\/\/hestiafundacion.org\/ca\/fundacio-hestia-celebra-el-nadal-i-dona-la-benvinguda-a-2023-amb-usuaris-i-professionals\/\">dinar de Nadal<\/a>, s&#8217;ha organitzat juntament amb el Diari ARA un <strong>Concert Solidari<\/strong> que va reunir m\u00e9s de 1.300 persones a l&#8217;Auditori de Barcelona.<\/p>\n","protected":false},"excerpt":{"rendered":"<p>Noves t\u00e8cniques i materials, noves viv\u00e8ncies i un objectiu com\u00fa, recaptar fons per a una causa ben\u00e8fica. Usuaris de Fundaci\u00f3 Hestia han sortit al carrer per vendre articles artesanals creats per ells mateixos. Els dies elegits van ser el 16, el 22 i el 23&#8230;<\/p>\n","protected":false},"author":3,"featured_media":5560,"comment_status":"open","ping_status":"open","sticky":false,"template":"","format":"standard","meta":[],"categories":[49,203,223],"tags":[227,228,51],"_links":{"self":[{"href":"http:\/\/hestiafundacion.org\/ca\/wp-json\/wp\/v2\/posts\/5563\/"}],"collection":[{"href":"http:\/\/hestiafundacion.org\/ca\/wp-json\/wp\/v2\/posts\/"}],"about":[{"href":"http:\/\/hestiafundacion.org\/ca\/wp-json\/wp\/v2\/types\/post\/"}],"author":[{"embeddable":true,"href":"http:\/\/hestiafundacion.org\/ca\/wp-json\/wp\/v2\/users\/3\/"}],"replies":[{"embeddable":true,"href":"http:\/\/hestiafundacion.org\/ca\/wp-json\/wp\/v2\/comments\/?post=5563"}],"version-history":[{"count":1,"href":"http:\/\/hestiafundacion.org\/ca\/wp-json\/wp\/v2\/posts\/5563\/revisions\/"}],"predecessor-version":[{"id":5564,"href":"http:\/\/hestiafundacion.org\/ca\/wp-json\/wp\/v2\/posts\/5563\/revisions\/5564\/"}],"wp:featuredmedia":[{"embeddable":true,"href":"http:\/\/hestiafundacion.org\/ca\/wp-json\/wp\/v2\/media\/5560\/"}],"wp:attachment":[{"href":"http:\/\/hestiafundacion.org\/ca\/wp-json\/wp\/v2\/media\/?parent=5563"}],"wp:term":[{"taxonomy":"category","embeddable":true,"href":"http:\/\/hestiafundacion.org\/ca\/wp-json\/wp\/v2\/categories\/?post=5563"},{"taxonomy":"post_tag","embeddable":true,"href":"http:\/\/hestiafundacion.org\/ca\/wp-json\/wp\/v2\/tags\/?post=5563"}],"curies":[{"name":"wp","href":"https:\/\/api.w.org\/{rel}","templated":true}]}}