{"id":5603,"date":"2023-01-14T19:04:39","date_gmt":"2023-01-14T17:04:39","guid":{"rendered":"http:\/\/hestiafundacion.org\/?p=5603"},"modified":"2023-02-07T21:10:48","modified_gmt":"2023-02-07T19:10:48","slug":"fundacio-hestia-presenta-el-seu-pla-dactivitats-de-lleure-2023","status":"publish","type":"post","link":"http:\/\/hestiafundacion.org\/ca\/fundacio-hestia-presenta-el-seu-pla-dactivitats-de-lleure-2023\/","title":{"rendered":"Fundaci\u00f3 Hestia presenta el seu pla d&#8217;activitats de lleure 2023"},"content":{"rendered":"<p>Una sortida a la neu, visites al Museu del FC Barcelona o al Mirador de la Torre Gl\u00f2ries o els tallers de Sant Jordi, Festes de Gr\u00e0cia, Castanyada o Nadal s\u00f3n algunes de les propostes incloses al <strong>Pla d&#8217;activitats de lleure 2023<\/strong>. La seva presentaci\u00f3 va tenir lloc el dijous 12 de gener, entre les 10.30 i les 13 hores, a les sales de reunions de <strong>Fundaci\u00f3 Hestia<\/strong> amb l&#8217;assist\u00e8ncia de 40 persones usu\u00e0ries i sis professionals.<\/p>\n<p>La trobada va permetre iniciar l&#8217;any de manera conjunta coneixent de primera m\u00e0 les activitats programades, a m\u00e9s de facilitar un espai perqu\u00e8 els usuaris puguin <strong>compartir les seves inquietuds<\/strong> i es treballi amb ells en el seu comprom\u00eds quan decideixen a quines voldran assistir-hi. <em>\u00abVull apuntar-me a totes les activitats que ha proposat, sobretot la de la sortida a la neu i la del Tibidabo\u00bb<\/em>, afirmava Jordi, un dels usuaris en apreciar com d&#8217;atractives eren les activitats que integren el pla.<\/p>\n<p>Aquesta presentaci\u00f3 va tenir lloc gaireb\u00e9 en paral\u00b7lel amb la realitzada per <a href=\"http:\/\/hestiafundacion.org\/ca\/usuaris-de-fundacio-hestia-assisteixen-a-la-presentacio-dactivitas-dapropa-cultura\/\">ApropaCultura<\/a> a l&#8217;Auditori de Barcelona, a la qual van assistir tamb\u00e9 usuaris i professionals de la Fundaci\u00f3 Hestia, la qual cosa els permetr\u00e0, si aix\u00ed ho desitgen, ampliar el programa propi d&#8217;activitats, que es va posar en marxa amb la sortida a Setcases de gener.<\/p>\n<p><img loading=\"lazy\" class=\"alignnone size-large wp-image-5599\" src=\"http:\/\/hestiafundacion.org\/wp-content\/uploads\/2023\/02\/TRIPTIC-BLANC-2-1024x724.png\" alt=\"\" width=\"1024\" height=\"724\" srcset=\"http:\/\/hestiafundacion.org\/wp-content\/uploads\/2023\/02\/TRIPTIC-BLANC-2-1024x724.png 1024w, http:\/\/hestiafundacion.org\/wp-content\/uploads\/2023\/02\/TRIPTIC-BLANC-2-300x212.png 300w, http:\/\/hestiafundacion.org\/wp-content\/uploads\/2023\/02\/TRIPTIC-BLANC-2-768x543.png 768w, http:\/\/hestiafundacion.org\/wp-content\/uploads\/2023\/02\/TRIPTIC-BLANC-2-1536x1086.png 1536w, http:\/\/hestiafundacion.org\/wp-content\/uploads\/2023\/02\/TRIPTIC-BLANC-2-700x495.png 700w, http:\/\/hestiafundacion.org\/wp-content\/uploads\/2023\/02\/TRIPTIC-BLANC-2.png 2000w\" sizes=\"(max-width: 1024px) 100vw, 1024px\" \/><\/p>\n<div class=\"QcsUad BDJ8fb BLojaf\">\n<div class=\"XL3Kf\">\n<div class=\"a8FIud X0rvP L6rCcb\">\n<div data-show-delay-ms=\"250\" data-append-to-body=\"false\" data-propagate-tooltip-mouseover-events=\"true\" data-anchor-corner=\"bottom-end\" data-enable-skip-handler=\"false\" data-popup-corner=\"top-end\">\n<div><span class=\"ryNqvb\">El pla d&#8217;activitats de lleure \u00e9s una pe\u00e7a clau en la tasca d&#8217;acompanyament que fa l&#8217;<strong>equip tutelar de la Fundaci\u00f3 Hestia.<\/strong><\/span> <span class=\"ryNqvb\">Comprometre&#8217;s a participar en accions que suposen diversi\u00f3 i aprenentatge, compartir viv\u00e8ncies diferents i interactuar amb l&#8217;entorn contribueix al benestar i la promoci\u00f3 de l&#8217;autonomia de les persones tutelades.<\/span> <span class=\"ryNqvb\">Per als professionals que els acompanyen, aquestes activitats suposen una oportunitat de treballar eines i habilitats en uns contextos diferents del que emmarca el dia a dia.<\/span><\/div>\n<\/div>\n<\/div>\n<\/div>\n<\/div>\n","protected":false},"excerpt":{"rendered":"<p>Una sortida a la neu, visites al Museu del FC Barcelona o al Mirador de la Torre Gl\u00f2ries o els tallers de Sant Jordi, Festes de Gr\u00e0cia, Castanyada o Nadal s\u00f3n algunes de les propostes incloses al Pla d&#8217;activitats de lleure 2023. La seva presentaci\u00f3&#8230;<\/p>\n","protected":false},"author":3,"featured_media":5601,"comment_status":"open","ping_status":"open","sticky":false,"template":"","format":"standard","meta":[],"categories":[49],"tags":[234,233],"_links":{"self":[{"href":"http:\/\/hestiafundacion.org\/ca\/wp-json\/wp\/v2\/posts\/5603\/"}],"collection":[{"href":"http:\/\/hestiafundacion.org\/ca\/wp-json\/wp\/v2\/posts\/"}],"about":[{"href":"http:\/\/hestiafundacion.org\/ca\/wp-json\/wp\/v2\/types\/post\/"}],"author":[{"embeddable":true,"href":"http:\/\/hestiafundacion.org\/ca\/wp-json\/wp\/v2\/users\/3\/"}],"replies":[{"embeddable":true,"href":"http:\/\/hestiafundacion.org\/ca\/wp-json\/wp\/v2\/comments\/?post=5603"}],"version-history":[{"count":4,"href":"http:\/\/hestiafundacion.org\/ca\/wp-json\/wp\/v2\/posts\/5603\/revisions\/"}],"predecessor-version":[{"id":5612,"href":"http:\/\/hestiafundacion.org\/ca\/wp-json\/wp\/v2\/posts\/5603\/revisions\/5612\/"}],"wp:featuredmedia":[{"embeddable":true,"href":"http:\/\/hestiafundacion.org\/ca\/wp-json\/wp\/v2\/media\/5601\/"}],"wp:attachment":[{"href":"http:\/\/hestiafundacion.org\/ca\/wp-json\/wp\/v2\/media\/?parent=5603"}],"wp:term":[{"taxonomy":"category","embeddable":true,"href":"http:\/\/hestiafundacion.org\/ca\/wp-json\/wp\/v2\/categories\/?post=5603"},{"taxonomy":"post_tag","embeddable":true,"href":"http:\/\/hestiafundacion.org\/ca\/wp-json\/wp\/v2\/tags\/?post=5603"}],"curies":[{"name":"wp","href":"https:\/\/api.w.org\/{rel}","templated":true}]}}