{"id":5618,"date":"2023-02-20T11:13:54","date_gmt":"2023-02-20T09:13:54","guid":{"rendered":"http:\/\/hestiafundacion.org\/?p=5618"},"modified":"2023-02-20T11:21:50","modified_gmt":"2023-02-20T09:21:50","slug":"dues-idees-vinculades-a-fundacio-hestia-finalistes-de-xoriguer-ideadores-de-menorca-2023","status":"publish","type":"post","link":"http:\/\/hestiafundacion.org\/ca\/dues-idees-vinculades-a-fundacio-hestia-finalistes-de-xoriguer-ideadores-de-menorca-2023\/","title":{"rendered":"Dues idees vinculades a Fundaci\u00f3 Hestia, finalistes de Xoriguer Ideadores de Menorca 2023"},"content":{"rendered":"<p>Dues idees vinculades a <strong>Fundaci\u00f3 Hestia<\/strong>&#8211; el curtmetratge &#8220;#MatealEstigma, b\u00e0squet, salut mental i integraci\u00f3&#8221; i un concert solidari de m\u00fasica menorquina- han quedat finalistes a <strong>Xoriguer Ideadors de Menorca 2023<\/strong>, una iniciativa amb qu\u00e8 Destil\u00b7leries Xoriguer implica en la definici\u00f3 de responsabilitat corporativa als clients de la marca i la societat menorquina. La convocat\u00f2ria va arrencar el 17 de gener passat amb la presentaci\u00f3 d&#8217;idees per part de persones o entitats vinculades amb Menorca, on radica Destiler\u00edas Xoriguer, organitzadora d&#8217;aquest certamen.<\/p>\n<p>Des de la Fundaci\u00f3 Hestia, el seu director de Desenvolupament Corporatiu, Diego Segura, va presentar una proposta per celebrar en un <strong>concert solidari de m\u00fasica menorquina<\/strong> amb motiu del Dia Mundial de la Salut Mental, mentre que #MatealEstigma, projecte de sensibilitzaci\u00f3 sobre activitat f\u00edsica i salut mental vinculat al patrocini de l&#8217;Hestia Menorca, s&#8217;ha colat a la convocat\u00f2ria amb una idea de <strong>curtmetratge<\/strong> que pret\u00e9n explicar com una de les accions del projecte &#8211; promoure l&#8217;assist\u00e8ncia a partits de persones vinculades a dispositius de salut mental &#8211; ha contribu\u00eft a la creaci\u00f3 d&#8217;un grup de lleure natural.<\/p>\n<p>Juntament amb aquestes dues, vuit idees m\u00e9s, s&#8217;han colat en la <a href=\"https:\/\/xoriguer.es\/xoriguer-ideadores-de-menorca-ya-ha-seleccionado-las-diez-ideas-finalistas-de-su-tercera-edicion\/\">final de Xoriguer Ideadors de Menorca<\/a>, despr\u00e9s d&#8217;una primera votaci\u00f3 del Jurat que est\u00e0 esperant la fase de participaci\u00f3 p\u00fablica per acabar de definir el repartiment de la dotaci\u00f3 destinada a aquesta tercera edici\u00f3, que incorpora, a m\u00e9s, un premi especial per sumar-se a la commemoraci\u00f3 del 40\u00e8 aniversari de l&#8217;Estatut de les Illes Balears. La fase de participaci\u00f3 ja ha comen\u00e7at amb la difusi\u00f3 dels projectes i les votacions tindran lloc els propers 23, 24 i 25 de febrer.<\/p>\n<p>Animem a totes les persones relacionades amb Fundaci\u00f3 Hestia a donar like a les nostres idees i votar una d&#8217;elles a la <a href=\"https:\/\/xoriguer.es\/ideadores\/\">web de la convocat\u00f2ria.<\/a><\/p>\n","protected":false},"excerpt":{"rendered":"<p>Dues idees vinculades a Fundaci\u00f3 Hestia&#8211; el curtmetratge &#8220;#MatealEstigma, b\u00e0squet, salut mental i integraci\u00f3&#8221; i un concert solidari de m\u00fasica menorquina- han quedat finalistes a Xoriguer Ideadors de Menorca 2023, una iniciativa amb qu\u00e8 Destil\u00b7leries Xoriguer implica en la definici\u00f3 de responsabilitat corporativa als clients&#8230;<\/p>\n","protected":false},"author":3,"featured_media":5624,"comment_status":"open","ping_status":"open","sticky":false,"template":"","format":"standard","meta":[],"categories":[210,49,30,223],"tags":[],"_links":{"self":[{"href":"http:\/\/hestiafundacion.org\/ca\/wp-json\/wp\/v2\/posts\/5618\/"}],"collection":[{"href":"http:\/\/hestiafundacion.org\/ca\/wp-json\/wp\/v2\/posts\/"}],"about":[{"href":"http:\/\/hestiafundacion.org\/ca\/wp-json\/wp\/v2\/types\/post\/"}],"author":[{"embeddable":true,"href":"http:\/\/hestiafundacion.org\/ca\/wp-json\/wp\/v2\/users\/3\/"}],"replies":[{"embeddable":true,"href":"http:\/\/hestiafundacion.org\/ca\/wp-json\/wp\/v2\/comments\/?post=5618"}],"version-history":[{"count":2,"href":"http:\/\/hestiafundacion.org\/ca\/wp-json\/wp\/v2\/posts\/5618\/revisions\/"}],"predecessor-version":[{"id":5623,"href":"http:\/\/hestiafundacion.org\/ca\/wp-json\/wp\/v2\/posts\/5618\/revisions\/5623\/"}],"wp:featuredmedia":[{"embeddable":true,"href":"http:\/\/hestiafundacion.org\/ca\/wp-json\/wp\/v2\/media\/5624\/"}],"wp:attachment":[{"href":"http:\/\/hestiafundacion.org\/ca\/wp-json\/wp\/v2\/media\/?parent=5618"}],"wp:term":[{"taxonomy":"category","embeddable":true,"href":"http:\/\/hestiafundacion.org\/ca\/wp-json\/wp\/v2\/categories\/?post=5618"},{"taxonomy":"post_tag","embeddable":true,"href":"http:\/\/hestiafundacion.org\/ca\/wp-json\/wp\/v2\/tags\/?post=5618"}],"curies":[{"name":"wp","href":"https:\/\/api.w.org\/{rel}","templated":true}]}}