{"id":5736,"date":"2023-05-22T18:24:56","date_gmt":"2023-05-22T16:24:56","guid":{"rendered":"http:\/\/hestiafundacion.org\/?p=5736"},"modified":"2023-05-22T18:42:13","modified_gmt":"2023-05-22T16:42:13","slug":"hestia-menorca-es-equip-de-leb-or","status":"publish","type":"post","link":"http:\/\/hestiafundacion.org\/ca\/hestia-menorca-es-equip-de-leb-or\/","title":{"rendered":"Hestia Menorca \u00e9s equip de LEB Or"},"content":{"rendered":"<p><strong>Hestia Menorca<\/strong>, l&#8217;equip patrocinat per la<strong> Fundaci\u00f3 Hestia<\/strong>, va celebrar aquest dissabte el seu ascens a LEB Oro, la segona categoria del b\u00e0squet espanyol. La promoci\u00f3 es va certificar el dissabte 20 de maig, despr\u00e9s d&#8217;un intens partit contra Rioverde Clavijo, marcat per l&#8217;extraordinari ambient d&#8217;un Pavell\u00f3 Menorca ple fins a la bandera -5.000 persones van assistir al xoc- i la duresa defensiva i el coratge que els dos equips van fer desplegar a la pista.<\/p>\n<p>Els menorquins han realitzat una fase d&#8217;ascens impecable, guanyant tots els partits que han disputat, i van jugar el xoc definitiu davant l&#8217;equip de Logronyo, a qui havien tret vuit punts d&#8217;avantatge al partit d&#8217;anada de semifinals. Despr\u00e9s de la conclusi\u00f3 del partit, <a href=\"https:\/\/twitter.com\/BasquetMenorca\/status\/1660254108622946304?s=20\">l&#8217;alegria es va desbordar al pavell\u00f3<\/a> i les felicitacions al Club pel projecte esportiu i social, amb <strong>#MatealEstigma<\/strong> com a acci\u00f3 destacada, han arribat de desenes de persones, empreses i institucions de tot Espanya.<\/p>\n<p><strong>Hestia Menorca i #MatealEstigma<\/strong><\/p>\n<p>La relaci\u00f3 entre Fundaci\u00f3 Hestia i Club B\u00e0squet Menorca es remunta al juliol del 2018 quan les dues entitats van subscriure un acord de patrocini pel qual la primera contribu\u00efa a la sostenibilitat del Club, i totes dues impulsaven conjuntament el projecte de sensibilitzaci\u00f3 sobre salut mental <strong>#MatealEstigma.<\/strong> Des de llavors prop de 3.000 persones, clubs i associacions han participat de diferents iniciatives vinculades a aquest projecte.<\/p>\n<p><img loading=\"lazy\" class=\"alignnone size-full wp-image-5734\" src=\"http:\/\/hestiafundacion.org\/wp-content\/uploads\/2023\/05\/Captura-de-pantalla-2023-05-22-a-les-18.12.13.png\" alt=\"\" width=\"908\" height=\"634\" srcset=\"http:\/\/hestiafundacion.org\/wp-content\/uploads\/2023\/05\/Captura-de-pantalla-2023-05-22-a-les-18.12.13.png 908w, http:\/\/hestiafundacion.org\/wp-content\/uploads\/2023\/05\/Captura-de-pantalla-2023-05-22-a-les-18.12.13-300x209.png 300w, http:\/\/hestiafundacion.org\/wp-content\/uploads\/2023\/05\/Captura-de-pantalla-2023-05-22-a-les-18.12.13-768x536.png 768w, http:\/\/hestiafundacion.org\/wp-content\/uploads\/2023\/05\/Captura-de-pantalla-2023-05-22-a-les-18.12.13-700x489.png 700w\" sizes=\"(max-width: 908px) 100vw, 908px\" \/><\/p>\n","protected":false},"excerpt":{"rendered":"<p>Hestia Menorca, l&#8217;equip patrocinat per la Fundaci\u00f3 Hestia, va celebrar aquest dissabte el seu ascens a LEB Oro, la segona categoria del b\u00e0squet espanyol. La promoci\u00f3 es va certificar el dissabte 20 de maig, despr\u00e9s d&#8217;un intens partit contra Rioverde Clavijo, marcat per l&#8217;extraordinari ambient&#8230;<\/p>\n","protected":false},"author":3,"featured_media":5744,"comment_status":"open","ping_status":"open","sticky":false,"template":"","format":"standard","meta":[],"categories":[210,129,211,212,30],"tags":[],"_links":{"self":[{"href":"http:\/\/hestiafundacion.org\/ca\/wp-json\/wp\/v2\/posts\/5736\/"}],"collection":[{"href":"http:\/\/hestiafundacion.org\/ca\/wp-json\/wp\/v2\/posts\/"}],"about":[{"href":"http:\/\/hestiafundacion.org\/ca\/wp-json\/wp\/v2\/types\/post\/"}],"author":[{"embeddable":true,"href":"http:\/\/hestiafundacion.org\/ca\/wp-json\/wp\/v2\/users\/3\/"}],"replies":[{"embeddable":true,"href":"http:\/\/hestiafundacion.org\/ca\/wp-json\/wp\/v2\/comments\/?post=5736"}],"version-history":[{"count":1,"href":"http:\/\/hestiafundacion.org\/ca\/wp-json\/wp\/v2\/posts\/5736\/revisions\/"}],"predecessor-version":[{"id":5741,"href":"http:\/\/hestiafundacion.org\/ca\/wp-json\/wp\/v2\/posts\/5736\/revisions\/5741\/"}],"wp:featuredmedia":[{"embeddable":true,"href":"http:\/\/hestiafundacion.org\/ca\/wp-json\/wp\/v2\/media\/5744\/"}],"wp:attachment":[{"href":"http:\/\/hestiafundacion.org\/ca\/wp-json\/wp\/v2\/media\/?parent=5736"}],"wp:term":[{"taxonomy":"category","embeddable":true,"href":"http:\/\/hestiafundacion.org\/ca\/wp-json\/wp\/v2\/categories\/?post=5736"},{"taxonomy":"post_tag","embeddable":true,"href":"http:\/\/hestiafundacion.org\/ca\/wp-json\/wp\/v2\/tags\/?post=5736"}],"curies":[{"name":"wp","href":"https:\/\/api.w.org\/{rel}","templated":true}]}}