{"id":5812,"date":"2023-07-19T16:59:53","date_gmt":"2023-07-19T14:59:53","guid":{"rendered":"http:\/\/hestiafundacion.org\/?p=5812"},"modified":"2023-07-19T17:00:29","modified_gmt":"2023-07-19T15:00:29","slug":"copizzacasa-modena-sinstal%c2%b7la-a-girona-per-consolidar-el-creixement","status":"publish","type":"post","link":"http:\/\/hestiafundacion.org\/ca\/copizzacasa-modena-sinstal%c2%b7la-a-girona-per-consolidar-el-creixement\/","title":{"rendered":"COpizza&#038;Casa Modena s&#8217;instal\u00b7la a Girona per consolidar el creixement"},"content":{"rendered":"<p><strong>Fundaci\u00f3 Hestia<\/strong> fa una passa m\u00e9s en el seu projecte de<strong> COpizza.<\/strong> L&#8217;entitat ha traslladat la producci\u00f3 de les seves &#8216;m\u00e9s que pizzes artesanes&#8217; a Riudellots de la Selva, Girona, a unes instal\u00b7lacions de Casa Modena que tripliquen la superf\u00edcie de qu\u00e8 Fundaci\u00f3 disposava a Sant Bo\u00ef de Llobregat.<\/p>\n<p>El trasllat permet, com a m\u00ednim, duplicar la <strong>capacitat productiva<\/strong>, a m\u00e9s d&#8217;assumir <strong>projectes de R+d alineades amb les noves tend\u00e8ncies de mercat relacionades amb proximitat, sostenibilitat i h\u00e0bits de vida saludable. <\/strong>Tot aix\u00f2, \u00a0enriquit amb la incorporaci\u00f3 de <strong>noves marques<\/strong> &#8211; Casa Modena, Maestra di Modena, La Tavola- i d&#8217;un nou equip liderat per Bruno Cesena.<\/p>\n<p>\u00ab\u00c9s per mi un orgull poder liderar aquest projecte on el treball en equip i la innovaci\u00f3 seran claus com a palanca de creixement i consolidaci\u00f3 de marca, sense perdre l&#8217;enfocament en els valors de la Fundaci\u00f3 que tots i cadascun de nosaltres tindrem molt presents a la nostra feina di\u00e0ria\u00bb, sost\u00e9 el director general de<strong> COpizza&amp;CasaModena.<\/strong><\/p>\n<p><strong>COpizza&amp;Casa M\u00f2dena, molt m\u00e9s que pizzes artesanes<\/strong><\/p>\n<p>COpizza&amp;Casa Modena \u00e9s una iniciativa de <strong>Fundaci\u00f3 Hestia<\/strong>, orientada a oferir a clients i consumidors productes de gran qualitat amb el valor afegit de destinar-se els beneficis obtinguts a projectes de sensibilitzaci\u00f3 i integraci\u00f3 a l&#8217;\u00e0mbit de la salut mental.<\/p>\n<p>La iniciativa es va posar en marxa a l&#8217;octubre de 2020, iniciant el seu cam\u00ed comercial a <strong>Menorca<\/strong> a l&#8217;abril de l&#8217;any seg\u00fcent, i ha comptat amb la col\u00b7laboraci\u00f3 d&#8217;<strong>Hestia Menorca<\/strong>, equip de b\u00e0squet del qual <strong>Fundaci\u00f3 Hestia<\/strong> \u00e9s patrocinador principal i amb el qual impulsa el projecte de sensibilitzaci\u00f3 <strong>#MatealEstigma.<\/strong><\/p>\n","protected":false},"excerpt":{"rendered":"<p>Fundaci\u00f3 Hestia fa una passa m\u00e9s en el seu projecte de COpizza. L&#8217;entitat ha traslladat la producci\u00f3 de les seves &#8216;m\u00e9s que pizzes artesanes&#8217; a Riudellots de la Selva, Girona, a unes instal\u00b7lacions de Casa Modena que tripliquen la superf\u00edcie de qu\u00e8 Fundaci\u00f3 disposava a&#8230;<\/p>\n","protected":false},"author":3,"featured_media":5815,"comment_status":"open","ping_status":"open","sticky":false,"template":"","format":"standard","meta":[],"categories":[32,210,48,220,212,135,30],"tags":[],"_links":{"self":[{"href":"http:\/\/hestiafundacion.org\/ca\/wp-json\/wp\/v2\/posts\/5812\/"}],"collection":[{"href":"http:\/\/hestiafundacion.org\/ca\/wp-json\/wp\/v2\/posts\/"}],"about":[{"href":"http:\/\/hestiafundacion.org\/ca\/wp-json\/wp\/v2\/types\/post\/"}],"author":[{"embeddable":true,"href":"http:\/\/hestiafundacion.org\/ca\/wp-json\/wp\/v2\/users\/3\/"}],"replies":[{"embeddable":true,"href":"http:\/\/hestiafundacion.org\/ca\/wp-json\/wp\/v2\/comments\/?post=5812"}],"version-history":[{"count":2,"href":"http:\/\/hestiafundacion.org\/ca\/wp-json\/wp\/v2\/posts\/5812\/revisions\/"}],"predecessor-version":[{"id":5817,"href":"http:\/\/hestiafundacion.org\/ca\/wp-json\/wp\/v2\/posts\/5812\/revisions\/5817\/"}],"wp:featuredmedia":[{"embeddable":true,"href":"http:\/\/hestiafundacion.org\/ca\/wp-json\/wp\/v2\/media\/5815\/"}],"wp:attachment":[{"href":"http:\/\/hestiafundacion.org\/ca\/wp-json\/wp\/v2\/media\/?parent=5812"}],"wp:term":[{"taxonomy":"category","embeddable":true,"href":"http:\/\/hestiafundacion.org\/ca\/wp-json\/wp\/v2\/categories\/?post=5812"},{"taxonomy":"post_tag","embeddable":true,"href":"http:\/\/hestiafundacion.org\/ca\/wp-json\/wp\/v2\/tags\/?post=5812"}],"curies":[{"name":"wp","href":"https:\/\/api.w.org\/{rel}","templated":true}]}}